{"id":10032,"date":"2018-08-29T16:15:20","date_gmt":"2018-08-29T16:15:20","guid":{"rendered":"http:\/\/www.iceagetv.com\/radiosite\/?p=10032"},"modified":"2018-08-29T16:15:20","modified_gmt":"2018-08-29T16:15:20","slug":"radio-france-va-poursuivre-sa-politique-de-developpement-sur-tous-les-supports-numeriques-en-creant-un-bar-a-podcasts-et-un-accelerateur-didees","status":"publish","type":"post","link":"https:\/\/www.iceagetv.com\/radiosite\/radio-france-va-poursuivre-sa-politique-de-developpement-sur-tous-les-supports-numeriques-en-creant-un-bar-a-podcasts-et-un-accelerateur-didees\/","title":{"rendered":"Radio France va poursuivre sa politique de d\u00e9veloppement sur tous les supports num\u00e9riques en cr\u00e9ant un \u00ab\u00a0bar \u00e0 podcasts\u00a0\u00bb et un \u00ab\u00a0acc\u00e9l\u00e9rateur d&rsquo;id\u00e9es\u00a0\u00bb"},"content":{"rendered":"<p>\n\tRadio France va poursuivre sa politique de d&eacute;veloppement sur tous les supports num&eacute;riques (r&eacute;seaux sociaux, applis, podcasts, enceintes connect&eacute;es&#8230;) en cr&eacute;ant notamment un &quot;bar &agrave; podcasts&quot; et un &quot;acc&eacute;l&eacute;rateur d&#39;id&eacute;es&quot; dans la Maison de la radio, a annonc&eacute; sa pr&eacute;sidente Sibyle Veil.\n<\/p>\n<p>\n\tApr&egrave;s une saison 2017-2018 qui a permis &agrave; Radio France de &quot;confirmer sa place de 1er groupe radiophonique (&#8230;) avec pr&egrave;s de 14,5 millions d&#39;auditeurs par jour&quot;, Mme Veil a soulign&eacute; que le groupe allait poursuivre sa strat&eacute;gie visant &agrave; d&eacute;velopper les contenus destin&eacute;s aux plateformes num&eacute;riques. L&#39;innovation constitue selon elle &quot;la priorit&eacute; et la cl&eacute; pour construire la radio de demain&quot;, et permettra de continuer &agrave; rajeunir l&#39;audience des stations, a-t-elle plaid&eacute;, avant d&#39;&eacute;num&eacute;rer quelques projets en la mati&egrave;re. &quot;Pour favoriser encore davantage la cr&eacute;ativit&eacute; et l&#39;&eacute;mulation, nous installerons au coeur de la Maison de la radio un +bar &agrave; podcasts+&quot;, un espace qui permettra aux &eacute;quipes du groupe de &quot;tester et d&eacute;velopper leurs id&eacute;es&quot; a-t-elle annonc&eacute;. Le groupe poursuit en outre la cr&eacute;ation de podcasts &quot;natifs&quot;, c&#39;est-&agrave;-dire con&ccedil;us pour une diffusion exclusivement ou prioritairement num&eacute;rique.\n<\/p>\n<p>\n\tRadio France va &eacute;galement se doter en octobre d&#39;un &quot;acc&eacute;l&eacute;rateur d&#39;id&eacute;es pour mieux comprendre les auditeurs de demain&quot;, et va mettre en place des innovations technologiques pour am&eacute;liorer l&#39;&eacute;coute des auditeurs en mobilit&eacute; et aider la navigation entre ses diff&eacute;rentes stations et offres. &quot;La radio est l&#39;un des m&eacute;dias du futur et qui correspond le mieux aux besoins de demain en mati&egrave;re de mobilit&eacute;, libert&eacute; des usages et interactivit&eacute;&quot;, a-t-elle r&eacute;sum&eacute;. Mme Veil a par ailleurs confirm&eacute; que le groupe allait lancer &quot;en octobre&quot; une vaste consultation continue du public. Cet exercice, baptis&eacute; &quot;ma radio demain&quot; vise &agrave; renforcer le dialogue avec les auditeurs et &agrave; anticiper toujours plus l&#39;&eacute;volution des usages en mati&egrave;re de m&eacute;dias, &agrave; l&#39;heure o&ugrave; les supports d&#39;&eacute;coute se multiplient.<\/p>\n","protected":false},"excerpt":{"rendered":"<p>Radio France va poursuivre sa politique de d&eacute;veloppement sur tous les supports num&eacute;riques (r&eacute;seaux sociaux, applis, podcasts, enceintes connect&eacute;es&#8230;) en cr&eacute;ant notamment un &quot;bar &agrave; podcasts&quot; et un &quot;acc&eacute;l&eacute;rateur d&#39;id&eacute;es&quot; dans la Maison de la radio, a annonc&eacute; sa pr&eacute;sidente Sibyle Veil. Apr&egrave;s une saison 2017-2018 qui a permis &agrave; Radio France de &quot;confirmer sa [&hellip;]<\/p>\n","protected":false},"author":2,"featured_media":10033,"comment_status":"open","ping_status":"open","sticky":false,"template":"","format":"standard","meta":{"_jetpack_memberships_contains_paid_content":false,"footnotes":"","jetpack_publicize_message":"","jetpack_publicize_feature_enabled":true,"jetpack_social_post_already_shared":true,"jetpack_social_options":{"image_generator_settings":{"template":"highway","default_image_id":0,"font":"","enabled":false},"version":2},"_wpas_customize_per_network":false},"categories":[68],"tags":[887],"class_list":["post-10032","post","type-post","status-publish","format-standard","has-post-thumbnail","hentry","category-actu-culturelle","tag-radio-france"],"jetpack_publicize_connections":[],"jetpack_featured_media_url":"https:\/\/i0.wp.com\/www.iceagetv.com\/radiosite\/wp-content\/uploads\/2018\/08\/Radio-France.jpg?fit=628%2C287&ssl=1","jetpack_sharing_enabled":true,"_links":{"self":[{"href":"https:\/\/www.iceagetv.com\/radiosite\/wp-json\/wp\/v2\/posts\/10032","targetHints":{"allow":["GET"]}}],"collection":[{"href":"https:\/\/www.iceagetv.com\/radiosite\/wp-json\/wp\/v2\/posts"}],"about":[{"href":"https:\/\/www.iceagetv.com\/radiosite\/wp-json\/wp\/v2\/types\/post"}],"author":[{"embeddable":true,"href":"https:\/\/www.iceagetv.com\/radiosite\/wp-json\/wp\/v2\/users\/2"}],"replies":[{"embeddable":true,"href":"https:\/\/www.iceagetv.com\/radiosite\/wp-json\/wp\/v2\/comments?post=10032"}],"version-history":[{"count":1,"href":"https:\/\/www.iceagetv.com\/radiosite\/wp-json\/wp\/v2\/posts\/10032\/revisions"}],"predecessor-version":[{"id":10034,"href":"https:\/\/www.iceagetv.com\/radiosite\/wp-json\/wp\/v2\/posts\/10032\/revisions\/10034"}],"wp:featuredmedia":[{"embeddable":true,"href":"https:\/\/www.iceagetv.com\/radiosite\/wp-json\/wp\/v2\/media\/10033"}],"wp:attachment":[{"href":"https:\/\/www.iceagetv.com\/radiosite\/wp-json\/wp\/v2\/media?parent=10032"}],"wp:term":[{"taxonomy":"category","embeddable":true,"href":"https:\/\/www.iceagetv.com\/radiosite\/wp-json\/wp\/v2\/categories?post=10032"},{"taxonomy":"post_tag","embeddable":true,"href":"https:\/\/www.iceagetv.com\/radiosite\/wp-json\/wp\/v2\/tags?post=10032"}],"curies":[{"name":"wp","href":"https:\/\/api.w.org\/{rel}","templated":true}]}}