{"id":10045,"date":"2018-08-31T07:42:28","date_gmt":"2018-08-31T07:42:28","guid":{"rendered":"http:\/\/www.iceagetv.com\/radiosite\/?p=10045"},"modified":"2018-08-31T07:42:28","modified_gmt":"2018-08-31T07:42:28","slug":"que-sait-on-ce-matin-sur-les-accusations-de-viol-contre-gerard-depardieu-portees-par-une-jeune-actrice-dune-vingtaine-dannees","status":"publish","type":"post","link":"https:\/\/www.iceagetv.com\/radiosite\/que-sait-on-ce-matin-sur-les-accusations-de-viol-contre-gerard-depardieu-portees-par-une-jeune-actrice-dune-vingtaine-dannees\/","title":{"rendered":"Que sait-on ce matin sur les accusations de viol contre G\u00e9rard Depardieu port\u00e9es par une jeune actrice d&rsquo;une vingtaine d&rsquo;ann\u00e9es ?"},"content":{"rendered":"<p>\n\tLe point complet sur l&#39;affaire\n<\/p>\n<p>\n\tG&eacute;rard Depardieu est &agrave; son tour sous le coup d&#39;une enqu&ecirc;te pr&eacute;liminaire &agrave; Paris, accus&eacute; de viols et agressions sexuelles par une jeune com&eacute;dienne, des faits qu&#39;il &quot;conteste absolument&quot; selon son avocat.\n<\/p>\n<p>\n\tLa plainte contre l&#39;acteur a &eacute;t&eacute; d&eacute;pos&eacute;e lundi &agrave; la gendarmerie de Lambesc.Le parquet d&#39;Aix-en-Provence a imm&eacute;diatement ouvert une enqu&ecirc;te pr&eacute;liminaire avant de s&#39;en dessaisir mercredi au profit du parquet de Paris, selon une source judiciaire. La plaignante est &quot;une jeune com&eacute;dienne et danseuse &acirc;g&eacute;e d&#39;une vingtaine d&#39;ann&eacute;es&quot;.\n<\/p>\n<p>\n\tElle a expliqu&eacute; &quot;avoir &eacute;t&eacute; abus&eacute;e sexuellement &agrave; deux reprises par l&#39;acteur&quot;, &quot;en marge d&#39;une r&eacute;p&eacute;tition informelle pour une pi&egrave;ce de th&eacute;&acirc;tre&quot;, ajoute le quotidien. Les faits se seraient d&eacute;roul&eacute;s au domicile parisien de M. Depardieu, un h&ocirc;tel particulier, les 7 et 13 ao&ucirc;t, relate encore le journal.\n<\/p>\n<p>\n\t&quot;G&eacute;rard Depardieu conteste absolument toute agression, tout viol&quot;, a r&eacute;agi son avocat Me Herv&eacute; Temime aupr&egrave;s de l&#39;AFP. &quot;J&#39;ai &eacute;t&eacute; inform&eacute; par des journalistes d&egrave;s le 28 ao&ucirc;t&quot;, au lendemain du d&eacute;p&ocirc;t de plainte, &quot;ce qui est totalement anormal&quot;, s&#39;est indign&eacute; l&#39;avocat de ce monstre sacr&eacute; du cin&eacute;ma fran&ccedil;ais.\n<\/p>\n<p>\n\t&quot;Je regrette le caract&egrave;re public de cette proc&eacute;dure qui porte un pr&eacute;judice majeur &agrave; G&eacute;rard Depardieu, dont je suis convaincu que l&#39;innocence sera reconnue&quot;, a d&eacute;clar&eacute; Me Temime, appelant &agrave; &quot;un maximum de retenue et de mod&eacute;ration dans le respect du droit de toutes les parties&quot;. Dans le milieu du cin&eacute;ma, le r&eacute;alisateur Dominique Besnehard a &eacute;mis des doutes sur l&#39;accusation et apport&eacute; son soutien au com&eacute;dien, &quot;un personnage rabelaisien, baroque mais aussi attentionn&eacute;&quot;.\n<\/p>\n<p>\n\t&quot;&Agrave; quel moment ces apprenties com&eacute;diennes arrivistes vont elles cesser de prof&eacute;rer des accusations pour se faire conna&icirc;tre&quot;, se demande-t-il sur sa page Facebook. Cette plainte contre l&#39;acteur fran&ccedil;ais, l&#39;un des plus connus &agrave; l&#39;&eacute;tranger, intervient apr&egrave;s une s&eacute;rie d&#39;affaires ayant touch&eacute;, en premier lieu, des c&eacute;l&eacute;brit&eacute;s du monde du cin&eacute;ma dans le sillage de l&#39;affaire qui a vis&eacute; le producteur am&eacute;ricain Harvey Weinstein en octobre 2017.\n<\/p>\n<p>\n\tEn France, l&#39;acteur et metteur en sc&egrave;ne de th&eacute;&acirc;tre Philippe Caub&egrave;re a &eacute;t&eacute; vis&eacute; en avril par une enqu&ecirc;te apr&egrave;s la plainte pour viol d&#39;une com&eacute;dienne et ancienne militante Femen. Il d&eacute;ment l&#39;accusation et les investigations se poursuivent.\n<\/p>\n<p>\n\tLe r&eacute;alisateur Luc Besson est lui vis&eacute; depuis mai par une enqu&ecirc;te apr&egrave;s la plainte d&#39;une com&eacute;dienne et mannequin de 27 ans qui l&#39;accuse de l&#39;avoir viol&eacute;e dans un h&ocirc;tel &agrave; Paris.Je connais bien G&eacute;rard, c&#39;est impensable et impossible&quot;, a d&eacute;clar&eacute;&nbsp;sur Europe 1 Bertrand de Labbey, l&#39;agent de G&eacute;rard Depardieu.&nbsp;&quot;Compte tenu de tout ce que l&#39;on voit autour de nous, chacun tente sa chance quand il le peut d&egrave;s lors qu&#39;il s&#39;agit de personnes ayant une forte notori&eacute;t&eacute;&quot;, estime l&#39;agent. &quot;Je connais tr&egrave;s bien G&eacute;rard, c&#39;est impensable&quot;, insiste-t-il.&nbsp;\n<\/p>\n<p>\n\tBertrand de Labbey, qui a parl&eacute; avec le com&eacute;dien dans la matin&eacute;e, affirme que ce dernier ne semblait pas tourment&eacute; par cette affaire. &quot;Il &eacute;tait en train de tourner, il n&#39;avait pas l&#39;air perturb&eacute;, comme quelqu&#39;un qui sait que la personne tente sa chance. De son c&ocirc;t&eacute;,&nbsp;l&#39;acteur de 69 ans, &eacute;galement joint par RTL, parle d&#39;une&nbsp;information &quot;idiote&quot;.<\/p>\n","protected":false},"excerpt":{"rendered":"<p>Le point complet sur l&#39;affaire G&eacute;rard Depardieu est &agrave; son tour sous le coup d&#39;une enqu&ecirc;te pr&eacute;liminaire &agrave; Paris, accus&eacute; de viols et agressions sexuelles par une jeune com&eacute;dienne, des faits qu&#39;il &quot;conteste absolument&quot; selon son avocat. La plainte contre l&#39;acteur a &eacute;t&eacute; d&eacute;pos&eacute;e lundi &agrave; la gendarmerie de Lambesc.Le parquet d&#39;Aix-en-Provence a imm&eacute;diatement ouvert [&hellip;]<\/p>\n","protected":false},"author":2,"featured_media":10046,"comment_status":"open","ping_status":"open","sticky":false,"template":"","format":"standard","meta":{"_jetpack_memberships_contains_paid_content":false,"footnotes":"","jetpack_publicize_message":"","jetpack_publicize_feature_enabled":true,"jetpack_social_post_already_shared":true,"jetpack_social_options":{"image_generator_settings":{"template":"highway","default_image_id":0,"font":"","enabled":false},"version":2},"_wpas_customize_per_network":false},"categories":[405],"tags":[2517],"class_list":["post-10045","post","type-post","status-publish","format-standard","has-post-thumbnail","hentry","category-actu-france-monde","tag-accusations-de-viol-contre-gerard-depardieu"],"jetpack_publicize_connections":[],"jetpack_featured_media_url":"https:\/\/i0.wp.com\/www.iceagetv.com\/radiosite\/wp-content\/uploads\/2018\/08\/accusations-de-viol-contre-G%C3%A9rard-Depardieu.jpg?fit=750%2C324&ssl=1","jetpack_sharing_enabled":true,"_links":{"self":[{"href":"https:\/\/www.iceagetv.com\/radiosite\/wp-json\/wp\/v2\/posts\/10045","targetHints":{"allow":["GET"]}}],"collection":[{"href":"https:\/\/www.iceagetv.com\/radiosite\/wp-json\/wp\/v2\/posts"}],"about":[{"href":"https:\/\/www.iceagetv.com\/radiosite\/wp-json\/wp\/v2\/types\/post"}],"author":[{"embeddable":true,"href":"https:\/\/www.iceagetv.com\/radiosite\/wp-json\/wp\/v2\/users\/2"}],"replies":[{"embeddable":true,"href":"https:\/\/www.iceagetv.com\/radiosite\/wp-json\/wp\/v2\/comments?post=10045"}],"version-history":[{"count":1,"href":"https:\/\/www.iceagetv.com\/radiosite\/wp-json\/wp\/v2\/posts\/10045\/revisions"}],"predecessor-version":[{"id":10047,"href":"https:\/\/www.iceagetv.com\/radiosite\/wp-json\/wp\/v2\/posts\/10045\/revisions\/10047"}],"wp:featuredmedia":[{"embeddable":true,"href":"https:\/\/www.iceagetv.com\/radiosite\/wp-json\/wp\/v2\/media\/10046"}],"wp:attachment":[{"href":"https:\/\/www.iceagetv.com\/radiosite\/wp-json\/wp\/v2\/media?parent=10045"}],"wp:term":[{"taxonomy":"category","embeddable":true,"href":"https:\/\/www.iceagetv.com\/radiosite\/wp-json\/wp\/v2\/categories?post=10045"},{"taxonomy":"post_tag","embeddable":true,"href":"https:\/\/www.iceagetv.com\/radiosite\/wp-json\/wp\/v2\/tags?post=10045"}],"curies":[{"name":"wp","href":"https:\/\/api.w.org\/{rel}","templated":true}]}}