{"id":10064,"date":"2018-09-03T18:51:26","date_gmt":"2018-09-03T18:51:26","guid":{"rendered":"http:\/\/www.iceagetv.com\/radiosite\/?p=10064"},"modified":"2018-09-03T18:51:26","modified_gmt":"2018-09-03T18:51:26","slug":"colere-et-emotion-au-bresil-apres-lincendie-du-musee-emblematique-de-rio","status":"publish","type":"post","link":"https:\/\/www.iceagetv.com\/radiosite\/colere-et-emotion-au-bresil-apres-lincendie-du-musee-emblematique-de-rio\/","title":{"rendered":"Col\u00e8re et \u00e9motion au Br\u00e9sil apr\u00e8s l&rsquo;incendie du mus\u00e9e embl\u00e9matique de Rio"},"content":{"rendered":"<p>\n\tL&#39;un des plus anciens mus&eacute;es br&eacute;siliens a &eacute;t&eacute; d&eacute;vast&eacute; par les flammes dans la soir&eacute;e de dimanche. Le sinistre, qui ne semble avoir fait aucune victime, est qualifi&eacute; au Br&eacute;sil de &laquo;trag&eacute;die culturelle&raquo;. Le Mus&eacute;um d&#39;histoire naturelle fran&ccedil;ais d&eacute;plore l&#39;irr&eacute;parable perte caus&eacute;e par la catastrophe.\n<\/p>\n<p>\n\tManque de fonds, incurie des pouvoirs publics, protestations de chercheurs et d&#39;&eacute;tudiants devant le site calcin&eacute;: le gigantesque incendie du Mus&eacute;e National de Rio de Janeiro a provoqu&eacute; une vive pol&eacute;mique lundi au Br&eacute;sil. &laquo;Il ne suffit pas de pleurer. (&#8230;) Il faut que la population soit indign&eacute;e. Une partie de cette trag&eacute;die aurait pu &ecirc;tre &eacute;vit&eacute;e&raquo;, a d&eacute;clar&eacute; Alexandre Keller, directeur de mus&eacute;e, devant les d&eacute;combres fumants de l&#39;ancien palais imp&eacute;rial du XIXe si&egrave;cle.\n<\/p>\n<p>\n\t&laquo;Le gouvernement doit aider le mus&eacute;e &agrave; reconstruire son histoire&raquo;, a-t-il ajout&eacute;, pointant du doigt le manque de fonds allou&eacute;s &agrave; l&#39;entretien, en raison selon lui de coupes budg&eacute;taires. Une centaine d&#39;&eacute;tudiants et chercheurs li&eacute;s au mus&eacute;e, la plupart v&ecirc;tus de noir, &eacute;taient rassembl&eacute;s lundi matin devant l&#39;&eacute;difice, entre col&egrave;re et &eacute;motion, applaudissant d&egrave;s qu&#39;un objet &eacute;tait sorti des d&eacute;combres. Consid&eacute;r&eacute; comme le plus grand mus&eacute;e d&#39;histoire naturelle d&#39;Am&eacute;rique Latine, le Mus&eacute;e national, qui a f&ecirc;t&eacute; en juin son bicentenaire, abritait environ 20 millions de pi&egrave;ces de valeur inestimable et une biblioth&egrave;que de plus de 530.000 titres. Un des seuls vestiges pr&eacute;serv&eacute;s est l&#39;&eacute;norme m&eacute;t&eacute;orite de plus de cinq tonnes qui tr&ocirc;ne toujours devant l&#39;entr&eacute;e, d&eacute;sesp&eacute;r&eacute;ment seule au milieu des cendres et des murs calcin&eacute;s.La directrice g&eacute;n&eacute;rale de l&#39;Unesco, Audrey Azoulay, a d&eacute;plor&eacute; la &laquo;perte d&#39;un h&eacute;ritage culturel inestimable pour l&#39;humanit&eacute; toute enti&egrave;re&raquo;.\n<\/p>\n<p>\n\t&nbsp;\n<\/p>\n<p>\n\t&laquo;Perte incommensurable&raquo;\n<\/p>\n<p>\n\tApr&egrave;s avoir pass&eacute; une bonne partie de la nuit &agrave; combattre les flammes, les pompiers tentaient en matin&eacute;e de sauver ce qui pouvait l&#39;&ecirc;tre. L&#39;incendie, dont les causes n&#39;ont toujours pas &eacute;t&eacute; d&eacute;termin&eacute;es, a d&eacute;but&eacute; dimanche vers 19h30 locales (23h30 en France) et s&#39;est vite propag&eacute; dans les trois &eacute;tages de l&#39;&eacute;difice, dont la structure &eacute;tait surtout compos&eacute;e de bois et autres mat&eacute;riaux particuli&egrave;rement inflammables. &laquo;Nous allons proc&eacute;der avec beaucoup de pr&eacute;caution pour voir si nous arrivons &agrave; sauver quelque chose. Je ne sais pas encore si une salle a &eacute;t&eacute; pr&eacute;serv&eacute;e&raquo;, a expliqu&eacute; un porte-parole des pompiers.\n<\/p>\n<p>\n\t&nbsp;\n<\/p>\n<p>\n\t&laquo;Nous croyons que des objets gard&eacute;s dans un coffre au troisi&egrave;me &eacute;tage ont pu &ecirc;tre pr&eacute;serv&eacute;s&raquo;, a affirm&eacute; Gustavo Louren&ccedil;o, employ&eacute; du mus&eacute;e. Ant&ocirc;nio Gambine Moreira, responsable de la planification et des finances de l&#39;Universit&eacute; UFRJ, qui g&egrave;re le mus&eacute;e, a indiqu&eacute; que quelques pi&egrave;ces avaient pu &ecirc;tre r&eacute;cup&eacute;r&eacute;es au sous-sol. Mais il a soulign&eacute; qu&#39;il s&#39;agissait d&#39;une partie insignifiante au vu de tout ce qui a &eacute;t&eacute; d&eacute;truit, &eacute;voquant &laquo;une perte incommensurable&raquo;.\n<\/p>\n<p>\n\t&nbsp;\n<\/p>\n<p>\n\tParmi les pi&egrave;ces inestimables qui sont parties en fum&eacute;e, une collection &eacute;gyptienne, une autre d&#39;art et d&#39;art&eacute;facts gr&eacute;co-romains, des collections de pal&eacute;ontologie comprenant le squelette d&#39;un dinosaure trouv&eacute; dans la r&eacute;gion de Minas Gerais, ainsi que le plus ancien fossile humain d&eacute;couvert au Br&eacute;sil, connu sous le nom de &laquo;Luzia&raquo;. &laquo;Je suis venu dire au revoir&raquo;, a comment&eacute; sobrement un &eacute;tudiant, avant d&#39;enlacer un coll&egrave;gue, comme lui &eacute;mu aux larmes. &laquo;C&#39;est le Br&eacute;sil tout entier qui part en fum&eacute;e, c&#39;est une catastrophe indescriptible pour ceux qui d&eacute;fendent l&#39;histoire et la culture&raquo;, a d&eacute;clar&eacute; Valeria Rivera, technicienne de restauration, qui travaillait au mus&eacute;e depuis 2012.<\/p>\n","protected":false},"excerpt":{"rendered":"<p>L&#39;un des plus anciens mus&eacute;es br&eacute;siliens a &eacute;t&eacute; d&eacute;vast&eacute; par les flammes dans la soir&eacute;e de dimanche. Le sinistre, qui ne semble avoir fait aucune victime, est qualifi&eacute; au Br&eacute;sil de &laquo;trag&eacute;die culturelle&raquo;. Le Mus&eacute;um d&#39;histoire naturelle fran&ccedil;ais d&eacute;plore l&#39;irr&eacute;parable perte caus&eacute;e par la catastrophe. Manque de fonds, incurie des pouvoirs publics, protestations de chercheurs [&hellip;]<\/p>\n","protected":false},"author":2,"featured_media":10065,"comment_status":"open","ping_status":"open","sticky":false,"template":"","format":"standard","meta":{"_jetpack_memberships_contains_paid_content":false,"footnotes":"","jetpack_publicize_message":"","jetpack_publicize_feature_enabled":true,"jetpack_social_post_already_shared":true,"jetpack_social_options":{"image_generator_settings":{"template":"highway","default_image_id":0,"font":"","enabled":false},"version":2},"_wpas_customize_per_network":false},"categories":[405],"tags":[2523],"class_list":["post-10064","post","type-post","status-publish","format-standard","has-post-thumbnail","hentry","category-actu-france-monde","tag-colere-et-emotion-au-bresil-apres-lincendie-du-musee-emblematique-de-rio"],"jetpack_publicize_connections":[],"jetpack_featured_media_url":"https:\/\/i0.wp.com\/www.iceagetv.com\/radiosite\/wp-content\/uploads\/2018\/09\/Col%C3%A8re-et-%C3%A9motion-au-Br%C3%A9sil-apr%C3%A8s-lincendie-du-mus%C3%A9e-embl%C3%A9matique-de-Rio.jpg?fit=680%2C382&ssl=1","jetpack_sharing_enabled":true,"_links":{"self":[{"href":"https:\/\/www.iceagetv.com\/radiosite\/wp-json\/wp\/v2\/posts\/10064","targetHints":{"allow":["GET"]}}],"collection":[{"href":"https:\/\/www.iceagetv.com\/radiosite\/wp-json\/wp\/v2\/posts"}],"about":[{"href":"https:\/\/www.iceagetv.com\/radiosite\/wp-json\/wp\/v2\/types\/post"}],"author":[{"embeddable":true,"href":"https:\/\/www.iceagetv.com\/radiosite\/wp-json\/wp\/v2\/users\/2"}],"replies":[{"embeddable":true,"href":"https:\/\/www.iceagetv.com\/radiosite\/wp-json\/wp\/v2\/comments?post=10064"}],"version-history":[{"count":1,"href":"https:\/\/www.iceagetv.com\/radiosite\/wp-json\/wp\/v2\/posts\/10064\/revisions"}],"predecessor-version":[{"id":10066,"href":"https:\/\/www.iceagetv.com\/radiosite\/wp-json\/wp\/v2\/posts\/10064\/revisions\/10066"}],"wp:featuredmedia":[{"embeddable":true,"href":"https:\/\/www.iceagetv.com\/radiosite\/wp-json\/wp\/v2\/media\/10065"}],"wp:attachment":[{"href":"https:\/\/www.iceagetv.com\/radiosite\/wp-json\/wp\/v2\/media?parent=10064"}],"wp:term":[{"taxonomy":"category","embeddable":true,"href":"https:\/\/www.iceagetv.com\/radiosite\/wp-json\/wp\/v2\/categories?post=10064"},{"taxonomy":"post_tag","embeddable":true,"href":"https:\/\/www.iceagetv.com\/radiosite\/wp-json\/wp\/v2\/tags?post=10064"}],"curies":[{"name":"wp","href":"https:\/\/api.w.org\/{rel}","templated":true}]}}