{"id":10105,"date":"2018-09-08T09:05:11","date_gmt":"2018-09-08T09:05:11","guid":{"rendered":"http:\/\/www.iceagetv.com\/radiosite\/?p=10105"},"modified":"2018-09-08T09:05:11","modified_gmt":"2018-09-08T09:05:11","slug":"xenophobie-face-a-macron-melenchon-nassume-plus","status":"publish","type":"post","link":"https:\/\/www.iceagetv.com\/radiosite\/xenophobie-face-a-macron-melenchon-nassume-plus\/","title":{"rendered":"X\u00e9nophobie. Face \u00e0 Macron, M\u00e9lenchon n\u2019assume plus"},"content":{"rendered":"<p>\n\tEmmanuel Macron s&rsquo;est offert un bain de foule vendredi soir &agrave; Marseille &agrave; l&rsquo;issue de son d&icirc;ner avec la chanceli&egrave;re allemande Angela Merkel. Il a notamment crois&eacute; le leader de la France Insoumise, Jean-Luc M&eacute;lenchon, qui a eu du mal &agrave; assumer ses attaques du jour.\n<\/p>\n<p>\n\tEmmanuel Macron a pass&eacute; trois quarts d&rsquo;heure avec des Marseillais vendredi soir sur le Vieux-Port, r&eacute;pondant aux questions sur l&rsquo;affaire Benalla, le carri&eacute;risme des politiques ou les r&egrave;glements de compte et bavardant m&ecirc;me avec Jean-Luc M&eacute;lenchon&hellip; qui a eu un peu de mal &agrave; assumer ses attaques face au pr&eacute;sident de la R&eacute;publique.uste apr&egrave;s un d&icirc;ner avec la chanceli&egrave;re Angela Merkel non loin de l&agrave;, le chef de l&rsquo;Etat a d&eacute;cid&eacute; &agrave; l&rsquo;improviste de sortir pour un bain de foule, &agrave; la plus grande joie des passants qui se pressaient autour de lui dans une atmosph&egrave;re bon enfant.\n<\/p>\n<p>\n\tMultipliant les selfies, au milieu des cris de &laquo;&nbsp;Macron&nbsp;&raquo; ou &laquo;&nbsp;Manu&nbsp;&raquo; enthousiastes, il a argument&eacute; une dizaine de minutes avec un jeune homme qui accusait les politiques de carri&eacute;risme et lui demandait de s&rsquo;expliquer sur l&rsquo;affaire Benalla.\n<\/p>\n<p>\n\t&laquo;&nbsp;Plus grand x&eacute;nophobe qu&rsquo;on ait&nbsp;&raquo;\n<\/p>\n<p>\n\tAu cours de sa d&eacute;ambulation, Emmanuel Macron a rencontr&eacute; Jean-Luc M&eacute;lenchon avec qui il a bavard&eacute; quelques minutes en souriant. &laquo;&nbsp;J&rsquo;ai toujours du plaisir &agrave; discuter avec Monsieur M&eacute;lenchon.\n<\/p>\n<p>\n\tOn n&rsquo;a pas toujours les m&ecirc;mes id&eacute;es&nbsp;&raquo;&hellip; &laquo;Pas souvent&nbsp;&raquo;, a coup&eacute; le leader de la France Insoumise. &laquo;&nbsp;Mais c&rsquo;est toujours respectueux et int&eacute;ressant. On a des confrontations politiques mais ce n&rsquo;est pas mon ennemi&nbsp;&raquo;, a poursuivi le pr&eacute;sident. Petit moment de g&ecirc;ne pour le leader de la France insoumise quand un journaliste lui rappelle que l&rsquo;apr&egrave;s-midi m&ecirc;me il a trait&eacute; Emmanuel Macron de &laquo;&nbsp;plus grand x&eacute;nophobe qu&rsquo;on ait&nbsp;&raquo; au cours d&rsquo;une manifestation. Devant le pr&eacute;sident, le leader de la France Insoumise n&rsquo;assume plus ses propos et conclut par &laquo;&nbsp;peut-&ecirc;tre une l&eacute;g&egrave;re exag&eacute;ration marseillaise&hellip;&nbsp;&raquo; pour s&rsquo;en sortir.<\/p>\n","protected":false},"excerpt":{"rendered":"<p>Emmanuel Macron s&rsquo;est offert un bain de foule vendredi soir &agrave; Marseille &agrave; l&rsquo;issue de son d&icirc;ner avec la chanceli&egrave;re allemande Angela Merkel. Il a notamment crois&eacute; le leader de la France Insoumise, Jean-Luc M&eacute;lenchon, qui a eu du mal &agrave; assumer ses attaques du jour. Emmanuel Macron a pass&eacute; trois quarts d&rsquo;heure avec des [&hellip;]<\/p>\n","protected":false},"author":2,"featured_media":10106,"comment_status":"open","ping_status":"open","sticky":false,"template":"","format":"standard","meta":{"_jetpack_memberships_contains_paid_content":false,"footnotes":"","jetpack_publicize_message":"","jetpack_publicize_feature_enabled":true,"jetpack_social_post_already_shared":true,"jetpack_social_options":{"image_generator_settings":{"template":"highway","default_image_id":0,"font":"","enabled":false},"version":2},"_wpas_customize_per_network":false},"categories":[405],"tags":[2533],"class_list":["post-10105","post","type-post","status-publish","format-standard","has-post-thumbnail","hentry","category-actu-france-monde","tag-xenophobie"],"jetpack_publicize_connections":[],"jetpack_featured_media_url":"https:\/\/i0.wp.com\/www.iceagetv.com\/radiosite\/wp-content\/uploads\/2018\/09\/X%C3%A9nophobie.jpg?fit=540%2C270&ssl=1","jetpack_sharing_enabled":true,"_links":{"self":[{"href":"https:\/\/www.iceagetv.com\/radiosite\/wp-json\/wp\/v2\/posts\/10105","targetHints":{"allow":["GET"]}}],"collection":[{"href":"https:\/\/www.iceagetv.com\/radiosite\/wp-json\/wp\/v2\/posts"}],"about":[{"href":"https:\/\/www.iceagetv.com\/radiosite\/wp-json\/wp\/v2\/types\/post"}],"author":[{"embeddable":true,"href":"https:\/\/www.iceagetv.com\/radiosite\/wp-json\/wp\/v2\/users\/2"}],"replies":[{"embeddable":true,"href":"https:\/\/www.iceagetv.com\/radiosite\/wp-json\/wp\/v2\/comments?post=10105"}],"version-history":[{"count":1,"href":"https:\/\/www.iceagetv.com\/radiosite\/wp-json\/wp\/v2\/posts\/10105\/revisions"}],"predecessor-version":[{"id":10107,"href":"https:\/\/www.iceagetv.com\/radiosite\/wp-json\/wp\/v2\/posts\/10105\/revisions\/10107"}],"wp:featuredmedia":[{"embeddable":true,"href":"https:\/\/www.iceagetv.com\/radiosite\/wp-json\/wp\/v2\/media\/10106"}],"wp:attachment":[{"href":"https:\/\/www.iceagetv.com\/radiosite\/wp-json\/wp\/v2\/media?parent=10105"}],"wp:term":[{"taxonomy":"category","embeddable":true,"href":"https:\/\/www.iceagetv.com\/radiosite\/wp-json\/wp\/v2\/categories?post=10105"},{"taxonomy":"post_tag","embeddable":true,"href":"https:\/\/www.iceagetv.com\/radiosite\/wp-json\/wp\/v2\/tags?post=10105"}],"curies":[{"name":"wp","href":"https:\/\/api.w.org\/{rel}","templated":true}]}}