{"id":10251,"date":"2018-10-03T07:00:27","date_gmt":"2018-10-03T07:00:27","guid":{"rendered":"http:\/\/www.iceagetv.com\/radiosite\/?p=10251"},"modified":"2018-10-03T07:00:27","modified_gmt":"2018-10-03T07:00:27","slug":"redoine-faid-arrete-cette-nuit-dans-loise","status":"publish","type":"post","link":"https:\/\/www.iceagetv.com\/radiosite\/redoine-faid-arrete-cette-nuit-dans-loise\/","title":{"rendered":"Redoine Fa\u00efd arr\u00eat\u00e9 cette nuit dans l\u2019Oise"},"content":{"rendered":"<p>\n\tUne cinquantaine de policiers ont interpell&eacute; le fugitif, ainsi que son fr&egrave;re Rachid, deux de ses neveux et un autre complice.\n<\/p>\n<p>\n\tRedoine Fa&iuml;d a &eacute;t&eacute; arr&ecirc;t&eacute; ce matin, &agrave; 4 heures, &agrave; Creil, dans l&rsquo;Oise, la ville dont il est originaire et o&ugrave; vit sa famille. Il a &eacute;t&eacute; interpell&eacute; dans un appartement du quartier du Moulin, sur les hauteurs de Creil, avec son fr&egrave;re Rachid et un complice. L&rsquo;arrestation&nbsp;du braqueur en cavale depuis trois mois&nbsp;s&rsquo;est d&eacute;roul&eacute;e sans violence. Il a &eacute;t&eacute; transf&eacute;r&eacute; &agrave; la PJ de Nanterre.\n<\/p>\n<p>\n\tOutre Fa&iuml;d, les policiers ont interpell&eacute; au total deux de ses neveux, son fr&egrave;re Rachid et la personne qui l&rsquo;h&eacute;bergeait. D&rsquo;autres arrestations sont en cours sur une dizaine d&rsquo;objectifs cibl&eacute;s au d&eacute;part par l&rsquo;op&eacute;ration. Il s&rsquo;agirait de personnes qui ont apport&eacute; un soutien logistique au braqueur. Deux armes ont &eacute;t&eacute; retrouv&eacute;es par les policiers.Une cinquantaine de policiers &eacute;taient engag&eacute;s dans l&rsquo;op&eacute;ration, appartenant &agrave; la BRI nationale, aux BRI de Versailles et de Lille, et &agrave; la DCPJ. L&rsquo;interpellation a &eacute;t&eacute; rendue possible par un renseignement que les enqu&ecirc;teurs ont obtenu vendredi dernier, attestant de sa pr&eacute;sence &agrave; Creil.\n<\/p>\n<p>\n\tM&eacute;lissa, une voisine, a assist&eacute; &agrave; l&rsquo;intervention des forces de l&rsquo;ordre qui &laquo; a dur&eacute; m&ecirc;me pas une heure &raquo; comme elle l&rsquo;explique sur&nbsp;Europe 1&nbsp;: &laquo; J&rsquo;ai ouvert la fen&ecirc;tre et c&rsquo;est l&agrave; que j&rsquo;ai vu toutes les voitures de police et les hommes cagoul&eacute;s. &Ccedil;a s&rsquo;est fait absolument sans bruit &raquo;. Cette habitante d&eacute;crit ensuite l&rsquo;intervention polici&egrave;re : &laquo; Ils ont dit -on donne l&rsquo;assaut- et un peu plus tard c&rsquo;&eacute;tait fait &raquo;. Elle assure qu&rsquo;il n&rsquo;y a eu &laquo; aucun coup de feu, rien du tout &raquo;.\n<\/p>\n<p>\n\tIl n&rsquo;est pas rest&eacute; qu&rsquo;&agrave; Creil durant sa cavale\n<\/p>\n<p>\n\t&laquo; Fa&iuml;d n&rsquo;est pas rest&eacute; qu&rsquo;&agrave; Creil durant sa cavale, il a boug&eacute; et est revenu &raquo;, nous indique une source polici&egrave;re. &laquo; On savait qu&rsquo;on allait l&rsquo;avoir, il manquait juste la date. Cette interpellation a &eacute;t&eacute; permise apr&egrave;s l&rsquo;issue d&rsquo;un travail de PJ classique : renseignements, filatures, surveillances &raquo;, poursuit cette m&ecirc;me source.\n<\/p>\n<p>\n\tRedoine Fa&iuml;d,&nbsp;condamn&eacute; &agrave; 25 ans de prison&nbsp;pour un braquage avort&eacute;&nbsp;ayant co&ucirc;t&eacute; la vie &agrave; Aur&eacute;lie Fouquet, une polici&egrave;re municipale en 2010, s&rsquo;&eacute;tait &eacute;vad&eacute; le 1er&nbsp;juillet de la prison de R&eacute;au (Seine-et-Marne). Ce jour-l&agrave;, le d&eacute;tenu avait &eacute;t&eacute; aid&eacute; par des complices arm&eacute;s&nbsp;qui avaient utilis&eacute; un h&eacute;licopt&egrave;re apr&egrave;s avoir pris le pilote en otage.<\/p>\n","protected":false},"excerpt":{"rendered":"<p>Une cinquantaine de policiers ont interpell&eacute; le fugitif, ainsi que son fr&egrave;re Rachid, deux de ses neveux et un autre complice. Redoine Fa&iuml;d a &eacute;t&eacute; arr&ecirc;t&eacute; ce matin, &agrave; 4 heures, &agrave; Creil, dans l&rsquo;Oise, la ville dont il est originaire et o&ugrave; vit sa famille. Il a &eacute;t&eacute; interpell&eacute; dans un appartement du quartier [&hellip;]<\/p>\n","protected":false},"author":2,"featured_media":10252,"comment_status":"open","ping_status":"open","sticky":false,"template":"","format":"standard","meta":{"_jetpack_memberships_contains_paid_content":false,"footnotes":"","jetpack_publicize_message":"","jetpack_publicize_feature_enabled":true,"jetpack_social_post_already_shared":true,"jetpack_social_options":{"image_generator_settings":{"template":"highway","default_image_id":0,"font":"","enabled":false},"version":2},"_wpas_customize_per_network":false},"categories":[405],"tags":[2576],"class_list":["post-10251","post","type-post","status-publish","format-standard","has-post-thumbnail","hentry","category-actu-france-monde","tag-redoine-faid"],"jetpack_publicize_connections":[],"jetpack_featured_media_url":"https:\/\/i0.wp.com\/www.iceagetv.com\/radiosite\/wp-content\/uploads\/2018\/10\/Redoine-Fa%C3%AFd.jpg?fit=1000%2C625&ssl=1","jetpack_sharing_enabled":true,"_links":{"self":[{"href":"https:\/\/www.iceagetv.com\/radiosite\/wp-json\/wp\/v2\/posts\/10251","targetHints":{"allow":["GET"]}}],"collection":[{"href":"https:\/\/www.iceagetv.com\/radiosite\/wp-json\/wp\/v2\/posts"}],"about":[{"href":"https:\/\/www.iceagetv.com\/radiosite\/wp-json\/wp\/v2\/types\/post"}],"author":[{"embeddable":true,"href":"https:\/\/www.iceagetv.com\/radiosite\/wp-json\/wp\/v2\/users\/2"}],"replies":[{"embeddable":true,"href":"https:\/\/www.iceagetv.com\/radiosite\/wp-json\/wp\/v2\/comments?post=10251"}],"version-history":[{"count":1,"href":"https:\/\/www.iceagetv.com\/radiosite\/wp-json\/wp\/v2\/posts\/10251\/revisions"}],"predecessor-version":[{"id":10253,"href":"https:\/\/www.iceagetv.com\/radiosite\/wp-json\/wp\/v2\/posts\/10251\/revisions\/10253"}],"wp:featuredmedia":[{"embeddable":true,"href":"https:\/\/www.iceagetv.com\/radiosite\/wp-json\/wp\/v2\/media\/10252"}],"wp:attachment":[{"href":"https:\/\/www.iceagetv.com\/radiosite\/wp-json\/wp\/v2\/media?parent=10251"}],"wp:term":[{"taxonomy":"category","embeddable":true,"href":"https:\/\/www.iceagetv.com\/radiosite\/wp-json\/wp\/v2\/categories?post=10251"},{"taxonomy":"post_tag","embeddable":true,"href":"https:\/\/www.iceagetv.com\/radiosite\/wp-json\/wp\/v2\/tags?post=10251"}],"curies":[{"name":"wp","href":"https:\/\/api.w.org\/{rel}","templated":true}]}}