{"id":10292,"date":"2018-10-08T16:27:14","date_gmt":"2018-10-08T16:27:14","guid":{"rendered":"http:\/\/www.iceagetv.com\/radiosite\/?p=10292"},"modified":"2018-10-08T16:27:14","modified_gmt":"2018-10-08T16:27:14","slug":"le-gouvernement-teste-lidee-dune-retraite-a-taux-plein-a-63-ans","status":"publish","type":"post","link":"https:\/\/www.iceagetv.com\/radiosite\/le-gouvernement-teste-lidee-dune-retraite-a-taux-plein-a-63-ans\/","title":{"rendered":"Le gouvernement teste l&rsquo;id\u00e9e d&rsquo;une retraite \u00e0 taux plein \u00e0 63 ans"},"content":{"rendered":"<h2>\n\tSans toucher &agrave; l&#39;&acirc;ge l&eacute;gal de d&eacute;part &agrave; la retraite fix&eacute; &agrave; 62 ans, l&#39;ex&eacute;cutif avance la piste d&#39;un an de travail suppl&eacute;mentaire pour partir avec une pension sans d&eacute;cote. Objectif&nbsp;: inciter les Fran&ccedil;ais &agrave; travailler plus longtemps.Faire travailler les Fran&ccedil;ais plus longtemps sans toucher &agrave; l&rsquo;&acirc;ge l&eacute;gal de d&eacute;part &agrave; la retraite ou la dur&eacute;e de cotisations ? Le gouvernement, selon&nbsp;<a href=\"https:\/\/www.lesechos.fr\/economie-france\/social\/0302359505946-reforme-des-retraites-un-age-pivot-a-letude-pour-retarder-les-departs-2211713.php\" target=\"_blank\"><em>les Echos<\/em><\/a>&nbsp;et&nbsp;<a href=\"https:\/\/abonnes.lemonde.fr\/politique\/article\/2018\/10\/08\/l-instauration-d-un-age-pivot-une-piste-de-reflexion-tres-sensible_5366222_823448.html\" target=\"_blank\"><em>le Monde<\/em><\/a>, aurait une nouvelle id&eacute;e&nbsp;: instaurer un &laquo;&acirc;ge-pivot&raquo; &agrave;&hellip; 63 ans. D&rsquo;apr&egrave;s les deux quotidiens, le haut-commissaire charg&eacute; de la r&eacute;forme des retraites, Jean-Paul Delevoye, doit exposer, ce mercredi aux partenaires sociaux, cette solution&nbsp;pouvant &ecirc;tre int&eacute;gr&eacute;e l&rsquo;an prochain au grand big bang des retraites. Emmanuel Macron s&rsquo;&eacute;tant engag&eacute; durant la campagne pr&eacute;sidentielle &agrave; instaurer un syst&egrave;me universel par points et ne pas reculer l&rsquo;&acirc;ge de d&eacute;part &agrave; la retraite, fix&eacute; &agrave; 62 ans depuis 2017, cr&eacute;er un &laquo;&acirc;ge-pivot&raquo; un an apr&egrave;s cet &acirc;ge l&eacute;gal obligerait ceux qui veulent partir avec une retraite &agrave; taux plein &agrave; travailler plus longtemps. Explications.<br \/>\n<\/h2>\n<p>\n\tAujourd&rsquo;hui, pour partir avec la totalit&eacute; de sa retraite, il faut non seulement attendre 62 ans (sauf pour ceux qui ont commenc&eacute; &agrave; travailler jeune, ont un handicap ou eu une carri&egrave;re p&eacute;nible) mais surtout avoir cotis&eacute; entre 40 et 43 annuit&eacute;s (160&nbsp;&agrave; 172 trimestres) selon son ann&eacute;e de naissance. Demain, si le gouvernement applique cette id&eacute;e, une personne remplissant ces m&ecirc;mes conditions devra travailler un an de plus pour partir avec toute sa retraite. Certes, elle pourra toujours s&rsquo;en aller mais subira alors une &laquo;d&eacute;cote&raquo; de sa pension. Comme c&rsquo;est d&eacute;j&agrave;, par exemple, le cas aujourd&rsquo;hui lorsque quelqu&rsquo;un se retire de la vie active sans avoir tous ses trimestres de cotisations (perte de 5% par ann&eacute;e). Pour pouvoir partir sans d&eacute;cote malgr&eacute; un manque de trimestres cotis&eacute;s, il faut aujourd&rsquo;hui travailler jusqu&rsquo;&agrave; 67 ans. A l&rsquo;inverse, si une personne bosse plus longtemps, elle gagne une &laquo;surcote&raquo; sur le montant de sa future pension.\n<\/p>\n<h3>\n\tM&ecirc;me la CFDT est contre<br \/>\n<\/h3>\n<p>\n\tCette solution de l&rsquo;&laquo;&acirc;ge-pivot&raquo; pla&icirc;t beaucoup au Medef. L&rsquo;organisation patronale aimerait m&ecirc;me qu&rsquo;un d&eacute;part &agrave; taux plein ne puisse se faire avant 64 ou 65 ans. En 2015, ses repr&eacute;sentants avaient r&eacute;ussi &agrave; inscrire ce m&eacute;canisme dans l&rsquo;accord Agirc-Arrco. Depuis, un salari&eacute; du priv&eacute; touche ainsi sa compl&eacute;mentaire retraite &agrave; taux plein s&rsquo;il attend 63 ans. S&rsquo;il part avant, il subit une d&eacute;cote de 10% pendant trois ans. S&rsquo;il part apr&egrave;s, il b&eacute;n&eacute;ficie d&rsquo;un bonus de 10% &agrave; 30% selon le nombre d&rsquo;ann&eacute;es suppl&eacute;mentaires travaill&eacute;es.\n<\/p>\n<p>\n\tC&ocirc;t&eacute; syndicats, on refuse cat&eacute;goriquement que le mod&egrave;le des compl&eacute;mentaires soit transpos&eacute; au r&eacute;gime g&eacute;n&eacute;ral.&nbsp;<em>&laquo;Il faut que l&rsquo;&acirc;ge de d&eacute;part &agrave; la retraite reste &agrave; 62 ans, il faut que ce soit &quot;je cotise et je re&ccedil;ois&quot; dans les param&egrave;tres actuels et on am&eacute;liore &agrave; l&rsquo;int&eacute;rieur des param&egrave;tres<\/em>, a lanc&eacute; Laurent Berger, le secr&eacute;taire g&eacute;n&eacute;ral de la CFDT,&nbsp;<a href=\"https:\/\/www.bfmtv.com\/mediaplayer\/video\/laurent-berger-face-a-jean-jacques-bourdin-en-direct-1107225.html\" target=\"_blank\">lundi matin sur RMC-BFM&nbsp;TV<\/a>.&nbsp;<em>Tous ceux qui ont dans la t&ecirc;te un &eacute;l&eacute;ment param&eacute;trique, c&rsquo;est-&agrave;-dire qu&rsquo;on veut jouer sur l&rsquo;&acirc;ge dans cette r&eacute;forme, auront l&rsquo;opposition de la CFDT. C&rsquo;est clair et net.&raquo;<\/em>&nbsp;M&ecirc;me tir de barrage &agrave; Force ouvri&egrave;re&nbsp;:&nbsp;<em>&laquo;Si, aujourd&rsquo;hui, on passait d&rsquo;un &acirc;ge l&eacute;gal de 62 ans &agrave; 63 ans, on aurait &agrave; peu pr&egrave;s 40% de la population qui partirait avec une d&eacute;cote&raquo;<\/em>, a pr&eacute;venu Pascal Pavageau, son num&eacute;ro&nbsp;1,&nbsp;<a href=\"https:\/\/www.franceinter.fr\/emissions\/l-invite-de-8h20-le-grand-entretien\/l-invite-de-8h20-le-grand-entretien-08-octobre-2018\" target=\"_blank\">sur France Inter<\/a>, critiquant au passage le syst&egrave;me par points souhait&eacute; par Emmanuel Macron,&nbsp;<em>&laquo;une individualisation, un changement de philosophie avec une logique o&ugrave; il faut rechercher des points tout au long de sa vie&raquo;.<\/em>&nbsp;<em>&laquo;Aujourd&rsquo;hui, chaque trimestre o&ugrave; je travaille, je gagne des droits &agrave; la retraite ; demain, chaque minute o&ugrave; je ne travaille pas, je perds des points. La retraite par points, finalement, c&rsquo;est du travail sans fin&raquo;<\/em>, a fustig&eacute; Pavageau. La pr&eacute;sentation de la r&eacute;forme des retraites est pr&eacute;vue d&eacute;but 2019.<\/p>\n","protected":false},"excerpt":{"rendered":"<p>Sans toucher &agrave; l&#39;&acirc;ge l&eacute;gal de d&eacute;part &agrave; la retraite fix&eacute; &agrave; 62 ans, l&#39;ex&eacute;cutif avance la piste d&#39;un an de travail suppl&eacute;mentaire pour partir avec une pension sans d&eacute;cote. Objectif&nbsp;: inciter les Fran&ccedil;ais &agrave; travailler plus longtemps.Faire travailler les Fran&ccedil;ais plus longtemps sans toucher &agrave; l&rsquo;&acirc;ge l&eacute;gal de d&eacute;part &agrave; la retraite ou la [&hellip;]<\/p>\n","protected":false},"author":2,"featured_media":10293,"comment_status":"open","ping_status":"open","sticky":false,"template":"","format":"standard","meta":{"_jetpack_memberships_contains_paid_content":false,"footnotes":"","jetpack_publicize_message":"","jetpack_publicize_feature_enabled":true,"jetpack_social_post_already_shared":true,"jetpack_social_options":{"image_generator_settings":{"template":"highway","default_image_id":0,"font":"","enabled":false},"version":2},"_wpas_customize_per_network":false},"categories":[405],"tags":[2588],"class_list":["post-10292","post","type-post","status-publish","format-standard","has-post-thumbnail","hentry","category-actu-france-monde","tag-le-gouvernement-teste-lidee-dune-retraite-a-taux-plein-a-63-ans"],"jetpack_publicize_connections":[],"jetpack_featured_media_url":"https:\/\/i0.wp.com\/www.iceagetv.com\/radiosite\/wp-content\/uploads\/2018\/10\/Le-gouvernement-teste-lid%C3%A9e-dune-retraite-%C3%A0-taux-plein-%C3%A0-63-ans.jpg?fit=960%2C639&ssl=1","jetpack_sharing_enabled":true,"_links":{"self":[{"href":"https:\/\/www.iceagetv.com\/radiosite\/wp-json\/wp\/v2\/posts\/10292","targetHints":{"allow":["GET"]}}],"collection":[{"href":"https:\/\/www.iceagetv.com\/radiosite\/wp-json\/wp\/v2\/posts"}],"about":[{"href":"https:\/\/www.iceagetv.com\/radiosite\/wp-json\/wp\/v2\/types\/post"}],"author":[{"embeddable":true,"href":"https:\/\/www.iceagetv.com\/radiosite\/wp-json\/wp\/v2\/users\/2"}],"replies":[{"embeddable":true,"href":"https:\/\/www.iceagetv.com\/radiosite\/wp-json\/wp\/v2\/comments?post=10292"}],"version-history":[{"count":1,"href":"https:\/\/www.iceagetv.com\/radiosite\/wp-json\/wp\/v2\/posts\/10292\/revisions"}],"predecessor-version":[{"id":10294,"href":"https:\/\/www.iceagetv.com\/radiosite\/wp-json\/wp\/v2\/posts\/10292\/revisions\/10294"}],"wp:featuredmedia":[{"embeddable":true,"href":"https:\/\/www.iceagetv.com\/radiosite\/wp-json\/wp\/v2\/media\/10293"}],"wp:attachment":[{"href":"https:\/\/www.iceagetv.com\/radiosite\/wp-json\/wp\/v2\/media?parent=10292"}],"wp:term":[{"taxonomy":"category","embeddable":true,"href":"https:\/\/www.iceagetv.com\/radiosite\/wp-json\/wp\/v2\/categories?post=10292"},{"taxonomy":"post_tag","embeddable":true,"href":"https:\/\/www.iceagetv.com\/radiosite\/wp-json\/wp\/v2\/tags?post=10292"}],"curies":[{"name":"wp","href":"https:\/\/api.w.org\/{rel}","templated":true}]}}