{"id":10408,"date":"2018-10-15T18:23:52","date_gmt":"2018-10-15T18:23:52","guid":{"rendered":"http:\/\/www.iceagetv.com\/radiosite\/?p=10408"},"modified":"2018-10-15T18:23:58","modified_gmt":"2018-10-15T18:23:58","slug":"intemperies-dans-laude-le-bilan-passe-a-douze-morts-annonce-la-securite-civile","status":"publish","type":"post","link":"https:\/\/www.iceagetv.com\/radiosite\/intemperies-dans-laude-le-bilan-passe-a-douze-morts-annonce-la-securite-civile\/","title":{"rendered":"Intemp\u00e9ries dans l&rsquo;Aude : le bilan passe \u00e0 douze morts, annonce la S\u00e9curit\u00e9 civile"},"content":{"rendered":"\n<p>Le bilan des\u00a0<a href=\"https:\/\/www.francetvinfo.fr\/meteo\/inondations\/inondations-dans-l-aude\/\" target=\"_blank\" rel=\"noreferrer noopener\">intemp\u00e9ries dans l&rsquo;Aude<\/a>\u00a0s&rsquo;est encore alourdi, lundi 15 octobre en d\u00e9but de soir\u00e9e. Il est d\u00e9sormais d&rsquo;au moins 12 morts, selon la S\u00e9curit\u00e9 civile d\u00e9partement. Le Premier ministre et ministre de l&rsquo;Int\u00e9rieur par int\u00e9rim Edouard Philippe s&rsquo;est rendu aupr\u00e8s des sinistr\u00e9s \u00e0\u00a0Villegailhenc.\u00a0Quant \u00e0 Emmanuel Macron, il a fait savoir qu&rsquo;il se d\u00e9placerait dans le d\u00e9partement\u00a0<em>\u00ab\u00a0d\u00e8s que possible\u00a0\u00bb<\/em>\u00a0et que le remaniement gouvernemental ne serait pas annonc\u00e9 lundi, pour\u00a0donner la priorit\u00e9 au secours des victimes.\u00a0<\/p>\n\n\n\n<p>\u00a0<strong>Douze m<\/strong><strong>orts dans l&rsquo;Aude.<\/strong>\u00a0Les autorit\u00e9s ont annonc\u00e9, en fin d&rsquo;apr\u00e8s-midi, que les terribles inondations de la nuit derni\u00e8re avaient fait au moins douze victimes. Selon France 3, sept personnes sont mortes \u00e0\u00a0Tr\u00e8bes, deux \u00e0\u00a0Villegailhenc, une \u00e0 Villalier, une \u00e0 Villardonel et une \u00e0 Carcassonne.\u00a0Huit\u00a0bless\u00e9s graves sont aussi \u00e0 d\u00e9plorer, et une personne est port\u00e9e disparue.\u00a0Cinq\u00a0h\u00e9licopt\u00e8res sont mobilis\u00e9s dans le d\u00e9partement pour la reconnaissance des zones sinistr\u00e9es et le sauvetage des personnes.\u00a0<\/p>\n\n\n\n<p>\u00a0<strong>Pas d&rsquo;\u00e9cole mardi<\/strong><strong>.<\/strong>\u00a0La pr\u00e9fecture de l&rsquo;Aude annonce que les \u00e9tablissements scolaires resteront ferm\u00e9s mardi 16 octobre, comme ce fut le cas lundi.<\/p>\n\n\n\n<p>\u00a0<strong>Les assureurs sollicit\u00e9s.<\/strong>\u00a0<em>\u00ab\u00a0Nous avons pris contact avec la F\u00e9d\u00e9ration fran\u00e7aise des soci\u00e9t\u00e9s d&rsquo;assurance et nous lui avons indiqu\u00e9 combien il \u00e9tait n\u00e9cessaire que les indemnisations des particuliers puissent \u00eatre les plus rapides possibles\u00a0\u00bb<\/em>, a indiqu\u00e9 Edouard Philippe pendant sa visite dans l&rsquo;Aude. Il a promis une\u00a0<em>\u00ab\u00a0proc\u00e9dure de catastrophe naturelle acc\u00e9l\u00e9r\u00e9e\u00a0\u00bb<\/em>.<\/p>\n\n\n\n<p>\u00a0<strong>L&rsquo;Aude en vigilance rouge, trois d\u00e9partements en orange.<\/strong>L&rsquo;Aude est plac\u00e9e par M\u00e9t\u00e9o France en vigilance rouge et les Pyr\u00e9n\u00e9es-Orientales en orange en raison des risques d&rsquo;inondations et de crues.\u00a0L&rsquo;H\u00e9rault est en vigilance orange \u00ab\u00a0pluie-inondation\u00a0\u00bb et \u00ab\u00a0crue\u00a0\u00bb. L&rsquo;Aveyron est en vigilance orange \u00ab\u00a0pluie-inondation\u00a0\u00bb.<\/p>\n\n\n\n<p><strong>L&rsquo;\u00e9quivalent de trois mois de pr\u00e9cipitations.<\/strong>\u00a0<em>\u00ab\u00a0Les pr\u00e9cipitations sont qualifi\u00e9es d&rsquo;exceptionnelles et ont g\u00e9n\u00e9r\u00e9 localement l&rsquo;\u00e9quivalent de trois mois de pluie concentr\u00e9es sur quelques heures\u00a0\u00bb<\/em>, a indiqu\u00e9 l&rsquo;Int\u00e9rieur. Lundi matin, M\u00e9t\u00e9o France s&rsquo;attendait \u00e0 atteindre\u00a0<em>\u00ab\u00a0plus de 300\u00a0mm de pr\u00e9cipitations sur l&rsquo;ensemble de l&rsquo;\u00e9pisode\u00a0\u00bb<\/em>,\u00a0soit\u00a0<em>\u00ab\u00a0l&rsquo;\u00e9quivalent de 3 \u00e0 4 mois de pr\u00e9cipitations. Le dernier \u00e9pisode de cette intensit\u00e9 date de 1996.\u00a0\u00bb<\/em><\/p>\n\n\n\n<p><em>On voyait passer des bagnoles partout dans les flots. C&rsquo;est inimaginable. Je ne pensais pas que cela puisse exister, un truc pareil, aussi rapide surtout.<\/em><em>\u00ab\u00a0<\/em><\/p>\n\n\n\n<p>G\u00e9rard, habitant de Villegailhenc, a \u00e0 peine eu le temps de\u00a0<a href=\"https:\/\/www.francetvinfo.fr\/meteo\/inondations\/inondations-dans-l-aude\/recit-j-ai-fait-un-trou-dans-le-plafond-et-je-suis-monte-dans-les-combles-des-habitants-de-l-aude-racontent-la-nuit-ou-une-vague-a-submerge-leurs-villages_2987275.html\" target=\"_blank\" rel=\"noreferrer noopener\">monter \u00e0 l&rsquo;\u00e9tage de sa maison<\/a>.\n\n<\/p>\n\n\n\n<p><em><\/em><\/p>\n\n\n\n<p>LE LI<br\/><\/p>\n","protected":false},"excerpt":{"rendered":"<p>Le bilan des\u00a0intemp\u00e9ries dans l&rsquo;Aude\u00a0s&rsquo;est encore alourdi, lundi 15 octobre en d\u00e9but de soir\u00e9e. Il est d\u00e9sormais d&rsquo;au moins 12 morts, selon la S\u00e9curit\u00e9 civile d\u00e9partement. Le Premier ministre et ministre de l&rsquo;Int\u00e9rieur par int\u00e9rim Edouard Philippe s&rsquo;est rendu aupr\u00e8s des sinistr\u00e9s \u00e0\u00a0Villegailhenc.\u00a0Quant \u00e0 Emmanuel Macron, il a fait savoir qu&rsquo;il se d\u00e9placerait dans le [&hellip;]<\/p>\n","protected":false},"author":2,"featured_media":10409,"comment_status":"open","ping_status":"open","sticky":false,"template":"","format":"standard","meta":{"_jetpack_memberships_contains_paid_content":false,"footnotes":"","jetpack_publicize_message":"","jetpack_publicize_feature_enabled":true,"jetpack_social_post_already_shared":true,"jetpack_social_options":{"image_generator_settings":{"template":"highway","default_image_id":0,"font":"","enabled":false},"version":2},"_wpas_customize_per_network":false},"categories":[405],"tags":[],"class_list":["post-10408","post","type-post","status-publish","format-standard","has-post-thumbnail","hentry","category-actu-france-monde"],"jetpack_publicize_connections":[],"jetpack_featured_media_url":"https:\/\/i0.wp.com\/www.iceagetv.com\/radiosite\/wp-content\/uploads\/2018\/10\/ntemp%C3%A9ries-dans-lAude.jpg?fit=770%2C433&ssl=1","jetpack_sharing_enabled":true,"_links":{"self":[{"href":"https:\/\/www.iceagetv.com\/radiosite\/wp-json\/wp\/v2\/posts\/10408","targetHints":{"allow":["GET"]}}],"collection":[{"href":"https:\/\/www.iceagetv.com\/radiosite\/wp-json\/wp\/v2\/posts"}],"about":[{"href":"https:\/\/www.iceagetv.com\/radiosite\/wp-json\/wp\/v2\/types\/post"}],"author":[{"embeddable":true,"href":"https:\/\/www.iceagetv.com\/radiosite\/wp-json\/wp\/v2\/users\/2"}],"replies":[{"embeddable":true,"href":"https:\/\/www.iceagetv.com\/radiosite\/wp-json\/wp\/v2\/comments?post=10408"}],"version-history":[{"count":1,"href":"https:\/\/www.iceagetv.com\/radiosite\/wp-json\/wp\/v2\/posts\/10408\/revisions"}],"predecessor-version":[{"id":10410,"href":"https:\/\/www.iceagetv.com\/radiosite\/wp-json\/wp\/v2\/posts\/10408\/revisions\/10410"}],"wp:featuredmedia":[{"embeddable":true,"href":"https:\/\/www.iceagetv.com\/radiosite\/wp-json\/wp\/v2\/media\/10409"}],"wp:attachment":[{"href":"https:\/\/www.iceagetv.com\/radiosite\/wp-json\/wp\/v2\/media?parent=10408"}],"wp:term":[{"taxonomy":"category","embeddable":true,"href":"https:\/\/www.iceagetv.com\/radiosite\/wp-json\/wp\/v2\/categories?post=10408"},{"taxonomy":"post_tag","embeddable":true,"href":"https:\/\/www.iceagetv.com\/radiosite\/wp-json\/wp\/v2\/tags?post=10408"}],"curies":[{"name":"wp","href":"https:\/\/api.w.org\/{rel}","templated":true}]}}