{"id":10414,"date":"2018-10-20T12:57:31","date_gmt":"2018-10-20T12:57:31","guid":{"rendered":"http:\/\/www.iceagetv.com\/radiosite\/?p=10414"},"modified":"2018-10-20T12:57:39","modified_gmt":"2018-10-20T12:57:39","slug":"pour-jean-luc-melenchon-une-semaine-hors-du-commun","status":"publish","type":"post","link":"https:\/\/www.iceagetv.com\/radiosite\/pour-jean-luc-melenchon-une-semaine-hors-du-commun\/","title":{"rendered":"Pour Jean-Luc M\u00e9lenchon, une semaine hors du commun"},"content":{"rendered":"\n<p>Incroyable : ce mot d\u00e9finit \u00e0 merveille la semaine de Jean-Luc M\u00e9lenchon. Il s\u2019est retrouv\u00e9 au centre de l\u2019actualit\u00e9, des regards, des pol\u00e9miques, apr\u00e8s un r\u00e9veil forc\u00e9\u00a0: mardi matin, une quinzaine de personnes, membres ou proches de la galaxie insoumise, ont \u00e9t\u00e9 perquisitionn\u00e9es dans le cadre de deux enqu\u00eates pr\u00e9liminaires ouvertes par le parquet de Paris. La premi\u00e8re concerne de pr\u00e9sum\u00e9s emplois fictifs d\u2019assistants parlementaires europ\u00e9ens. La seconde porte sur les comptes de campagne pendant la pr\u00e9sidentielle. L\u2019ancien candidat \u00e0 la pr\u00e9sidentielle &#8211; persuad\u00e9 que c\u2019est un coup organis\u00e9 par le pouvoir pour l\u2019affaiblir lui et son mouvement -, r\u00e9fute les accusations, contre attaque et pr\u00e9vient\u00a0:\u00a0<em>\u00abOn ne baissera pas les yeux.\u00bb<\/em><\/p>\n\n\n\n<h3 class=\"wp-block-heading\"><strong>Mardi, 10h45<\/strong>\u00a0:\u00a0<em>\u00abEnfoncez la porte, camarades\u00a0!\u00bb<\/em><\/h3>\n\n\n\n<p>Jean-Luc M\u00e9lenchon marche \u00e0 grands pas sur la rue de Dunkerque (Paris Xe). Le regard sombre. La t\u00eate des mauvais jours. Il s\u2019arr\u00eate un tout petit instant devant le num\u00e9ro 43, l\u2019immeuble o\u00f9 se situe le si\u00e8ge de La France insoumise (LFI). Le d\u00e9put\u00e9 guette ses troupes. Avec un grand geste de la main, il l\u00e2che\u00a0:\u00a0<em>\u00abOn y va ! Personne ne pourra m\u2019emp\u00eacher de rentrer chez moi !\u00bb<\/em>\u00a0Il grimpe les escaliers, sa bande l\u2019entoure. Au premier \u00e9tage, deux policiers en civil sont post\u00e9s devant la porte. Ils font barrage, le ton monte. On suit les aventures de Jean-Luc M\u00e9lenchon depuis bient\u00f4t quatre ans\u00a0: jamais on ne l\u2019avait vu dans cet \u00e9tat. Aucune mise en sc\u00e8ne, de la col\u00e8re dans le regard et dans les mots.\u00a0<em>\u00abEnfoncez la porte, camarades\u00a0!\u00bb,<\/em>\u00a0dit-il \u00e0 plusieurs reprises.<\/p>\n\n\n\n<p>Apr\u00e8s un moment sur le palier, face \u00e0 la police, et une phrase d\u00e9j\u00e0 culte (<em>\u00abLa R\u00e9publique c\u2019est moi !\u00bb<\/em>), une porte s\u2019ouvre. Il s\u2019engouffre avec les siens. Du bruit, des bousculades. Le d\u00e9put\u00e9 bouscule le procureur, un policier. Il est en sueur. La col\u00e8re ne tombe pas. La police met un terme \u00e0 la perquisition avant l\u2019heure. Jean-Luc M\u00e9lenchon est \u00e9puis\u00e9. Bastien Lachaud, d\u00e9put\u00e9 de Seine-Saint-Denis, et Manuel Bompard, figure du mouvement, l\u2019aide \u00e0 quitter le QG. Il s\u2019appuie physiquement sur eux. Une matin\u00e9e intense pour le tribun. Sa journ\u00e9e n\u2019est pas termin\u00e9e\u00a0: il file au Palais Bourbon.<\/p>\n\n\n\n<p>Dans l\u2019h\u00e9micycle, il pose une question au gouvernement et \u00e0 la majorit\u00e9.\u00a0<em>\u00abColl\u00e8gues, \u00eates-vous devenus d\u00e9raisonnables ? Vous sentez-vous solidaires de proc\u00e9d\u00e9s pareils ? Ce n\u2019est plus de la justice, ce n\u2019est plus de la police\u00bb,<\/em>\u00a0dit-il, micro coup\u00e9, ses deux minutes de temps de parole \u00e9coul\u00e9es.\u00a0<em>\u00abIl n\u2019y a aucune instruction individuelle donn\u00e9e au procureur. Les d\u00e9cisions du procureur, celle-ci en l\u2019occurrence, ont \u00e9t\u00e9 soumises au contr\u00f4le d\u2019un juge de la libert\u00e9 et de la d\u00e9tention, qui est un magistrat du si\u00e8ge, parfaitement ind\u00e9pendant\u00bb,<\/em>\u00a0r\u00e9pond le Premier ministre. Le remaniement, tant attendu, passe au second plan. La France insoumise occupe les esprits, les ondes et les cha\u00eenes d\u2019infos. Les vid\u00e9os de la perquisition tournent \u00e0 grande vitesse. La machine est lanc\u00e9e. <br\/>A la tomb\u00e9e de la nuit, les diff\u00e9rentes t\u00eates de La France insoumise se retrouvent. La tension tombe d\u2019un cran. Ils font le point sur la situation. Jean-Luc M\u00e9lenchon prend des nouvelles de tous ceux qui ont \u00e9t\u00e9 r\u00e9veill\u00e9s, comme lui, par la police \u00e0 l\u2019aube. Son t\u00e9l\u00e9phone sonne sans arr\u00eat. Des proches prennent de ses nouvelles. Certains s\u2019inqui\u00e8tent. L\u2019un d\u2019entre eux nous confie\u00a0:\u00a0<em>\u00abJ\u2019ai eu peur pour lui, vraiment. Il n\u2019est plus tout jeune, il a couru toute la journ\u00e9e avec la rage. Il n\u2019a pas support\u00e9 que la police fouille dans sa vie priv\u00e9e, ni celle de ses jeunes collaborateurs. Il estime qu\u2019une personne honn\u00eate comme lui ne m\u00e9rite pas \u00e7a. Il vit toute cette histoire comme une injustice, ou violation de son intimit\u00e9.\u00bb<\/em> <\/p>\n\n\n\n<p><em><\/em><\/p>\n","protected":false},"excerpt":{"rendered":"<p>Incroyable : ce mot d\u00e9finit \u00e0 merveille la semaine de Jean-Luc M\u00e9lenchon. Il s\u2019est retrouv\u00e9 au centre de l\u2019actualit\u00e9, des regards, des pol\u00e9miques, apr\u00e8s un r\u00e9veil forc\u00e9\u00a0: mardi matin, une quinzaine de personnes, membres ou proches de la galaxie insoumise, ont \u00e9t\u00e9 perquisitionn\u00e9es dans le cadre de deux enqu\u00eates pr\u00e9liminaires ouvertes par le parquet de [&hellip;]<\/p>\n","protected":false},"author":2,"featured_media":10415,"comment_status":"open","ping_status":"open","sticky":false,"template":"","format":"standard","meta":{"_jetpack_memberships_contains_paid_content":false,"footnotes":"","jetpack_publicize_message":"","jetpack_publicize_feature_enabled":true,"jetpack_social_post_already_shared":true,"jetpack_social_options":{"image_generator_settings":{"template":"highway","default_image_id":0,"font":"","enabled":false},"version":2},"_wpas_customize_per_network":false},"categories":[405],"tags":[],"class_list":["post-10414","post","type-post","status-publish","format-standard","has-post-thumbnail","hentry","category-actu-france-monde"],"jetpack_publicize_connections":[],"jetpack_featured_media_url":"https:\/\/i0.wp.com\/www.iceagetv.com\/radiosite\/wp-content\/uploads\/2018\/10\/Jean-Luc-M%C3%A9lenchon.jpg?fit=960%2C638&ssl=1","jetpack_sharing_enabled":true,"_links":{"self":[{"href":"https:\/\/www.iceagetv.com\/radiosite\/wp-json\/wp\/v2\/posts\/10414","targetHints":{"allow":["GET"]}}],"collection":[{"href":"https:\/\/www.iceagetv.com\/radiosite\/wp-json\/wp\/v2\/posts"}],"about":[{"href":"https:\/\/www.iceagetv.com\/radiosite\/wp-json\/wp\/v2\/types\/post"}],"author":[{"embeddable":true,"href":"https:\/\/www.iceagetv.com\/radiosite\/wp-json\/wp\/v2\/users\/2"}],"replies":[{"embeddable":true,"href":"https:\/\/www.iceagetv.com\/radiosite\/wp-json\/wp\/v2\/comments?post=10414"}],"version-history":[{"count":1,"href":"https:\/\/www.iceagetv.com\/radiosite\/wp-json\/wp\/v2\/posts\/10414\/revisions"}],"predecessor-version":[{"id":10416,"href":"https:\/\/www.iceagetv.com\/radiosite\/wp-json\/wp\/v2\/posts\/10414\/revisions\/10416"}],"wp:featuredmedia":[{"embeddable":true,"href":"https:\/\/www.iceagetv.com\/radiosite\/wp-json\/wp\/v2\/media\/10415"}],"wp:attachment":[{"href":"https:\/\/www.iceagetv.com\/radiosite\/wp-json\/wp\/v2\/media?parent=10414"}],"wp:term":[{"taxonomy":"category","embeddable":true,"href":"https:\/\/www.iceagetv.com\/radiosite\/wp-json\/wp\/v2\/categories?post=10414"},{"taxonomy":"post_tag","embeddable":true,"href":"https:\/\/www.iceagetv.com\/radiosite\/wp-json\/wp\/v2\/tags?post=10414"}],"curies":[{"name":"wp","href":"https:\/\/api.w.org\/{rel}","templated":true}]}}