{"id":10426,"date":"2018-10-21T14:46:38","date_gmt":"2018-10-21T14:46:38","guid":{"rendered":"http:\/\/www.iceagetv.com\/radiosite\/?p=10426"},"modified":"2018-10-21T14:46:46","modified_gmt":"2018-10-21T14:46:46","slug":"arme-factice-pointee-sur-une-professeure-la-video-qui-fait-scandale","status":"publish","type":"post","link":"https:\/\/www.iceagetv.com\/radiosite\/arme-factice-pointee-sur-une-professeure-la-video-qui-fait-scandale\/","title":{"rendered":"Arme factice point\u00e9e sur une professeure : la vid\u00e9o qui fait scandale"},"content":{"rendered":"\n<p>Un lyc\u00e9en de\u00a015\u00a0ans a point\u00e9 une r\u00e9plique de pistolet sur sa professeure, qui n&rsquo;a pas signal\u00e9 l&rsquo;incident \u00e0 sa hi\u00e9rarchie, selon nos informations. <br\/>Le jeune homme a pass\u00e9 la nuit au d\u00e9p\u00f4t du palais de justice de Cr\u00e9teil. Il a \u00e9t\u00e9 d\u00e9f\u00e9r\u00e9 hier, avant d&rsquo;\u00eatre pr\u00e9sent\u00e9 \u00e0 un juge ce matin. L&rsquo;\u00e9l\u00e8ve de\u00a015\u00a0ans, n\u00e9 fin novembre 2002, avait brandi une arme factice au visage de sa professeure de biotechnologie le\u00a018\u00a0octobre au lyc\u00e9e polyvalent \u00c9douard-Branly \u00e0 Cr\u00e9teil, consid\u00e9r\u00e9 comme un \u00e9tablissement de bon niveau. <\/p>\n\n\n\n<h3 class=\"wp-block-heading\"><strong>Une plainte du rectorat<\/strong><\/h3>\n\n\n\n<p>Selon les \u00e9l\u00e9ments recueillis par la police, la professeure n&rsquo;a pas imm\u00e9diatement signal\u00e9 l&rsquo;incident \u00e0 sa hi\u00e9rarchie. Parce qu&rsquo;elle avait conscience d&rsquo;une mauvaise blague\u00a0? Par peur de repr\u00e9sailles\u00a0? Les policiers n&rsquo;ont pas encore pu l&rsquo;\u00e9tablir, \u00e0 ce stade de l&rsquo;enqu\u00eate.<\/p>\n\n\n\n<p>Mais elle n&rsquo;a pas su dire, lors de son audition, si elle s&rsquo;\u00e9tait aper\u00e7ue ou pas que l&rsquo;arme \u00e9tait une r\u00e9plique. Sur les images, l&rsquo;enseignante, assise devant un ordinateur, semble plus lasse que paniqu\u00e9e, s&rsquo;adressant dans un second temps \u00e0 un autre \u00e9l\u00e8ve. Elle\u00a0n&rsquo;a pas davantage pu restituer le dialogue qu&rsquo;elle a pu avoir avec le lyc\u00e9en \u00ab\u00a0mena\u00e7ant\u00a0\u00bb.<\/p>\n\n\n\n<h3 class=\"wp-block-heading\">R\u00e9actions fermes des politiques<\/h3>\n\n\n\n<p>Contact\u00e9e par\u00a0<em>Le Point<\/em>, l&rsquo;enseignante n&rsquo;a pas souhait\u00e9 r\u00e9agir, s&rsquo;indignant de mani\u00e8re v\u00e9h\u00e9mente qu&rsquo;un m\u00e9dia puisse entrer en contact avec elle. Apr\u00e8s la diffusion de la vid\u00e9o, le rectorat de Cr\u00e9teil a fait savoir qu&rsquo;elle a d\u00e9pos\u00e9 une plainte. La professeure n&rsquo;a pas voulu nous confirmer cette information. Dans cette m\u00eame affaire, un autre adolescent soup\u00e7onn\u00e9 d&rsquo;avoir remis l&rsquo;arme \u00e0 l&rsquo;\u00e9l\u00e8ve mena\u00e7ant a \u00e9galement \u00e9t\u00e9 plac\u00e9 en garde \u00e0 vue.<\/p>\n\n\n\n<p>Le ministre de l&rsquo;\u00c9ducation nationale,\u00a0<a href=\"https:\/\/www.lepoint.fr\/tags\/jean-michel-blanquer\">Jean-Michel Blanquer<\/a>,\u00a0<a href=\"https:\/\/www.lepoint.fr\/faits-divers\/creteil-il-braque-sa-professeure-pour-qu-elle-le-note-present-20-10-2018-2264476_2627.php\" target=\"_blank\" rel=\"noreferrer noopener\">s&rsquo;est tr\u00e8s vite indign\u00e9 sur Twitter,<\/a>\u00a0tout comme le nouveau ministre de l&rsquo;Int\u00e9rieur,\u00a0<a href=\"https:\/\/www.lepoint.fr\/tags\/christophe-castaner\">Christophe Castaner<\/a>, ou la pr\u00e9sidente de la r\u00e9gion \u00cele-de-<a href=\"https:\/\/www.lepoint.fr\/tags\/france\">France<\/a>,\u00a0<a href=\"https:\/\/www.lepoint.fr\/tags\/valerie-pecresse\">Val\u00e9rie P\u00e9cresse<\/a>. Tous ont promis de r\u00e9agir avec fermet\u00e9.<\/p>\n","protected":false},"excerpt":{"rendered":"<p>Un lyc\u00e9en de\u00a015\u00a0ans a point\u00e9 une r\u00e9plique de pistolet sur sa professeure, qui n&rsquo;a pas signal\u00e9 l&rsquo;incident \u00e0 sa hi\u00e9rarchie, selon nos informations. Le jeune homme a pass\u00e9 la nuit au d\u00e9p\u00f4t du palais de justice de Cr\u00e9teil. Il a \u00e9t\u00e9 d\u00e9f\u00e9r\u00e9 hier, avant d&rsquo;\u00eatre pr\u00e9sent\u00e9 \u00e0 un juge ce matin. L&rsquo;\u00e9l\u00e8ve de\u00a015\u00a0ans, n\u00e9 fin [&hellip;]<\/p>\n","protected":false},"author":2,"featured_media":10427,"comment_status":"open","ping_status":"open","sticky":false,"template":"","format":"standard","meta":{"_jetpack_memberships_contains_paid_content":false,"footnotes":"","jetpack_publicize_message":"","jetpack_publicize_feature_enabled":true,"jetpack_social_post_already_shared":true,"jetpack_social_options":{"image_generator_settings":{"template":"highway","default_image_id":0,"font":"","enabled":false},"version":2},"_wpas_customize_per_network":false},"categories":[405],"tags":[],"class_list":["post-10426","post","type-post","status-publish","format-standard","has-post-thumbnail","hentry","category-actu-france-monde"],"jetpack_publicize_connections":[],"jetpack_featured_media_url":"https:\/\/i0.wp.com\/www.iceagetv.com\/radiosite\/wp-content\/uploads\/2018\/10\/Arme-factice-point%C3%A9e-sur-une-professeure.jpg?fit=660%2C281&ssl=1","jetpack_sharing_enabled":true,"_links":{"self":[{"href":"https:\/\/www.iceagetv.com\/radiosite\/wp-json\/wp\/v2\/posts\/10426","targetHints":{"allow":["GET"]}}],"collection":[{"href":"https:\/\/www.iceagetv.com\/radiosite\/wp-json\/wp\/v2\/posts"}],"about":[{"href":"https:\/\/www.iceagetv.com\/radiosite\/wp-json\/wp\/v2\/types\/post"}],"author":[{"embeddable":true,"href":"https:\/\/www.iceagetv.com\/radiosite\/wp-json\/wp\/v2\/users\/2"}],"replies":[{"embeddable":true,"href":"https:\/\/www.iceagetv.com\/radiosite\/wp-json\/wp\/v2\/comments?post=10426"}],"version-history":[{"count":1,"href":"https:\/\/www.iceagetv.com\/radiosite\/wp-json\/wp\/v2\/posts\/10426\/revisions"}],"predecessor-version":[{"id":10428,"href":"https:\/\/www.iceagetv.com\/radiosite\/wp-json\/wp\/v2\/posts\/10426\/revisions\/10428"}],"wp:featuredmedia":[{"embeddable":true,"href":"https:\/\/www.iceagetv.com\/radiosite\/wp-json\/wp\/v2\/media\/10427"}],"wp:attachment":[{"href":"https:\/\/www.iceagetv.com\/radiosite\/wp-json\/wp\/v2\/media?parent=10426"}],"wp:term":[{"taxonomy":"category","embeddable":true,"href":"https:\/\/www.iceagetv.com\/radiosite\/wp-json\/wp\/v2\/categories?post=10426"},{"taxonomy":"post_tag","embeddable":true,"href":"https:\/\/www.iceagetv.com\/radiosite\/wp-json\/wp\/v2\/tags?post=10426"}],"curies":[{"name":"wp","href":"https:\/\/api.w.org\/{rel}","templated":true}]}}