{"id":10439,"date":"2018-10-23T19:09:28","date_gmt":"2018-10-23T19:09:28","guid":{"rendered":"http:\/\/www.iceagetv.com\/radiosite\/?p=10439"},"modified":"2018-10-23T19:09:35","modified_gmt":"2018-10-23T19:09:35","slug":"violences-au-college-et-au-lycee-que-disent-les-chiffres%e2%80%af","status":"publish","type":"post","link":"https:\/\/www.iceagetv.com\/radiosite\/violences-au-college-et-au-lycee-que-disent-les-chiffres%e2%80%af\/","title":{"rendered":"Violences au coll\u00e8ge et au lyc\u00e9e : que disent les chiffres\u202f?"},"content":{"rendered":"\n<h2 class=\"wp-block-heading\">Des statistiques officielles existent sur les \u00ab\u00a0incidents graves\u00a0\u00bb signal\u00e9s par les chefs d\u2019\u00e9tablissements. Une r\u00e9alit\u00e9 largement sous-estim\u00e9e\u202f?\u00a0<\/h2>\n\n\n\n<p>Ce week-end,\u00a0<a href=\"https:\/\/www.sudouest.fr\/2018\/10\/20\/video-un-lyceen-braque-son-enseignante-pour-qu-elle-le-note-present-5498115-4699.php\">la vid\u00e9o d\u2019un \u00e9l\u00e8ve mena\u00e7ant sa professeure avec une arme factice<\/a>\u00a0dans le lyc\u00e9e \u00c9douard-Branly, \u00e0 Cr\u00e9teil (Val-de-Marne), a suscit\u00e9 l\u2019indignation jusqu\u2019au sommet de l\u2019\u00c9tat.\u00a0<\/p>\n\n\n\n<p>Dans la foul\u00e9e,\u00a0<strong>des milliers de professeurs ont r\u00e9agi sur Twitter<\/strong>\u00a0<a href=\"https:\/\/www.sudouest.fr\/2018\/10\/22\/pasdevague-sur-twitter-quand-les-profs-racontent-la-violence-des-eleves-5501742-4699.php\">en partageant leur exp\u00e9rience sous le hashtag #PasDeVague<\/a>, avec de nombreux exemples de cas de violences \u00e9touff\u00e9s par l\u2019\u00c9ducation nationale. <br\/>Quelle forme prend cette violence dans les \u00e9tablissements du second degr\u00e9\u202f? Qui sont les auteurs\u202f? Des statistiques officielles peuvent aider \u00e0 appr\u00e9cier le ph\u00e9nom\u00e8ne m\u00eame si elles se basent sur les d\u00e9clarations des chefs d\u2019\u00e9tablissements,\u00a0<strong>accus\u00e9s par certains enseignants de taire la r\u00e9alit\u00e9 pour des questions de r\u00e9putation.<\/strong> <\/p>\n\n\n\n<h3 class=\"wp-block-heading\">Un nombre stable d\u2019incidents \u00ab\u00a0graves\u00a0\u00bb\u00a0<\/h3>\n\n\n\n<p>Les coll\u00e8ges et lyc\u00e9es publics ont connu un nombre moyen d\u2019\u00a0\u00bbincidents graves\u00a0\u00bb stable pendant l\u2019ann\u00e9e scolaire 2016\u20132017 avec\u00a0<strong>une l\u00e9g\u00e8re augmentation des vols\u00a0<\/strong>mais une diminution de la consommation de stup\u00e9fiants, selon une \u00e9tude rendue publique en d\u00e9cembre 2017. Il n\u2019existe pas de chiffres officiels plus r\u00e9cents.\u00a0<\/p>\n\n\n\n<p>Le taux moyen est de<strong>\u00a013,8 incidents pour 1 000 \u00e9l\u00e8ves<\/strong>, un taux proche de celui enregistr\u00e9 en 2015\u20132016,\u00a0<a href=\"http:\/\/cache.media.education.gouv.fr\/file\/2017\/04\/6\/depp-ni-2017-29-Sivis_872046.pdf\" rel=\"noreferrer noopener\" target=\"_blank\">indique la direction de l\u2019\u00e9valuation, de la prospective et de la performance (Depp)<\/a>, qui d\u00e9pend du minist\u00e8re de l\u2019\u00c9ducation nationale.\u00a0<strong>Dans un \u00e9tablissement sur cinq, aucun acte grave n\u2019est d\u00e9clar\u00e9.\u00a0<\/strong><\/p>\n\n\n\n<p>La Depp note que l\u2019intensit\u00e9 de la violence est cependant variable selon le type d\u2019\u00e9tablissement. Elle est\u00a0<strong>nettement plus \u00e9lev\u00e9e dans les lyc\u00e9es professionnels\u00a0<\/strong>(25,2 incidents graves pour 1 000 \u00e9l\u00e8ves) que dans les lyc\u00e9es d\u2019enseignement g\u00e9n\u00e9ral et technologique (6,0 incidents graves).\u00a0<\/p>\n\n\n\n<h3 class=\"wp-block-heading\">Une violence essentiellement verbale<\/h3>\n\n\n\n<p><strong>Les atteintes aux personnes repr\u00e9sentent 80,2% des incidents<\/strong>, contre 8,5% pour les atteintes aux biens, et 11,3% pour les autres atteintes (consommation et trafic de stup\u00e9fiants, port d\u2019arme, intrusions sans violence, consommation d\u2019alcool, suicide et tentative de suicide).\u00a0<strong>Dans un cas sur deux, il s\u2019agit de violences verbales.<\/strong><\/p>\n\n\n\n<p><strong>La quasi-totalit\u00e9 des incidents graves recens\u00e9s sont commis par des \u00e9l\u00e8ves<\/strong>\u00a0(91,5%), tr\u00e8s peu par le personnel (0,3%). Les autres actes sont le fait de familles d\u2019\u00e9l\u00e8ves ou de personnes ext\u00e9rieures \u00e0 l\u2019\u00e9tablissement.<\/p>\n\n\n\n<p>Environ\u00a0<strong>quatre incidents sur dix sont commis par des \u00e9l\u00e8ves envers le personnel<\/strong>\u00a0de l\u2019\u00e9tablissement<strong>,<\/strong>\u00a0tr\u00e8s souvent un professeur (sept cas sur dix).\u00a0\u00ab\u00a0Cette violence,\u00a0<strong>verbale dans plus de 80 % des cas<\/strong>, est avant tout commise par des gar\u00e7ons. Elle se produit\u00a0<strong>surtout en salle de classe ou en atelier<\/strong>\u00a0et donne lieu \u00e0 une exclusion, temporaire ou d\u00e9finitive, dans plus de 90 % des cas\u00a0\u00bb, \u00e9crit encore la Depp.\u00a0<\/p>\n\n\n\n<p>Via le mouvement\u00a0<a href=\"https:\/\/www.sudouest.fr\/2018\/10\/22\/pasdevague-sur-twitter-quand-les-profs-racontent-la-violence-des-eleves-5501742-4699.php\"><strong>#PasDeVague<\/strong><\/a>, de nombreux enseignants ont pourtant racont\u00e9 l\u2019absence de r\u00e9actions de leur hi\u00e9rarchie face \u00e0 la violence de certains \u00e9l\u00e8ves.<\/p>\n","protected":false},"excerpt":{"rendered":"<p>Des statistiques officielles existent sur les \u00ab\u00a0incidents graves\u00a0\u00bb signal\u00e9s par les chefs d\u2019\u00e9tablissements. Une r\u00e9alit\u00e9 largement sous-estim\u00e9e\u202f?\u00a0 Ce week-end,\u00a0la vid\u00e9o d\u2019un \u00e9l\u00e8ve mena\u00e7ant sa professeure avec une arme factice\u00a0dans le lyc\u00e9e \u00c9douard-Branly, \u00e0 Cr\u00e9teil (Val-de-Marne), a suscit\u00e9 l\u2019indignation jusqu\u2019au sommet de l\u2019\u00c9tat.\u00a0 Dans la foul\u00e9e,\u00a0des milliers de professeurs ont r\u00e9agi sur Twitter\u00a0en partageant leur exp\u00e9rience [&hellip;]<\/p>\n","protected":false},"author":2,"featured_media":10440,"comment_status":"open","ping_status":"open","sticky":false,"template":"","format":"standard","meta":{"_jetpack_memberships_contains_paid_content":false,"footnotes":"","jetpack_publicize_message":"","jetpack_publicize_feature_enabled":true,"jetpack_social_post_already_shared":true,"jetpack_social_options":{"image_generator_settings":{"template":"highway","default_image_id":0,"font":"","enabled":false},"version":2},"_wpas_customize_per_network":false},"categories":[405],"tags":[],"class_list":["post-10439","post","type-post","status-publish","format-standard","has-post-thumbnail","hentry","category-actu-france-monde"],"jetpack_publicize_connections":[],"jetpack_featured_media_url":"https:\/\/i0.wp.com\/www.iceagetv.com\/radiosite\/wp-content\/uploads\/2018\/10\/Violences-au-coll%C3%A8ge.jpg?fit=1000%2C500&ssl=1","jetpack_sharing_enabled":true,"_links":{"self":[{"href":"https:\/\/www.iceagetv.com\/radiosite\/wp-json\/wp\/v2\/posts\/10439","targetHints":{"allow":["GET"]}}],"collection":[{"href":"https:\/\/www.iceagetv.com\/radiosite\/wp-json\/wp\/v2\/posts"}],"about":[{"href":"https:\/\/www.iceagetv.com\/radiosite\/wp-json\/wp\/v2\/types\/post"}],"author":[{"embeddable":true,"href":"https:\/\/www.iceagetv.com\/radiosite\/wp-json\/wp\/v2\/users\/2"}],"replies":[{"embeddable":true,"href":"https:\/\/www.iceagetv.com\/radiosite\/wp-json\/wp\/v2\/comments?post=10439"}],"version-history":[{"count":1,"href":"https:\/\/www.iceagetv.com\/radiosite\/wp-json\/wp\/v2\/posts\/10439\/revisions"}],"predecessor-version":[{"id":10441,"href":"https:\/\/www.iceagetv.com\/radiosite\/wp-json\/wp\/v2\/posts\/10439\/revisions\/10441"}],"wp:featuredmedia":[{"embeddable":true,"href":"https:\/\/www.iceagetv.com\/radiosite\/wp-json\/wp\/v2\/media\/10440"}],"wp:attachment":[{"href":"https:\/\/www.iceagetv.com\/radiosite\/wp-json\/wp\/v2\/media?parent=10439"}],"wp:term":[{"taxonomy":"category","embeddable":true,"href":"https:\/\/www.iceagetv.com\/radiosite\/wp-json\/wp\/v2\/categories?post=10439"},{"taxonomy":"post_tag","embeddable":true,"href":"https:\/\/www.iceagetv.com\/radiosite\/wp-json\/wp\/v2\/tags?post=10439"}],"curies":[{"name":"wp","href":"https:\/\/api.w.org\/{rel}","templated":true}]}}