{"id":10478,"date":"2018-10-27T14:44:55","date_gmt":"2018-10-27T14:44:55","guid":{"rendered":"http:\/\/www.iceagetv.com\/radiosite\/?p=10478"},"modified":"2018-10-27T14:45:01","modified_gmt":"2018-10-27T14:45:01","slug":"election-presidentielle-au-bresil-les-enjeux-dun-scrutin-inedit","status":"publish","type":"post","link":"https:\/\/www.iceagetv.com\/radiosite\/election-presidentielle-au-bresil-les-enjeux-dun-scrutin-inedit\/","title":{"rendered":"\u00c9lection pr\u00e9sidentielle au Br\u00e9sil : les enjeux d\u2019un scrutin in\u00e9dit"},"content":{"rendered":"\n<h2 class=\"wp-block-heading\">Les Br\u00e9siliens \u00e9lisent dimanche leur nouveau pr\u00e9sident, \u00e0 l\u2019issue d\u2019une \u00e2pre campagne \u00e9lectorale qui a polaris\u00e9 ce pays marqu\u00e9 par la violence et la corruption.<\/h2>\n\n\n\n<p><strong>ON D\u00c9CRYPTE<\/strong><\/p>\n\n\n\n<p>Tous les regards seront tourn\u00e9s dimanche vers le Br\u00e9sil\u00a0: le pays le plus riche d\u2019Am\u00e9rique du Sud \u00e9lit son pr\u00e9sident, sur fond de crise politique et \u00e9conomique. Les 147 millions d\u2019\u00e9lecteurs sont appel\u00e9s \u00e0 voter entre Jair Bolsonaro, le candidat d\u2019extr\u00eame droite qui se pose en garant de l\u2019ordre, et Fernando Haddad, t\u00eate d\u2019affiche du Parti des travailleurs qui promet un retour aux ann\u00e9es fastes de la gauche. Les deux hommes se sont livr\u00e9 ces derni\u00e8res semaines \u00e0 une \u00e2pre campagne \u00e9lectorale, pourtant sans d\u00e9bat, o\u00f9 tout s\u2019est jou\u00e9 sur les r\u00e9seaux sociaux, et o\u00f9 la violence a gangren\u00e9.<\/p>\n\n\n\n<p>De nombreux journalistes, militants de la gauche et des homosexuels ont \u00e9t\u00e9 en effet\u00a0<a href=\"http:\/\/www.europe1.fr\/international\/bresil-des-electeurs-de-gauche-cibles-de-violences-3775904\">agress\u00e9s physiquement avant le 1er\u00a0tour<\/a>. Le candidat populiste, Jair Bolsonaro, a lui-m\u00eame \u00e9t\u00e9 la cible de violences, poignard\u00e9 par un d\u00e9s\u00e9quilibr\u00e9 d\u00e9but septembre lors d\u2019un bain de foule. Il a par la suite refus\u00e9 de mener campagne dans la rue, ainsi que de participer aux six d\u00e9bats t\u00e9l\u00e9vis\u00e9s pr\u00e9vus avec son adversaire.<\/p>\n\n\n\n<p><a href=\"http:\/\/www.europe1.fr\/international\/au-bresil-jair-bolsonaro-grand-favori-de-la-presidentielle-reste-invisible-3786749\">Tout s\u2019est alors jou\u00e9 sur les r\u00e9seaux sociaux<\/a>, devenus le th\u00e9\u00e2tre de manipulations. La police a ouvert des enqu\u00eates pour \u00ab\u00a0diss\u00e9mination\u00a0<a href=\"http:\/\/www.europe1.fr\/technologies\/bresil-facebook-ferme-68-pages-et-43-comptes-pro-bolsonaro-pour-lutter-contre-la-desinformation-3784877\">de fausses informations<\/a>\u00a0\u00bb contre les deux finalistes. Des entreprises sont notamment soup\u00e7onn\u00e9es d\u2019avoir financ\u00e9 l\u2019envoi de centaines de millions de messages anti-Haddad sur WhatsApp. La campagne \u00e9lectorale s\u2019ach\u00e8ve ainsi dans une ambiance tendue, parfois naus\u00e9abonde, et ce sont divis\u00e9s que les Br\u00e9siliens se rendent aux urnes.<\/p>\n\n\n\n<h2 class=\"wp-block-heading\">Deux candidats diam\u00e9tralement oppos\u00e9s<\/h2>\n\n\n\n<p><strong>Le \u00ab\u00a0Trump br\u00e9silien\u00a0\u00bb.<\/strong>\u00a0Le nom qui fait la Une de tous les m\u00e9dias depuis son\u00a0<a href=\"http:\/\/www.europe1.fr\/international\/presidentielle-au-bresil-bolsonaro-largement-en-tete-au-1er-tour-3773321\">arriv\u00e9e en t\u00eate du premier tour<\/a>\u00a0(46% des voix) le 7 octobre, est celui de\u00a0<strong>Jair Bolsonaro<\/strong>. Le candidat du parti d\u2019extr\u00eame droite Parti Social Lib\u00e9ral (PSL) est aujourd\u2019hui donn\u00e9 favori, avec 57% d\u2019intentions de vote dans les derniers sondages. Cet ancien capitaine de l\u2019arm\u00e9e a s\u00e9duit des millions d\u2019\u00e9lecteurs avec son discours s\u00e9curitaire et anti-syst\u00e8me, malgr\u00e9 des d\u00e9rapages racistes et misogynes.<\/p>\n\n\n\n<p>Loin d\u2019\u00eatre un grand orateur &#8211; il s\u2019exprime dans une syntaxe approximative et avec un cheveu sur la langue -, il sait s\u2019adresser directement \u00e0 l\u2019\u00e9lecteur-internaute, avec de petites phrases qui font mouche. Refusant de d\u00e9battre avec son concurrent \u00e0 la t\u00e9l\u00e9vision, le candidat de 63 ans est tr\u00e8s actif sur les r\u00e9seaux sociaux, o\u00f9 il comptabilise 14 millions d\u2019abonn\u00e9s. Jair Bolsonaro est ainsi r\u00e9guli\u00e8rement compar\u00e9 \u00e0 un\u00a0<a href=\"http:\/\/www.europe1.fr\/international\/jair-bolsonaro-le-donald-trump-bresilien-qui-electrise-la-presidentielle-3750176\">\u00ab\u00a0Donald Trump br\u00e9silien\u00a0\u00bb<\/a>, qu\u2019il avoue admirer. Ses soutiens pr\u00e9f\u00e8rent le surnommer \u00ab\u00a0Mythe\u00a0\u00bb, alors qu\u2019il a \u00e9t\u00e9\u00a0<a href=\"http:\/\/www.europe1.fr\/international\/bresil-le-candidat-dextreme-droite-espere-sortir-de-lhopital-avant-la-fin-du-mois-3761666\">poignard\u00e9 par un d\u00e9s\u00e9quilibr\u00e9<\/a>\u00a0lors d\u2019un bain de foule le 6 septembre dernier, en pleine campagne \u00e9lectorale.<\/p>\n\n\n\n<p><strong>L\u2019h\u00e9ritier de Lula.<\/strong>\u00a0Son rival,\u00a0<strong>Fernando Haddad<\/strong>, est le candidat du Parti des travailleurs (PT), dont est issu l\u2019ancien pr\u00e9sident Lula. S\u2019il est loin d\u2019avoir le charisme de son mentor, Fernando Haddad est aujourd\u2019hui le seul espoir de la gauche d\u2019emp\u00eacher l\u2019extr\u00eame droite d\u2019arriver au pouvoir, et b\u00e9n\u00e9ficie du soutien des classes pauvres. Cr\u00e9dit\u00e9 de 43% d\u2019intentions de vote au second tour, l\u2019ancien maire de Sao Paulo n\u2019a pas r\u00e9ussi \u00e0\u00a0<a href=\"http:\/\/www.europe1.fr\/international\/bresil-il-y-a-urgence-la-gauche-peine-toujours-a-mobiliser-pour-faire-rempart-a-jair-bolsonaro-3785771\">former un front r\u00e9publicain avec les centristes<\/a>\u00a0qui lui aurait permis de renverser la tendance.<\/p>\n\n\n\n<p>M\u00e9connu du grand public, ce professeur de sciences politiques de 55 ans tente de s\u2019\u00e9riger en d\u00e9fenseur des valeurs d\u00e9mocratiques, et cultive une image consensuelle, d\u2019intellectuel mesur\u00e9, s\u2019\u00e9loignant au fur et \u00e0 mesure de sa campagne de l\u2019aura de\u00a0<a href=\"http:\/\/www.europe1.fr\/international\/presidentielle-au-bresil-ineligible-lula-est-aussi-empeche-de-voter-3772802\">Lula, incarc\u00e9r\u00e9 pour corruption<\/a>. Haddad a \u00e9t\u00e9 lui-m\u00eame inqui\u00e9t\u00e9 par la justice, d\u00e9but septembre, pour des faits pr\u00e9sum\u00e9s de corruption li\u00e9s \u00e0 sa campagne municipale de 2012, qu\u2019il qualifie \u00ab\u00a0sans preuve\u00a0\u00bb. Son attitude sereine \u00e0 toute \u00e9preuve lui a valu d\u2019\u00eatre parfois surnomm\u00e9 \u00ab\u00a0Haddad tranquilao\u00a0\u00bb, ou \u00ab\u00a0Haddad relax\u00a0\u00bb.<\/p>\n\n\n\n<h2 class=\"wp-block-heading\">Une campagne domin\u00e9e par la s\u00e9curit\u00e9 et l\u2019emploi<\/h2>\n\n\n\n<p><strong>S\u00e9curit\u00e9.<\/strong>\u00a0Dans un Br\u00e9sil min\u00e9 par la corruption, la crise \u00e9conomique et la violence, la campagne s\u2019est principalement ax\u00e9e autour de la morale, de l\u2019emploi et de la s\u00e9curit\u00e9. Sur ce dernier point, le favori, Jair Bolsonaro, s\u2019est distingu\u00e9 en s\u2019imposant comme le garant d\u2019un retour \u00e0 l\u2019ordre. \u00ab\u00a0Un bon bandit est un bandit mort\u00a0\u00bb, a-t-il ainsi d\u00e9clar\u00e9. Le candidat d\u2019extr\u00eame droite propose de lib\u00e9raliser le port d\u2019arme pour permettre aux \u00ab\u00a0gens biens\u00a0\u00bb de se faire justice eux-m\u00eames, ainsi que d\u2019amnistier les crimes commis par les policiers.\u00a0Et peu importe s\u2019il fait l\u2019\u00e9loge de la dictature militaire (1964-1985) et l\u00e9gitime l\u2019usage de la torture, il appara\u00eet pour ses \u00e9lecteurs comme l\u2019homme capable de faire preuve d\u2019autoritarisme pour r\u00e9gler les probl\u00e8mes d\u2019ins\u00e9curit\u00e9.<\/p>\n\n\n\n<p>\u00ab\u00a0Ce dont on a besoin ici, c&rsquo;est que la police f\u00e9d\u00e9rale agisse contre le crime organis\u00e9. Si on arme la population, cela va se transformer en un \u00c9tat milicien\u00a0\u00bb, lui a r\u00e9pondu Fernando Haddad pendant la campagne. Le candidat de la gauche insiste sur une meilleure coordination des services de police pour\u00a0<a href=\"http:\/\/www.europe1.fr\/international\/bresil-le-crime-organise-a-quasiment-pris-le-controle-de-rio-larmee-envoyee-3576893\">lutter contre le crime organis\u00e9<\/a>, un renfort de la tra\u00e7abilit\u00e9 des armes, et sugg\u00e8re de lancer le d\u00e9bat sur la d\u00e9p\u00e9nalisation de la drogue.<\/p>\n\n\n\n<p><strong>\u00c9conomie.<\/strong>\u00a0Sur le plan \u00e9conomique, Jair Bolsonaro avoue publiquement ne rien y conna\u00eetre, et a pr\u00e9f\u00e9r\u00e9 s\u2019entourer d\u2019un gourou de l\u2019\u00e9conomie, Paul Guedes, amen\u00e9 \u00e0 devenir un \u00ab\u00a0super ministre\u00a0\u00bb. Cet ultralib\u00e9ral propose notamment de privatiser \u00e0 outrance pour \u00e9ponger la dette, qui atteint pr\u00e8s de 90% du PIB, s\u2019attirant ainsi la confiance des march\u00e9s et des lobbys de l\u2019agro-business.<\/p>\n\n\n\n<p>De son c\u00f4t\u00e9, Fernando Haddad surfe sur l\u2019h\u00e9ritage des ann\u00e9es fastes du PT, alors que Lula (2003-2010) a quitt\u00e9 le pouvoir avec une popularit\u00e9 record en sortant des millions de Br\u00e9siliens de la mis\u00e8re gr\u00e2ce \u00e0 des programmes sociaux ambitieux. Ses \u00e9lecteurs nostalgiques esp\u00e8rent ainsi que la cure d\u2019aust\u00e9rit\u00e9 impos\u00e9e\u00a0<a href=\"http:\/\/www.europe1.fr\/international\/bresil-une-journee-de-manifestations-pour-exiger-la-demission-de-temer-3336767\">par l\u2019actuel pr\u00e9sident conservateur Michel Temer<\/a>, impopulaire, prendra bient\u00f4t fin. Fernando Haddad a promis ainsi de mettre un frein aux privatisations, ou encore de taxer les tr\u00e8s riches. \u00a0<\/p>\n","protected":false},"excerpt":{"rendered":"<p>Les Br\u00e9siliens \u00e9lisent dimanche leur nouveau pr\u00e9sident, \u00e0 l\u2019issue d\u2019une \u00e2pre campagne \u00e9lectorale qui a polaris\u00e9 ce pays marqu\u00e9 par la violence et la corruption. ON D\u00c9CRYPTE Tous les regards seront tourn\u00e9s dimanche vers le Br\u00e9sil\u00a0: le pays le plus riche d\u2019Am\u00e9rique du Sud \u00e9lit son pr\u00e9sident, sur fond de crise politique et \u00e9conomique. Les [&hellip;]<\/p>\n","protected":false},"author":2,"featured_media":10479,"comment_status":"open","ping_status":"open","sticky":false,"template":"","format":"standard","meta":{"_jetpack_memberships_contains_paid_content":false,"footnotes":"","jetpack_publicize_message":"","jetpack_publicize_feature_enabled":true,"jetpack_social_post_already_shared":true,"jetpack_social_options":{"image_generator_settings":{"template":"highway","default_image_id":0,"font":"","enabled":false},"version":2},"_wpas_customize_per_network":false},"categories":[405],"tags":[],"class_list":["post-10478","post","type-post","status-publish","format-standard","has-post-thumbnail","hentry","category-actu-france-monde"],"jetpack_publicize_connections":[],"jetpack_featured_media_url":"https:\/\/i0.wp.com\/www.iceagetv.com\/radiosite\/wp-content\/uploads\/2018\/10\/%C3%89lection-pr%C3%A9sidentielle-au-Br%C3%A9sil.jpg?fit=600%2C343&ssl=1","jetpack_sharing_enabled":true,"_links":{"self":[{"href":"https:\/\/www.iceagetv.com\/radiosite\/wp-json\/wp\/v2\/posts\/10478","targetHints":{"allow":["GET"]}}],"collection":[{"href":"https:\/\/www.iceagetv.com\/radiosite\/wp-json\/wp\/v2\/posts"}],"about":[{"href":"https:\/\/www.iceagetv.com\/radiosite\/wp-json\/wp\/v2\/types\/post"}],"author":[{"embeddable":true,"href":"https:\/\/www.iceagetv.com\/radiosite\/wp-json\/wp\/v2\/users\/2"}],"replies":[{"embeddable":true,"href":"https:\/\/www.iceagetv.com\/radiosite\/wp-json\/wp\/v2\/comments?post=10478"}],"version-history":[{"count":1,"href":"https:\/\/www.iceagetv.com\/radiosite\/wp-json\/wp\/v2\/posts\/10478\/revisions"}],"predecessor-version":[{"id":10480,"href":"https:\/\/www.iceagetv.com\/radiosite\/wp-json\/wp\/v2\/posts\/10478\/revisions\/10480"}],"wp:featuredmedia":[{"embeddable":true,"href":"https:\/\/www.iceagetv.com\/radiosite\/wp-json\/wp\/v2\/media\/10479"}],"wp:attachment":[{"href":"https:\/\/www.iceagetv.com\/radiosite\/wp-json\/wp\/v2\/media?parent=10478"}],"wp:term":[{"taxonomy":"category","embeddable":true,"href":"https:\/\/www.iceagetv.com\/radiosite\/wp-json\/wp\/v2\/categories?post=10478"},{"taxonomy":"post_tag","embeddable":true,"href":"https:\/\/www.iceagetv.com\/radiosite\/wp-json\/wp\/v2\/tags?post=10478"}],"curies":[{"name":"wp","href":"https:\/\/api.w.org\/{rel}","templated":true}]}}