{"id":10500,"date":"2018-10-29T19:18:20","date_gmt":"2018-10-29T19:18:20","guid":{"rendered":"http:\/\/www.iceagetv.com\/radiosite\/?p=10500"},"modified":"2018-10-29T19:18:25","modified_gmt":"2018-10-29T19:18:25","slug":"election-au-bresil-cest-une-jeune-democratie-la-presidence-bolsonaro-pourrait-etre-un-test","status":"publish","type":"post","link":"https:\/\/www.iceagetv.com\/radiosite\/election-au-bresil-cest-une-jeune-democratie-la-presidence-bolsonaro-pourrait-etre-un-test\/","title":{"rendered":"Election au Br\u00e9sil : \u00ab C\u2019est une jeune d\u00e9mocratie, la pr\u00e9sidence Bolsonaro pourrait \u00eatre un test"},"content":{"rendered":"\n<p>Avec Jair Bolsonaro, les Br\u00e9siliens ont choisi pour pr\u00e9sident, dimanche 28\u00a0octobre, un nostalgique de la dictature militaire, adepte des provocations racistes, misogynes et homophobes. Partisan de la lib\u00e9ralisation des armes, autoproclam\u00e9 anti-syst\u00e8me, le candidat d\u2019extr\u00eame droite a tir\u00e9 profit du sentiment d\u2019ins\u00e9curit\u00e9 et de l\u2019\u00e9c\u0153urement des Br\u00e9siliens envers leurs \u00e9lites politiques.<\/p>\n\n\n\n<p>Claire Gatinois, correspondante du \u00ab Monde \u00bb au Br\u00e9sil, a r\u00e9pondu \u00e0 vos questions et d\u00e9crypt\u00e9 la situation au lendemain du scrutin.<\/p>\n\n\n\n<h3 class=\"wp-block-heading\"><strong>Lucas\u00a0:\u00a0<\/strong>Bonjour, sur quels th\u00e8mes Jair Bolsonaro a-t-il gagn\u00e9\u00a0?<\/h3>\n\n\n\n<p><strong>Claire Gatinois\u00a0:\u00a0<\/strong>Bonjour. Le discours sur la s\u00e9curit\u00e9 a \u00e9t\u00e9 d\u00e9terminant ainsi que celui sur les \u00ab\u00a0valeurs\u00a0\u00bb de la famille. Mais c\u2019est surtout en fustigeant la gauche, le Parti des travailleurs tax\u00e9 de\u00a0<em>\u00ab\u00a0communiste\u00a0\u00bb<\/em>\u00a0et en se pr\u00e9sentant comme le rem\u00e8de \u00e0 la corruption que Bolsonaro a s\u00e9duit les foules.<\/p>\n\n\n\n<h3 class=\"wp-block-heading\"><strong>Didier Lejeune\u00a0:\u00a0<\/strong>Que dire de l\u2019influence de l\u2019arm\u00e9e pour l\u2019\u00e9lection, et surtout apr\u00e8s\u00a0?<\/h3>\n\n\n\n<p>Elle a eu une influence primordiale. Jair Bolsonaro s\u2019est entour\u00e9 de g\u00e9n\u00e9raux. Ce sont eux qui l\u2019auraient incit\u00e9 \u00e0 axer son discours sur les valeurs familiales et la s\u00e9curit\u00e9. L\u2019apr\u00e8s-\u00e9lection reste un myst\u00e8re\u00a0: le g\u00e9n\u00e9ral Mourao, d\u00e9sormais vice-pr\u00e9sident, dit que Jair Bolsonaro et lui ne sont plus des militaires mais des citoyens. A suivre\u2026<\/p>\n\n\n\n<h3 class=\"wp-block-heading\"><strong>Cosette\u00a0:\u00a0<\/strong>Que va t-il arriver aux opposants de Bolsonaro\u00a0?<\/h3>\n\n\n\n<p>Une partie du pays est effray\u00e9e, d\u2019autant qu\u2019il a r\u00e9cus\u00e9 toute responsabilit\u00e9 dans les agressions commises par certains de ses partisans durant la campagne. Les plus inquiets sont les militants du mouvement des sans-terre, que Bolsonaro compte qualifier de \u00ab\u00a0terroristes\u00a0\u00bb. Il faut esp\u00e9rer que les institutions joueront leur r\u00f4le.<\/p>\n\n\n\n<h3 class=\"wp-block-heading\"><strong>Zed\u00a0:\u00a0<\/strong>Quel est son plan d\u2019action pour le r\u00e9tablissement de l\u2019ordre et de la s\u00e9curit\u00e9, notamment dans les favelas abandonn\u00e9es par le gouvernement pr\u00e9c\u00e9dent\u00a0?<\/h3>\n\n\n\n<p>Pour les favelas en particulier, il n\u2019a pas de message. Jair Bolsonaro compte investir dans les forces arm\u00e9es et mettre plus de coh\u00e9rence entre les diff\u00e9rentes polices. Mais son principal message est la fermet\u00e9. Il entend supprimer les am\u00e9nagements de peines, amnistier les crimes de policiers, et autoriser plus largement la d\u00e9tention d\u2019armes \u00e0 feu.<\/p>\n\n\n\n<p>Ce dernier point est l\u2019une des priorit\u00e9s du gouvernement. le pr\u00e9sident de la Chambre des d\u00e9put\u00e9s actuel, Rodrigo Maia, envisage d\u00e9j\u00e0 de la mettre \u00e0 l\u2019agenda du Congr\u00e8s. Mais cet assouplissement sera probablement moins large que pr\u00e9vu, n\u2019autorisant le port d\u2019armes qu\u2019\u00e0 quelques professions, comme les agriculteurs qui se plaignent d\u2019\u00eatre sans d\u00e9fense dans des campagnes isol\u00e9es.<\/p>\n\n\n\n<h3 class=\"wp-block-heading\"><strong>JeanElsass\u00a0:\u00a0<\/strong>Quelle politique \u00e9conomique et sociale va-t-il conduire\u00a0?<\/h3>\n\n\n\n<p>Jair Bolsonaro admet r\u00e9guli\u00e8rement qu\u2019il n\u2019y conna\u00eet rien en \u00e9conomie. Il a confi\u00e9 le dossier \u00e0 son conseiller Paulo Guedes, un financier lib\u00e9ral qui entend lancer un vaste chantier de privatisations, r\u00e9former les retraites et r\u00e9duire les d\u00e9penses de l\u2019Etat. Son objectif est de ramener le d\u00e9ficit public \u00e0 z\u00e9ro en un an. Sur le social, Jair Bolsonaro, apr\u00e8s avoir critiqu\u00e9 la \u00ab\u00a0bolsa familia\u00a0\u00bb, une sorte de RMI, a promis qu\u2019il maintiendrait l\u2019\u00e9quivalent d\u2019un tel programme.<\/p>\n\n\n\n<h3 class=\"wp-block-heading\"><strong>Curieuse\u00a0:\u00a0<\/strong>Quelles seront les cons\u00e9quences de son \u00e9lection sur l\u2019environnement\u00a0?<\/h3>\n\n\n\n<p>D\u00e9sastreuses \u00e0 priori. Jair Bolsonaro est alli\u00e9 \u00e0 la \u00ab\u00a0bancada ruralista\u00a0\u00bb, le lobby des grands propri\u00e9taires terriens, cultivateurs de soja, de ma\u00efs et de canne \u00e0 sucre. Il compte fusionner les minist\u00e8res de l\u2019agriculture et de l\u2019environnement, et mettre le hol\u00e0 sur les actions de l\u2019Ibama, l\u2019Agence de protection de l\u2019environnement. Enfin, son propos disant qu\u2019une fois \u00e9lu,\u00a0<em>\u00ab\u00a0les Indiens\u00a0<\/em>[n\u2019auraient]<em>plus un centim\u00e8tre carr\u00e9 de terre\u00a0\u00bb<\/em>\u00a0fait froid dans le dos.<\/p>\n\n\n\n<h3 class=\"wp-block-heading\"><strong>SImanovici\u00a0:\u00a0<\/strong>Sur quelle majorit\u00e9 pourra-t-il s\u2019appuyer au Congr\u00e8s\u00a0?<\/h3>\n\n\n\n<p>C\u2019est le point le plus complexe de l\u2019\u00e9quation du prochain gouvernement. Le parti de Bolsonaro, le Parti social lib\u00e9ral, est en position de force mais il a face \u00e0 lui le PT, qui va mener l\u2019opposition. Bolsonaro devra donc chercher des alli\u00e9s au sein de la kyrielle de petits partis. Une gageure, pour un homme qui ne semble ni diplomate ni n\u00e9gociateur.<\/p>\n\n\n\n<h3 class=\"wp-block-heading\"><strong>Grayson\u00a0:\u00a0<\/strong>Quelles cons\u00e9quences ce virage politique pourrait avoir sur les relations avec la France, l\u2019Europe, le Monde\u00a0?<\/h3>\n\n\n\n<p>Jair Bolsonaro est un nationaliste, mais son conseiller \u00e9conomique le pousse au lib\u00e9ralisme et \u00e0 l\u2019ouverture internationale. Aux Etats-Unis, les relations promettent d\u2019\u00eatre bonnes avec Donald Trump, qui l\u2019a f\u00e9licit\u00e9.<\/p>\n\n\n\n<h3 class=\"wp-block-heading\"><strong>Futur Expat\u00a0:\u00a0<\/strong>Comment est accueillie l\u2019\u00e9lection par les expatri\u00e9s\u00a0?<\/h3>\n\n\n\n<p>Ils sont mitig\u00e9s. Certains sont affol\u00e9s, d\u2019autres satisfaits comme les milieux d\u2019affaires br\u00e9siliens. Ces derniers sont persuad\u00e9s que Bolsonaro pourra redresser l\u2019\u00e9conomie et minimisent le danger qu\u2019il repr\u00e9sente, pensant qu\u2019il sera neutralis\u00e9 par son entourage et le Congr\u00e8s. Il n\u2019y a pour l\u2019heure aucune restriction pr\u00e9vue en termes d\u2019immigration. Bolsonaro, contrairement \u00e0 l\u2019extr\u00eame droite europ\u00e9enne, n\u2019a pas un discours x\u00e9nophobe.<\/p>\n\n\n\n<h3 class=\"wp-block-heading\"><strong>Cl\u00e9ment\u00a0:\u00a0<\/strong>Comment expliquer le vote pour Bolsonaro de la classe moyenne\u00a0?<\/h3>\n\n\n\n<p>Les classes les plus pauvres, souvent de confession \u00e9vang\u00e9lique, ont \u00e9t\u00e9 touch\u00e9es par le discours sur la famille, les valeurs. Les classes moyennes qui vivent dans des villes p\u00e9riph\u00e9riques touch\u00e9es par l\u2019ins\u00e9curit\u00e9 ont appr\u00e9ci\u00e9 sa position de fermet\u00e9 contre le crime. Ces classes moyennes ont aussi nourri une ranc\u0153ur vis-\u00e0-vis de la gauche au moment de la crise de 2015, tout comme la petite bourgeoisie. Le th\u00e8me de la \u00ab\u00a0corruption\u00a0\u00bb qui frappe le PT a permis de galvaniser ce ressentiment.<\/p>\n","protected":false},"excerpt":{"rendered":"<p>Avec Jair Bolsonaro, les Br\u00e9siliens ont choisi pour pr\u00e9sident, dimanche 28\u00a0octobre, un nostalgique de la dictature militaire, adepte des provocations racistes, misogynes et homophobes. Partisan de la lib\u00e9ralisation des armes, autoproclam\u00e9 anti-syst\u00e8me, le candidat d\u2019extr\u00eame droite a tir\u00e9 profit du sentiment d\u2019ins\u00e9curit\u00e9 et de l\u2019\u00e9c\u0153urement des Br\u00e9siliens envers leurs \u00e9lites politiques. Claire Gatinois, correspondante du [&hellip;]<\/p>\n","protected":false},"author":2,"featured_media":10501,"comment_status":"open","ping_status":"open","sticky":false,"template":"","format":"standard","meta":{"_jetpack_memberships_contains_paid_content":false,"footnotes":"","jetpack_publicize_message":"","jetpack_publicize_feature_enabled":true,"jetpack_social_post_already_shared":true,"jetpack_social_options":{"image_generator_settings":{"template":"highway","default_image_id":0,"font":"","enabled":false},"version":2},"_wpas_customize_per_network":false},"categories":[405],"tags":[],"class_list":["post-10500","post","type-post","status-publish","format-standard","has-post-thumbnail","hentry","category-actu-france-monde"],"jetpack_publicize_connections":[],"jetpack_featured_media_url":"https:\/\/i0.wp.com\/www.iceagetv.com\/radiosite\/wp-content\/uploads\/2018\/10\/Election-au-Br%C3%A9sil.jpg?fit=688%2C458&ssl=1","jetpack_sharing_enabled":true,"_links":{"self":[{"href":"https:\/\/www.iceagetv.com\/radiosite\/wp-json\/wp\/v2\/posts\/10500","targetHints":{"allow":["GET"]}}],"collection":[{"href":"https:\/\/www.iceagetv.com\/radiosite\/wp-json\/wp\/v2\/posts"}],"about":[{"href":"https:\/\/www.iceagetv.com\/radiosite\/wp-json\/wp\/v2\/types\/post"}],"author":[{"embeddable":true,"href":"https:\/\/www.iceagetv.com\/radiosite\/wp-json\/wp\/v2\/users\/2"}],"replies":[{"embeddable":true,"href":"https:\/\/www.iceagetv.com\/radiosite\/wp-json\/wp\/v2\/comments?post=10500"}],"version-history":[{"count":1,"href":"https:\/\/www.iceagetv.com\/radiosite\/wp-json\/wp\/v2\/posts\/10500\/revisions"}],"predecessor-version":[{"id":10502,"href":"https:\/\/www.iceagetv.com\/radiosite\/wp-json\/wp\/v2\/posts\/10500\/revisions\/10502"}],"wp:featuredmedia":[{"embeddable":true,"href":"https:\/\/www.iceagetv.com\/radiosite\/wp-json\/wp\/v2\/media\/10501"}],"wp:attachment":[{"href":"https:\/\/www.iceagetv.com\/radiosite\/wp-json\/wp\/v2\/media?parent=10500"}],"wp:term":[{"taxonomy":"category","embeddable":true,"href":"https:\/\/www.iceagetv.com\/radiosite\/wp-json\/wp\/v2\/categories?post=10500"},{"taxonomy":"post_tag","embeddable":true,"href":"https:\/\/www.iceagetv.com\/radiosite\/wp-json\/wp\/v2\/tags?post=10500"}],"curies":[{"name":"wp","href":"https:\/\/api.w.org\/{rel}","templated":true}]}}