{"id":10503,"date":"2018-10-30T19:29:30","date_gmt":"2018-10-30T19:29:30","guid":{"rendered":"http:\/\/www.iceagetv.com\/radiosite\/?p=10503"},"modified":"2018-10-30T19:29:36","modified_gmt":"2018-10-30T19:29:36","slug":"bebes-sans-bras-onze-nouveaux-cas-dans-lain","status":"publish","type":"post","link":"https:\/\/www.iceagetv.com\/radiosite\/bebes-sans-bras-onze-nouveaux-cas-dans-lain\/","title":{"rendered":"B\u00e9b\u00e9s sans bras\u00bb : onze nouveaux cas dans l&rsquo;Ain"},"content":{"rendered":"\n<p>\n\nNouveaux rebondissements dans l\u2019affaire dite des \u00abb\u00e9b\u00e9s sans bras\u00bb. Apr\u00e8s un huiti\u00e8me cas identifi\u00e9 dans l\u2019Ain et signal\u00e9 mardi matin \u00e0\u00a0<em>Lib\u00e9ration<\/em>\u00a0par Emmanuelle Amar, la directrice du\u00a0Registre des malformations en Rh\u00f4ne-Alpes (<a href=\"https:\/\/www.remera.fr\/\" target=\"_blank\" rel=\"noreferrer noopener\">Remera<\/a>), Sant\u00e9 publique France (SPF) rapporte dans un communiqu\u00e9 dix autres cas\u00a0<em>\u00absuspects\u00bb<\/em>suppl\u00e9mentaires d\u2019enfants originaires de l\u2019Ain n\u00e9s sans bras ou sans main entre 2000 et 2014.\u00a0<em>\u00abCes cas doivent \u00eatre confirm\u00e9s avant d\u2019entamer une analyse de la r\u00e9partition spatiale et temporelle [\u2026] les investigations compl\u00e9mentaires sont en cours\u00bb,<\/em>\u00a0explique SPF\u00a0\u00e0\u00a0<em>Lib\u00e9ration.<\/em>\u00a0S\u2019ils \u00e9taient valid\u00e9s, ce dossier prendrait des allures de nouveau scandale sanitaire. Sept enfants de ce m\u00eame d\u00e9partement souffrent en effet d\u2019une ag\u00e9n\u00e9sie transverse du membre sup\u00e9rieur\u00a0dans un\u00a0rayon de\u00a017\u00a0kilom\u00e8tres autour du village de Druillat. C\u2019est aussi le cas du dernier b\u00e9b\u00e9 r\u00e9pertori\u00e9 par le Remera.\u00a0<em>\u00abIl n\u2019a pas de main droite\u00bb,<\/em>souligne Emmanuelle Amar qui privil\u00e9gie les causes environnementales pour expliquer ces malformations en s\u00e9rie.\n\n<\/p>\n\n\n\n<p><em>\u00abCe n\u2019\u00e9tait pas encore obligatoire,<\/em>\u00a0rapporte la directrice.\u00a0<em>L\u2019informatisation \u00e9tait en cours et on ne num\u00e9risait pas.\u00bb<\/em>Alert\u00e9e par les m\u00e9dias, la m\u00e8re du petit gar\u00e7on n\u00e9 en octobre 2012 dans une maternit\u00e9 du Rh\u00f4ne, et aujourd\u2019hui \u00e2g\u00e9 de 6 ans, a pris contact vendredi avec le Remera.\u00a0<em>\u00abLa maman m\u2019a demand\u00e9 si son enfant \u00e9tait bien comptabilis\u00e9 dans les sept nouveau-n\u00e9s de l\u2019Ain souffrant\u00a0d\u2019ag\u00e9n\u00e9sie transverse du membre sup\u00e9rieur. Et ce n\u2019\u00e9tait pas le cas\u00bb,<\/em>\u00a0souligne celle qui est aussi \u00e9pid\u00e9miologiste de formation. Quant aux dix autres cas \u00absuspects\u00bb r\u00e9v\u00e9l\u00e9s dans la soir\u00e9e de mardi, ils font suite\u00a0<em>\u00ab\u00e0 des analyses compl\u00e9mentaires initi\u00e9es [par Sant\u00e9 publique France] \u00e0 partir des donn\u00e9es hospitali\u00e8res\u00bb,<\/em>\u00a0<a href=\"https:\/\/www.santepubliquefrance.fr\/Actualites\/Agenesies-transverses-des-membres-superieurs-Sante-publique-France-poursuit-ses-investigations-et-identifie-a-ce-stade-11-cas-suspects-supplementaires-dans-l-Ain-entre-2000-et-2014\" target=\"_blank\" rel=\"noreferrer noopener\">\u00e9crit sur son site l\u2019agence nationale de sant\u00e9 publique<\/a>.<\/p>\n\n\n\n<h3 class=\"wp-block-heading\">Pression<\/h3>\n\n\n\n<p>Deux autres \u00abclusters\u00bb\u00a0du m\u00eame type, comme les appellent les scientifiques pour d\u00e9signer des ph\u00e9nom\u00e8nes concentr\u00e9s dans le temps et l\u2019espace, avaient aussi \u00e9t\u00e9 signal\u00e9s dans la commune de Guidel, dans le Morbihan ainsi qu\u2019en Loire-Atlantique. Sous la pression m\u00e9diatique, l\u2019agence Sant\u00e9 publique France s\u2019est finalement d\u00e9cid\u00e9e \u00e0 communiquer le 4 octobre, au cours d\u2019une conf\u00e9rence de presse \u00e0 la Maison de la Chimie \u00e0 Paris. Si\u00a0l\u2019analyse statistique communiqu\u00e9e ce jour-l\u00e0 a conclu \u00e0 des exc\u00e8s de cas par rapport \u00e0 la moyenne nationale (1,7\u00a0pour 10\u00a0000\u00a0naissances) dans ces deux territoires (1), ce n\u2019est pas le cas dans l\u2019Ain o\u00f9 pourtant le Remera avait relev\u00e9 un\u00a0<em>\u00abtaux\u00a058\u00a0fois sup\u00e9rieur \u00e0 la normale\u00bb.<\/em>\u00a0Interrog\u00e9 sur ce point, Jean-Claude Desenclos, directeur scientifique SPF, avait alors argu\u00e9, sous l\u2019\u0153il\u00a0de son directeur g\u00e9n\u00e9ral, ne pas utiliser\u00a0<em>\u00ables m\u00eames m\u00e9thodes statistiques\u00bb.<\/em>\u00a0Voil\u00e0\u00a0pourquoi, selon SPF aucune \u00e9tude \u00e9tiologique n\u2019avait \u00e9t\u00e9 lanc\u00e9e dans l\u2019Ain ni m\u00eame dans les deux autres d\u00e9partements.\u00a0<em>\u00abNous avons la m\u00eame fa\u00e7on de faire. Apr\u00e8s, tout d\u00e9pend des chiffres que vous mettez dedans\u00a0!\u00bb<\/em>\u00a0s\u2019\u00e9tait alors emport\u00e9e aupr\u00e8s de\u00a0<em>Lib\u00e9ration<\/em>\u00a0Emmanuelle Amar.<\/p>\n\n\n\n<p>Les conclusions de cette analyse statistique sont jug\u00e9es tout aussi incompr\u00e9hensibles par l\u2019\u00e9pid\u00e9miologiste et biostatisticien Jacques Est\u00e8ve, ancien directeur de l\u2019unit\u00e9 de biostatistiques du Centre international de recherche sur le cancer et\u00a0<a href=\"https:\/\/abonnes.lemonde.fr\/sante\/article\/2018\/10\/16\/enfants-sans-bras-les-mauvais-calculs-de-sante-publique-france_5369895_1651302.html\" target=\"_blank\" rel=\"noreferrer noopener\">interrog\u00e9 par nos confr\u00e8res du\u00a0<em>Monde<\/em><\/a>.\u00a0<em>\u00abLe principe de la science est de chercher une cause, non d\u2019arr\u00eater un suivi sous pr\u00e9texte qu\u2019il n\u2019y a pas de cas r\u00e9cents\u00bb<\/em>, rappelle Emmanuelle Amar qui cite \u00e0\u00a0titre d\u2019exemple les scandales de\u00a0<a href=\"https:\/\/www.ema.europa.eu\/documents\/product-information\/thalidomide-celgene-epar-product-information_fr.pdf\" target=\"_blank\" rel=\"noreferrer noopener\">la thalidomide<\/a>\u00a0ou de la d\u00e9pakine, ce dernier ayant \u00e9merg\u00e9 notamment gr\u00e2ce aux travaux du Remera.<\/p>\n\n\n\n<h3 class=\"wp-block-heading\">Inqui\u00e9tude<\/h3>\n\n\n\n<p>D\u2019autres voix se sont \u00e9lev\u00e9es pour d\u00e9noncer l\u2019attitude de SPF dans cette affaire\u00a0: celles des anciennes ministres de l\u2019Ecologie, Delphine Batho et Corinne Lepage, des parlementaires de tous bords comme la s\u00e9natrice du groupe socialiste Sophie Taill\u00e9-Polian, le d\u00e9put\u00e9 PCF Pierre Dharr\u00e9ville. Pour l\u2019eurod\u00e9put\u00e9e \u00e9cologiste Mich\u00e8le Rivasi,\u00a0<em>\u00abc\u2019est la libert\u00e9 de parole d\u2019Emmanuelle Amar qui a d\u00e9plu aux autorit\u00e9s sanitaires\u00bb.<\/em>\u00a0Et l\u2019\u00e9cologiste d\u2019ass\u00e9ner\u00a0:\u00a0<em>\u00abTout \u00e7a c\u2019est politique, les enjeux sont importants. [\u2026] On veut tuer les lanceurs d\u2019alerte.\u00bb<\/em>\u00a0Une inqui\u00e9tude apparemment entendue. D\u2019abord, par l\u2019actuel ministre de la Transition \u00e9cologique Fran\u00e7ois de Rugy qui, au micro de RTL le 7 octobre a annonc\u00e9 la poursuite des\u00a0<em>\u00abrecherches\u00bb<\/em>\u00a0:\u00a0<em>\u00abOn ne peut pas accepter sans r\u00e9agir.\u00bb<\/em>Ce fut ensuite au tour de la ministre de la Sant\u00e9, Agn\u00e8s Buzyn, rest\u00e9e jusqu\u2019alors tr\u00e8s silencieuse sur ce dossier, de s\u2019exprimer :\u00a0<em>\u00abOn relance une enqu\u00eate avec ces deux agences.\u00bb<\/em>\u00a0La ministre avait par ailleurs assur\u00e9 qu\u2019il\u00a0\u00e9tait\u00a0<em>\u00abhors de question d\u2019arr\u00eater la subvention des registres [des malformations]\u00bb,<\/em>\u00a0(2) y compris du Remera.<\/p>\n\n\n\n<p>Le registre de Rh\u00f4ne-Alpes \u00e9tait sous la menace de mettre la cl\u00e9 sous la porte au 1<sup>er<\/sup>\u00a0janvier 2019 faute de financements \u2013\u00a0dont une partie provient justement de Sant\u00e9 publique France. Depuis Emmanuelle Amar a bien\u00a0<a href=\"https:\/\/www.liberation.fr\/direct\/element\/bebes-sans-bras-suspension-de-la-procedure-de-licenciement-de-la-directrice-du-remera_89235\/\">re\u00e7u<\/a>\u00a0une lettre lui confirmant la suspension de la proc\u00e9dure de licenciement \u00e0 son encontre.\u00a0<em>\u00abUn vrai soulagement\u00bb,\u00a0<\/em>pour celle qui se dit d\u00e9termin\u00e9e \u00e0 se battre\u00a0<em>\u00abpour qu\u2019une \u00e9tude soit r\u00e9alis\u00e9e et des informations donn\u00e9es aux parents\u00bb.<\/em><\/p>\n","protected":false},"excerpt":{"rendered":"<p>Nouveaux rebondissements dans l\u2019affaire dite des \u00abb\u00e9b\u00e9s sans bras\u00bb. Apr\u00e8s un huiti\u00e8me cas identifi\u00e9 dans l\u2019Ain et signal\u00e9 mardi matin \u00e0\u00a0Lib\u00e9ration\u00a0par Emmanuelle Amar, la directrice du\u00a0Registre des malformations en Rh\u00f4ne-Alpes (Remera), Sant\u00e9 publique France (SPF) rapporte dans un communiqu\u00e9 dix autres cas\u00a0\u00absuspects\u00bbsuppl\u00e9mentaires d\u2019enfants originaires de l\u2019Ain n\u00e9s sans bras ou sans main entre 2000 et [&hellip;]<\/p>\n","protected":false},"author":2,"featured_media":10504,"comment_status":"open","ping_status":"open","sticky":false,"template":"","format":"standard","meta":{"_jetpack_memberships_contains_paid_content":false,"footnotes":"","jetpack_publicize_message":"","jetpack_publicize_feature_enabled":true,"jetpack_social_post_already_shared":true,"jetpack_social_options":{"image_generator_settings":{"template":"highway","default_image_id":0,"font":"","enabled":false},"version":2},"_wpas_customize_per_network":false},"categories":[405],"tags":[],"class_list":["post-10503","post","type-post","status-publish","format-standard","has-post-thumbnail","hentry","category-actu-france-monde"],"jetpack_publicize_connections":[],"jetpack_featured_media_url":"https:\/\/i0.wp.com\/www.iceagetv.com\/radiosite\/wp-content\/uploads\/2018\/10\/B%C3%A9b%C3%A9s-sans-bras.jpg?fit=960%2C639&ssl=1","jetpack_sharing_enabled":true,"_links":{"self":[{"href":"https:\/\/www.iceagetv.com\/radiosite\/wp-json\/wp\/v2\/posts\/10503","targetHints":{"allow":["GET"]}}],"collection":[{"href":"https:\/\/www.iceagetv.com\/radiosite\/wp-json\/wp\/v2\/posts"}],"about":[{"href":"https:\/\/www.iceagetv.com\/radiosite\/wp-json\/wp\/v2\/types\/post"}],"author":[{"embeddable":true,"href":"https:\/\/www.iceagetv.com\/radiosite\/wp-json\/wp\/v2\/users\/2"}],"replies":[{"embeddable":true,"href":"https:\/\/www.iceagetv.com\/radiosite\/wp-json\/wp\/v2\/comments?post=10503"}],"version-history":[{"count":1,"href":"https:\/\/www.iceagetv.com\/radiosite\/wp-json\/wp\/v2\/posts\/10503\/revisions"}],"predecessor-version":[{"id":10505,"href":"https:\/\/www.iceagetv.com\/radiosite\/wp-json\/wp\/v2\/posts\/10503\/revisions\/10505"}],"wp:featuredmedia":[{"embeddable":true,"href":"https:\/\/www.iceagetv.com\/radiosite\/wp-json\/wp\/v2\/media\/10504"}],"wp:attachment":[{"href":"https:\/\/www.iceagetv.com\/radiosite\/wp-json\/wp\/v2\/media?parent=10503"}],"wp:term":[{"taxonomy":"category","embeddable":true,"href":"https:\/\/www.iceagetv.com\/radiosite\/wp-json\/wp\/v2\/categories?post=10503"},{"taxonomy":"post_tag","embeddable":true,"href":"https:\/\/www.iceagetv.com\/radiosite\/wp-json\/wp\/v2\/tags?post=10503"}],"curies":[{"name":"wp","href":"https:\/\/api.w.org\/{rel}","templated":true}]}}