{"id":10529,"date":"2018-11-02T16:26:47","date_gmt":"2018-11-02T16:26:47","guid":{"rendered":"http:\/\/www.iceagetv.com\/radiosite\/?p=10529"},"modified":"2018-11-02T16:26:52","modified_gmt":"2018-11-02T16:26:52","slug":"nouvelle-caledonie-six-questions-pour-comprendre-les-enjeux-du-referendum-sur-lindependance","status":"publish","type":"post","link":"https:\/\/www.iceagetv.com\/radiosite\/nouvelle-caledonie-six-questions-pour-comprendre-les-enjeux-du-referendum-sur-lindependance\/","title":{"rendered":"Nouvelle-Cal\u00e9donie: Six questions pour comprendre les enjeux du r\u00e9f\u00e9rendum sur l&rsquo;ind\u00e9pendance"},"content":{"rendered":"\n<p>La\u00a0<a href=\"https:\/\/www.20minutes.fr\/dossier\/nouvelle-caledonie\">Nouvelle-Cal\u00e9donie<\/a>\u00a0d\u00e9cide dimanche de son destin. 174.154 \u00e9lecteurs sont invit\u00e9s \u00e0 se prononcer sur cette question\u00a0:\u00a0\u00ab\u00a0Voulez-vous que la Nouvelle-Cal\u00e9donie acc\u00e8de \u00e0 la pleine souverainet\u00e9 et\u00a0<a href=\"https:\/\/www.20minutes.fr\/dossier\/referendum_independance\">devienne ind\u00e9pendante?<\/a>\u00a0\u00bb. Ce\u00a0<a href=\"https:\/\/www.20minutes.fr\/dossier\/referendum\">r\u00e9f\u00e9rendum d&rsquo;autod\u00e9termination<\/a>(c\u2019est son nom) divise les habitants du Caillou.\u00a0<em>20 Minutes<\/em>\u00a0revient sur les enjeux autour de ce vote historique.<\/p>\n\n\n\n<h2 class=\"wp-block-heading\">Pourquoi un r\u00e9f\u00e9rendum est-il organis\u00e9\u00a0?<\/h2>\n\n\n\n<p>Th\u00e9\u00e2tre d\u2019un pass\u00e9 colonial violent, la Nouvelle-Cal\u00e9donie est un archipel fran\u00e7ais depuis 1853. Situ\u00e9e \u00e0 18.000 km de la m\u00e9tropole, elle a connu au milieu des ann\u00e9es 1980 une insurrection des ind\u00e9pendantistes kanak contre la France et les populations d\u2019origine europ\u00e9enne, qui a fait plus de 70 morts. Le paroxysme a \u00e9t\u00e9 atteint en mai\u00a01988 avec la prise d\u2019otages et\u00a0<a href=\"https:\/\/www.20minutes.fr\/politique\/2265119-20180503-visite-emmanuel-macron-ouvea-fait-unanimite\">l&rsquo;assaut de la grotte d&rsquo;Ouv\u00e9a<\/a>\u00a0:\u00a019 militants kanak et 6 militaires avaient \u00e9t\u00e9 tu\u00e9s.<\/p>\n\n\n\n<p><a href=\"https:\/\/fr.wikipedia.org\/wiki\/Accords_de_Matignon_(1988)\" target=\"_blank\" rel=\"noreferrer noopener\">Les accords de Matignon de juin 1988<\/a>\u00a0ont initi\u00e9 un d\u00e9but de r\u00e9conciliation et d\u2019\u00e9mancipation du territoire, fond\u00e9 sur le r\u00e9\u00e9quilibrage \u00e9conomique et g\u00e9ographique et sur un partage du pouvoir politique entre les deux principales communaut\u00e9s\u00a0:\u00a0les Kanak (39\u00a0%), premiers habitants du pays, et les Caldoches (27\u00a0%), descendants des colons blancs. Ce rapprochement a \u00e9t\u00e9 consolid\u00e9 10 ans plus tard par l\u2019accord de Noum\u00e9a, qui pr\u00e9voyait un r\u00e9f\u00e9rendum au maximum vingt ans apr\u00e8s.PUBLICIT\u00c9<\/p>\n\n\n\n<h2 class=\"wp-block-heading\">Qui peut voter\u00a0?<\/h2>\n\n\n\n<p>L\u2019accord de Noum\u00e9a a limit\u00e9 le corps \u00e9lectoral r\u00e9f\u00e9rendaire\u00a0:\u00a0174.154 \u00e9lecteurs sont appel\u00e9s aux urnes, sur un total de 210.105 \u00e9lecteurs aux \u00e9lections pr\u00e9sidentielle, l\u00e9gislatives, municipales. Pour pouvoir voter, il faut notamment justifier d\u2019une r\u00e9sidence continue en Nouvelle-Cal\u00e9donie depuis au moins le 31\u00a0d\u00e9cembre 1994.<\/p>\n\n\n\n<p>Le corps \u00e9lectoral est un sujet hautement sensible\u00a0:\u00a0les ind\u00e9pendantistes kanak reprochent \u00e0 la France d\u2019avoir jadis \u00ab\u00a0noy\u00e9\u00a0\u00bb leur revendication gr\u00e2ce \u00e0 \u00ab\u00a0une immigration massive\u00a0\u00bb. Il a fait l\u2019objet de nombreuses discussions. Toutes les parties ont act\u00e9 l\u2019inscription d\u2019office sur la liste r\u00e9f\u00e9rendaire des natifs (kanak et non kanak) qui n\u2019avaient jusqu\u2019\u00e0 pr\u00e9sent jamais \u00e9t\u00e9 inscrits sur une liste \u00e9lectorale. A l\u2019exception du parti Travailliste (ind\u00e9pendantistes radicaux), qui a appel\u00e9 \u00e0 boycotter le r\u00e9f\u00e9rendum, cette liste r\u00e9f\u00e9rendaire ne suscite pas de contestation au sein des partis politiques locaux.<\/p>\n\n\n\n<h2 class=\"wp-block-heading\">Quelles sont les forces en pr\u00e9sence\u00a0?<\/h2>\n\n\n\n<p>Trois affiches pr\u00f4nent le non, celles des partis loyalistes Cal\u00e9donie ensemble (droite mod\u00e9r\u00e9e), le Rassemblement LR et les R\u00e9publicains cal\u00e9doniens. En face, les deux courants du FLNKS (Union cal\u00e9donienne et Union nationale pour l\u2019ind\u00e9pendance) appellent au oui.<\/p>\n\n\n\n<h2 class=\"wp-block-heading\">Que se passera-t-il en cas de victoire du \u00ab\u00a0oui\u00a0\u00bb\u00a0?<\/h2>\n\n\n\n<p>Quel que soit le r\u00e9sultat, l\u2019Etat a annonc\u00e9 qu\u2019il r\u00e9unirait les responsables des forces politiques cal\u00e9doniennes. Le Premier ministre se rendra sur place au lendemain du vote. En cas de victoire du oui, la Nouvelle-Cal\u00e9donie deviendra un Etat pleinement souverain.<\/p>\n\n\n\n<p>Cette ind\u00e9pendance se traduira par le transfert des comp\u00e9tences r\u00e9galiennes (s\u00e9curit\u00e9, ordre public, monnaie, justice) et l\u2019acc\u00e8s \u00e0 \u00ab\u00a0un statut international de pleine responsabilit\u00e9\u00a0\u00bb, a expliqu\u00e9 Matignon dans un communiqu\u00e9. Mais \u00ab\u00a0la nouvelle organisation des pouvoirs publics\u00a0\u00bb ne serait cependant pas \u00ab\u00a0effective au lendemain du r\u00e9f\u00e9rendum\u00a0\u00bb.<\/p>\n\n\n\n<h2 class=\"wp-block-heading\">Et en cas de victoire du \u00ab\u00a0non\u00a0\u00bb\u00a0?<\/h2>\n\n\n\n<p>La Nouvelle-Cal\u00e9donie restera une collectivit\u00e9 fran\u00e7aise\u00a0:\u00a0la population conservera la nationalit\u00e9 et la citoyennet\u00e9 fran\u00e7aise et europ\u00e9enne, et l\u2019Etat fran\u00e7ais continuera \u00e0 exercer les comp\u00e9tences r\u00e9galiennes.<\/p>\n\n\n\n<p>Les \u00e9lections provinciales (pour renouveler le congr\u00e8s de Nouvelle-Cal\u00e9donie) seront maintenues et se tiendront en mai\u00a02019. A l\u2019issue de ces \u00e9lections, si un tiers des membres du congr\u00e8s le demande, un deuxi\u00e8me r\u00e9f\u00e9rendum portant sur la m\u00eame question sera organis\u00e9 dans les dix-huit mois qui suivent cette demande. En cas de nouveau vote du \u00ab\u00a0non\u00a0\u00bb, il pourra \u00eatre suivi d\u2019un troisi\u00e8me r\u00e9f\u00e9rendum.<\/p>\n\n\n\n<h2 class=\"wp-block-heading\">Que disent les sondages\u00a0?<\/h2>\n\n\n\n<p>Ils sont, comme toujours, \u00e0 prendre avec des pincettes\u00a0:\u00a0mais tous les sondages annoncent une\u00a0<a href=\"https:\/\/www.20minutes.fr\/societe\/2348043-20181004-referendum-nouvelle-caledonie-nouveau-sondage-donne-non-vainqueur\">nette victoire des partisans du \u00abnon\u00bb<\/a>, dans une fourchette comprise entre 60 et 69\u00a0% des voix. \u00ab\u00a0J\u2019ai appris \u00e0 me m\u00e9fier des r\u00e9sultats proclam\u00e9s par avance\u00a0\u00bb, a nuanc\u00e9 Edouard Philippe.<\/p>\n\n\n\n<p>Alain Christnacht, ancien Haut-commissaire en Nouvelle-Cal\u00e9donie, met en avant les \u00e9quilibres d\u00e9mographiques\u00a0:\u00a0\u00ab\u00a0Comme on sait que tr\u00e8s peu d\u2019Europ\u00e9ens, d\u2019Asiatiques ou d\u2019Oc\u00e9aniens non Kanaks voteront pour l\u2019ind\u00e9pendance, m\u00eame si tous les Kanaks &#8211; qui repr\u00e9sentent environ 45\u00a0% des \u00e9lecteurs &#8211; votaient pour, \u00e7a ne ferait pas 50\u00a0%.\u00a0\u00bb Le scrutin va selon lui surtout servir \u00e0 mesurer notamment la proportion de kanak pour l\u2019ind\u00e9pendance.<\/p>\n","protected":false},"excerpt":{"rendered":"<p>La\u00a0Nouvelle-Cal\u00e9donie\u00a0d\u00e9cide dimanche de son destin. 174.154 \u00e9lecteurs sont invit\u00e9s \u00e0 se prononcer sur cette question\u00a0:\u00a0\u00ab\u00a0Voulez-vous que la Nouvelle-Cal\u00e9donie acc\u00e8de \u00e0 la pleine souverainet\u00e9 et\u00a0devienne ind\u00e9pendante?\u00a0\u00bb. Ce\u00a0r\u00e9f\u00e9rendum d&rsquo;autod\u00e9termination(c\u2019est son nom) divise les habitants du Caillou.\u00a020 Minutes\u00a0revient sur les enjeux autour de ce vote historique. Pourquoi un r\u00e9f\u00e9rendum est-il organis\u00e9\u00a0? Th\u00e9\u00e2tre d\u2019un pass\u00e9 colonial violent, la Nouvelle-Cal\u00e9donie [&hellip;]<\/p>\n","protected":false},"author":2,"featured_media":10531,"comment_status":"open","ping_status":"open","sticky":false,"template":"","format":"standard","meta":{"_jetpack_memberships_contains_paid_content":false,"footnotes":"","jetpack_publicize_message":"","jetpack_publicize_feature_enabled":true,"jetpack_social_post_already_shared":true,"jetpack_social_options":{"image_generator_settings":{"template":"highway","default_image_id":0,"font":"","enabled":false},"version":2},"_wpas_customize_per_network":false},"categories":[2585],"tags":[38],"class_list":["post-10529","post","type-post","status-publish","format-standard","has-post-thumbnail","hentry","category-actu-outre-mer","tag-nouvelle-caledonie"],"jetpack_publicize_connections":[],"jetpack_featured_media_url":"https:\/\/i0.wp.com\/www.iceagetv.com\/radiosite\/wp-content\/uploads\/2018\/11\/Nouvelle-Cal%C3%A9donie.jpg?fit=960%2C614&ssl=1","jetpack_sharing_enabled":true,"_links":{"self":[{"href":"https:\/\/www.iceagetv.com\/radiosite\/wp-json\/wp\/v2\/posts\/10529","targetHints":{"allow":["GET"]}}],"collection":[{"href":"https:\/\/www.iceagetv.com\/radiosite\/wp-json\/wp\/v2\/posts"}],"about":[{"href":"https:\/\/www.iceagetv.com\/radiosite\/wp-json\/wp\/v2\/types\/post"}],"author":[{"embeddable":true,"href":"https:\/\/www.iceagetv.com\/radiosite\/wp-json\/wp\/v2\/users\/2"}],"replies":[{"embeddable":true,"href":"https:\/\/www.iceagetv.com\/radiosite\/wp-json\/wp\/v2\/comments?post=10529"}],"version-history":[{"count":1,"href":"https:\/\/www.iceagetv.com\/radiosite\/wp-json\/wp\/v2\/posts\/10529\/revisions"}],"predecessor-version":[{"id":10532,"href":"https:\/\/www.iceagetv.com\/radiosite\/wp-json\/wp\/v2\/posts\/10529\/revisions\/10532"}],"wp:featuredmedia":[{"embeddable":true,"href":"https:\/\/www.iceagetv.com\/radiosite\/wp-json\/wp\/v2\/media\/10531"}],"wp:attachment":[{"href":"https:\/\/www.iceagetv.com\/radiosite\/wp-json\/wp\/v2\/media?parent=10529"}],"wp:term":[{"taxonomy":"category","embeddable":true,"href":"https:\/\/www.iceagetv.com\/radiosite\/wp-json\/wp\/v2\/categories?post=10529"},{"taxonomy":"post_tag","embeddable":true,"href":"https:\/\/www.iceagetv.com\/radiosite\/wp-json\/wp\/v2\/tags?post=10529"}],"curies":[{"name":"wp","href":"https:\/\/api.w.org\/{rel}","templated":true}]}}