{"id":10588,"date":"2018-11-09T19:44:27","date_gmt":"2018-11-09T19:44:27","guid":{"rendered":"http:\/\/www.iceagetv.com\/radiosite\/?p=10588"},"modified":"2018-11-09T19:44:35","modified_gmt":"2018-11-09T19:44:35","slug":"jean-luc-melenchon-et-lfi-vises-par-deux-informations-judiciaires","status":"publish","type":"post","link":"https:\/\/www.iceagetv.com\/radiosite\/jean-luc-melenchon-et-lfi-vises-par-deux-informations-judiciaires\/","title":{"rendered":"Jean-Luc M\u00e9lenchon et LFI vis\u00e9s par deux informations judiciaires"},"content":{"rendered":"\n<p>\n\nDeux juges d\u2019instruction s\u2019occuperont des comptes de campagne\u00a0du candidat de LFI et des soup\u00e7ons d\u2019emplois fictifs d\u2019assistants parlementaires.\n\n<\/p>\n\n\n\n<h2 class=\"wp-block-heading\">Les deux enqu\u00eates visant les comptes de campagne de Jean-Luc M\u00e9lenchon pour la pr\u00e9sidentielle de 2017 et les assistants d\u2019eurod\u00e9put\u00e9s de La France insoumise ont \u00e9t\u00e9 confi\u00e9es \u00e0 des juges d\u2019instruction par le parquet de Paris, selon un communiqu\u00e9 publi\u00e9 vendredi 9\u00a0novembre.<\/h2>\n\n\n\n<p>Deux informations judiciaires ont ainsi \u00e9t\u00e9 ouvertes contre X. La premi\u00e8re,\u00a0<a href=\"https:\/\/www.lemonde.fr\/societe\/article\/2018\/10\/22\/la-justice-s-interesse-toujours-aux-comptes-de-campagne-de-jean-luc-melenchon_5372756_3224.html\">relative au financement de la campagne<\/a>, principalement pour\u00a0<em>\u00ab\u00a0escroquerie\u00a0\u00bb<\/em>\u00a0et\u00a0<em>\u00ab\u00a0abus de confiance\u00a0\u00bb<\/em>, tandis que la seconde, concernant les assistants parlementaires, a notamment \u00e9t\u00e9 ouverte pour\u00a0<em>\u00ab\u00a0d\u00e9tournement de fonds publics\u00a0\u00bb<\/em>. <br\/>Les investigations ont \u00e9t\u00e9 confi\u00e9es \u00e0 l\u2019Office central de lutte contre les infractions financi\u00e8res et fiscales (OCLCIFF). Dans le cadre de ces deux enqu\u00eates, rappelle le communiqu\u00e9\u00a0<em>\u00ab\u00a0des perquisitions autoris\u00e9es par le juge des libert\u00e9s et de la d\u00e9tention ont \u00e9t\u00e9 men\u00e9es, le 16\u00a0octobre 2018, sur quinze sites distincts et les enqu\u00eateurs ont, depuis, proc\u00e9d\u00e9 \u00e0 l\u2019audition de 21\u00a0personnes.\u00a0\u00bb<\/em> <\/p>\n\n\n\n<p>Apr\u00e8s l\u2019annonce de l\u2019ouverture de deux informations judiciaires vendredi, Jean-Luc M\u00e9lenchon a salu\u00e9 la d\u00e9cision, se f\u00e9licitant de\u00a0<em>\u00ab\u00a0sortir des griffes de l\u2019arbitraire\u00a0\u00bb<\/em>.<\/p>\n\n\n\n<blockquote class=\"wp-block-quote is-layout-flow wp-block-quote-is-layout-flow\"><p><em>\u00ab\u00a0Enfin nous revenons \u00e0 la normale judiciaire. Un juge d\u2019instruction est d\u00e9sign\u00e9. Nous sortons des griffes de l\u2019arbitraire dans lequel sont abandonn\u00e9es 97 % des proc\u00e9dures, qui passent directement de l\u2019enqu\u00eate pr\u00e9liminaire au tribunal.\u00a0\u00bb<\/em><\/p><\/blockquote>\n\n\n\n<h2 class=\"wp-block-heading\">Irr\u00e9gularit\u00e9s dans les comptes de campagne<\/h2>\n\n\n\n<p>Jean-Luc M\u00e9lenchon et son parti sont donc vis\u00e9s par deux enqu\u00eates distinctes. La premi\u00e8re concerne les comptes de la campagne de Jean-Luc M\u00e9lenchon pour l\u2019\u00e9lection pr\u00e9sidentielle de 2017. Apr\u00e8s l\u2019examen des documents comptables communiqu\u00e9s par La France insoumise, la Commission nationale des comptes de campagne et des financements politiques (CNCCFP) a, comme le pr\u00e9voit la loi, publi\u00e9 lesdits comptes et les a valid\u00e9s le 13\u00a0f\u00e9vrier, ouvrant le droit \u00e0 un remboursement par l\u2019Etat.<\/p>\n\n\n\n<p>Mais, dans le m\u00eame temps, la CNCCFP a not\u00e9 plusieurs irr\u00e9gularit\u00e9s et a d\u00fb\u00a0<a target=\"_blank\" href=\"https:\/\/conjugaison.lemonde.fr\/conjugaison\/premier-groupe\/retrancher\/\" rel=\"noreferrer noopener\">retrancher<\/a>\u00a0434\u00a0000\u00a0euros de d\u00e9penses qu\u2019elle a consid\u00e9r\u00e9es comme non li\u00e9es \u00e0\u00a0<em>\u00ab\u00a0la sollicitation des suffrages des \u00e9lecteurs\u00a0\u00bb<\/em>. Un \u00e9l\u00e9ment qu\u2019on retrouve dans beaucoup de comptes de campagne. Mais la commission a estim\u00e9, cette fois, que ces irr\u00e9gularit\u00e9s constituaient des infractions p\u00e9nales. Le pr\u00e9sident a donc transmis, le 16\u00a0mars,\u00a0<a href=\"https:\/\/www.legifrance.gouv.fr\/affichCodeArticle.do?cidTexte=LEGITEXT000006071154&amp;idArticle=LEGIARTI000006574933\">comme la loi le lui oblige<\/a>, le dossier \u00e0 la justice.<\/p>\n\n\n\n<h2 class=\"wp-block-heading\">Plusieurs partis concern\u00e9s<\/h2>\n\n\n\n<p>La seconde enqu\u00eate concerne les assistants parlementaires de Jean-Luc M\u00e9lenchon au Parlement europ\u00e9en. La justice a initialement ouvert une enqu\u00eate en mars\u00a02015, visant le seul Front national (FN, d\u00e9sormais Rassemblement national) avant de l\u2019\u00e9largir au MoDem le 9\u00a0juin 2017 et \u00e0Jean-Luc M\u00e9lenchon le 17\u00a0juillet de la m\u00eame ann\u00e9e, \u00e0 la suite des signalements de l\u2019eurod\u00e9put\u00e9e FN Sophie Montel. <br\/>La justice soup\u00e7onne ces formations d\u2019avoir employ\u00e9 des assistants parlementaires au Parlement europ\u00e9en, en les faisant, en r\u00e9alit\u00e9,\u00a0<a href=\"https:\/\/conjugaison.lemonde.fr\/conjugaison\/premier-groupe\/travailler\/\" target=\"_blank\" rel=\"noreferrer noopener\">travailler<\/a>\u00a0pour elles-m\u00eames. Ce qui revient,\u00a0<em>in fine,<\/em>\u00a0\u00e0\u00a0<a href=\"https:\/\/conjugaison.lemonde.fr\/conjugaison\/premier-groupe\/d%C3%A9tourner\/\" target=\"_blank\" rel=\"noreferrer noopener\">d\u00e9tourner<\/a>\u00a0l\u2019argent du Parlement, en fabriquant des emplois fictifs. D\u2019autres eurod\u00e9put\u00e9s et ex-eurod\u00e9put\u00e9s sont concern\u00e9s par l\u2019enqu\u00eate, comme Brice Hortefeux et Mich\u00e8le Alliot-Marie (Les R\u00e9publicains), Edouard Martin (\u00e9lu sur la liste du Parti socialiste, d\u00e9sormais dans la d\u00e9l\u00e9gation G\u00e9n\u00e9ration\u00b7s) ou encore Yannick Jadot (Europe Ecologie-Les Verts). <\/p>\n","protected":false},"excerpt":{"rendered":"<p>Deux juges d\u2019instruction s\u2019occuperont des comptes de campagne\u00a0du candidat de LFI et des soup\u00e7ons d\u2019emplois fictifs d\u2019assistants parlementaires. Les deux enqu\u00eates visant les comptes de campagne de Jean-Luc M\u00e9lenchon pour la pr\u00e9sidentielle de 2017 et les assistants d\u2019eurod\u00e9put\u00e9s de La France insoumise ont \u00e9t\u00e9 confi\u00e9es \u00e0 des juges d\u2019instruction par le parquet de Paris, selon [&hellip;]<\/p>\n","protected":false},"author":2,"featured_media":10589,"comment_status":"open","ping_status":"open","sticky":false,"template":"","format":"standard","meta":{"_jetpack_memberships_contains_paid_content":false,"footnotes":"","jetpack_publicize_message":"","jetpack_publicize_feature_enabled":true,"jetpack_social_post_already_shared":true,"jetpack_social_options":{"image_generator_settings":{"template":"highway","default_image_id":0,"font":"","enabled":false},"version":2},"_wpas_customize_per_network":false},"categories":[405],"tags":[],"class_list":["post-10588","post","type-post","status-publish","format-standard","has-post-thumbnail","hentry","category-actu-france-monde"],"jetpack_publicize_connections":[],"jetpack_featured_media_url":"https:\/\/i0.wp.com\/www.iceagetv.com\/radiosite\/wp-content\/uploads\/2018\/11\/Jean-Luc-M%C3%A9lenchon.jpg?fit=644%2C322&ssl=1","jetpack_sharing_enabled":true,"_links":{"self":[{"href":"https:\/\/www.iceagetv.com\/radiosite\/wp-json\/wp\/v2\/posts\/10588","targetHints":{"allow":["GET"]}}],"collection":[{"href":"https:\/\/www.iceagetv.com\/radiosite\/wp-json\/wp\/v2\/posts"}],"about":[{"href":"https:\/\/www.iceagetv.com\/radiosite\/wp-json\/wp\/v2\/types\/post"}],"author":[{"embeddable":true,"href":"https:\/\/www.iceagetv.com\/radiosite\/wp-json\/wp\/v2\/users\/2"}],"replies":[{"embeddable":true,"href":"https:\/\/www.iceagetv.com\/radiosite\/wp-json\/wp\/v2\/comments?post=10588"}],"version-history":[{"count":1,"href":"https:\/\/www.iceagetv.com\/radiosite\/wp-json\/wp\/v2\/posts\/10588\/revisions"}],"predecessor-version":[{"id":10590,"href":"https:\/\/www.iceagetv.com\/radiosite\/wp-json\/wp\/v2\/posts\/10588\/revisions\/10590"}],"wp:featuredmedia":[{"embeddable":true,"href":"https:\/\/www.iceagetv.com\/radiosite\/wp-json\/wp\/v2\/media\/10589"}],"wp:attachment":[{"href":"https:\/\/www.iceagetv.com\/radiosite\/wp-json\/wp\/v2\/media?parent=10588"}],"wp:term":[{"taxonomy":"category","embeddable":true,"href":"https:\/\/www.iceagetv.com\/radiosite\/wp-json\/wp\/v2\/categories?post=10588"},{"taxonomy":"post_tag","embeddable":true,"href":"https:\/\/www.iceagetv.com\/radiosite\/wp-json\/wp\/v2\/tags?post=10588"}],"curies":[{"name":"wp","href":"https:\/\/api.w.org\/{rel}","templated":true}]}}