{"id":10617,"date":"2018-11-11T17:03:58","date_gmt":"2018-11-11T17:03:58","guid":{"rendered":"http:\/\/www.iceagetv.com\/radiosite\/?p=10617"},"modified":"2018-11-11T17:04:01","modified_gmt":"2018-11-11T17:04:01","slug":"centenaire-de-larmistice-pour-macron-le-forum-sur-la-paix-a-vocation-a-se-reproduire-chaque-annee","status":"publish","type":"post","link":"https:\/\/www.iceagetv.com\/radiosite\/centenaire-de-larmistice-pour-macron-le-forum-sur-la-paix-a-vocation-a-se-reproduire-chaque-annee\/","title":{"rendered":"Centenaire de l&rsquo;armistice : pour Macron, le forum sur la paix \u00aba vocation \u00e0 se reproduire chaque ann\u00e9e\u00bb"},"content":{"rendered":"\n<h2 class=\"wp-block-heading\">Pr\u00e8s de 70 chefs d&rsquo;Etat et de gouvernement se retrouvent ce dimanche \u00e0 Paris pour comm\u00e9morer le centenaire de l&rsquo;armistice. Un rassemblement hors norme et sous haute s\u00e9curit\u00e9.<\/h2>\n\n\n\n<h3 class=\"wp-block-heading\">Merkel :&nbsp;<em>\u00abLe projet de paix europ\u00e9en de nouveau remis en question\u00bb<\/em><\/h3>\n\n\n\n<p>A l\u2019ouverture du premier Forum pour la paix \u00e0 Paris, la chanceli\u00e8re allemande, Angela Merkel, a estim\u00e9 que le<em>&nbsp;\u00abprojet europ\u00e9en de paix\u00bb<\/em>, n\u00e9 apr\u00e8s&nbsp;1945, \u00e9tait menac\u00e9 par la mont\u00e9e du nationalisme et du populisme.<\/p>\n\n\n\n<p><em>\u00abNous voyons bien que la coop\u00e9ration internationale, un \u00e9quilibre pacifique entre les int\u00e9r\u00eats des uns et des autres, et m\u00eame le projet europ\u00e9en de paix sont de nouveau remis en question\u00bb<\/em>, a-t-elle d\u00e9clar\u00e9 (photo AFP).<\/p>\n\n\n\n<h3 class=\"wp-block-heading\">Macron ouvre le Forum sur la paix, qui \u00aba vocation \u00e0 se reproduire chaque ann\u00e9e\u00bb<\/h3>\n\n\n\n<p>Emmanuel Macron a ouvert ce dimanche apr\u00e8s-midi le Forum international sur la paix qui r\u00e9unit \u00e0 Paris plusieurs dizaines de dirigeants mondiaux, et&nbsp;<em>\u00aba vocation \u00e0 se reproduire chaque ann\u00e9e\u00bb<\/em>, a-t-il indiqu\u00e9.<\/p>\n\n\n\n<p><em>\u00abL\u2019histoire retiendra sans doute une image, celle de 84\u00a0chefs d\u2019Etat et de gouvernement\u00a0<\/em>[et dirigeants d\u2019organisations internationales, ndlr]<em>\u00a0r\u00e9unis, alors qu\u2019hier ils repr\u00e9sentaient des nations bellig\u00e9rantes, r\u00e9unis sous l\u2019Arc de triomphe dans la paix\u00bb<\/em>, a d\u00e9clar\u00e9 le pr\u00e9sident fran\u00e7ais dans une br\u00e8ve allocution d\u2019accueil.<\/p>\n\n\n\n<h3 class=\"wp-block-heading\">Trump rend hommage aux \u00abcourageux Am\u00e9ricains\u00bb ayant p\u00e9ri durant la Premi\u00e8re Guerre mondiale<\/h3>\n\n\n\n<p>Le pr\u00e9sident am\u00e9ricain Donald Trump a&nbsp;<em>\u00abrendu hommage\u00bb<\/em>&nbsp;dimanche aux<em>&nbsp;\u00abcourageux Am\u00e9ricains qui ont donn\u00e9 leur dernier souffle\u00bb<\/em>&nbsp;en combattant pendant la Premi\u00e8re Guerre mondiale, lors d\u2019une br\u00e8ve c\u00e9r\u00e9monie au cimeti\u00e8re am\u00e9ricain de Suresnes.&nbsp;<\/p>\n\n\n\n<p>Ce cimeti\u00e8re, situ\u00e9 sur une petite colline dominant la capitale fran\u00e7aise, est le symbole de l\u2019engagement des Etats-Unis dans ce conflit. Il accueille les s\u00e9pultures de 1\u00a0541\u00a0soldats am\u00e9ricains tomb\u00e9s au cours de la Grande Guerre.<\/p>\n\n\n\n<h3 class=\"wp-block-heading\">Poutine affirme avoir eu une \u00abbonne\u00bb conversation avec Trump \u00e0 Paris<\/h3>\n\n\n\n<p>Le pr\u00e9sident russe Vladimir Poutine a affirm\u00e9 avoir eu une&nbsp;<em>\u00abbonne\u00bb<\/em>conversation avec son homologue am\u00e9ricain, Donald Trump, dimanche \u00e0 Paris, en marge des comm\u00e9morations de la fin de la Premi\u00e8re Guerre mondiale.<\/p>\n\n\n\n<p><em>\u00abOui\u00bb<\/em>, a r\u00e9pondu Poutine \u00e0 la question d\u2019un journaliste lui demandant s\u2019il avait r\u00e9ussi \u00e0 discuter avec Trump, selon l\u2019agence de presse russe Ria Novosti.\u00a0<em>\u00abBonne\u00bb<\/em>, a ajout\u00e9 le pr\u00e9sident russe, interrog\u00e9 sur la qualit\u00e9 de cette conversation.<\/p>\n\n\n\n<h3 class=\"wp-block-heading\">La manifestation anti-Trump commence<\/h3>\n\n\n\n<p><em>\u00abTrump c\u2019est la guerre\u00bb\u00a0<\/em>:\u00a0Quelques centaines de\u00a0personnes \u00e9taient r\u00e9unies place de la R\u00e9publique \u00e0 Paris pour protester contre la pr\u00e9sence du pr\u00e9sident am\u00e9ricain aux comm\u00e9morations du 11 Novembre, un rassemblement sous haute surveillance.\u00a0<\/p>\n\n\n\n<h3 class=\"wp-block-heading\">Trump et Poutine \u00e0 l\u2019Arc de triomphe<\/h3>\n\n\n\n<p>Les dirigeants am\u00e9ricain, Donald Trump, et russe, Vladimir Poutine, arrivent s\u00e9par\u00e9ment des autres chefs d\u2019Etat et de gouvernement \u00e0 la c\u00e9r\u00e9monie.<\/p>\n\n\n\n<p>Le pr\u00e9sident Trump, arborant un bleuet de France, symbole fran\u00e7ais de la m\u00e9moire des anciens combattants, salue son homologue Emmanuel Macron, la chanceli\u00e8re allemande, Angela Merkel, et le roi du Maroc, Mohammed\u00a0VI. Vladimir Poutine, arriv\u00e9 en dernier, tend aussi la main \u00e0 ses homologues.<\/p>\n\n\n\n<h3 class=\"wp-block-heading\">Arriv\u00e9e des dignitaires \u00e9trangers \u00e0 l\u2019Arc de triomphe<\/h3>\n\n\n\n<p>Des dizaines de chefs d\u2019Etat et de gouvernement \u00e9trangers arrivent sur la place de l\u2019Etoile \u00e0 Paris pour participer \u00e0 la comm\u00e9moration de l\u2019armistice de la Grande Guerre.<\/p>\n\n\n\n<p>Encadrant Emmanuel Macron, Justin Trudeau, Angela Merkel ou encore Mohammed VI prennent place sous un abri au pied de l\u2019Arc de triomphe, survol\u00e9s par des avions de la patrouille de France laissant un panache bleu blanc rouge.<\/p>\n\n\n\n<h3 class=\"wp-block-heading\">Trois Femen forcent la s\u00e9curit\u00e9 au passage du cort\u00e8ge de Trump<\/h3>\n\n\n\n<p>Trois militantes Femen sont parvenues \u00e0&nbsp;<a href=\"https:\/\/www.liberation.fr\/france\/2018\/11\/11\/centenaire-de-l-armistice-trois-femen-forcent-la-securite-au-passage-du-cortege-de-trump_1691379\" target=\"_blank\" rel=\"noreferrer noopener\">forcer la s\u00e9curit\u00e9 au passage de la berline de Donald Trump<\/a>&nbsp;dans le convoi officiel des chefs d\u2019\u00c9tat ce dimanche sur les Champs-\u00c9lys\u00e9es, mettant \u00e0 mal l\u2019important dispositif d\u00e9ploy\u00e9 par les forces de l\u2019ordre pour les comm\u00e9morations du centenaire de l\u2019armistice<\/p>\n","protected":false},"excerpt":{"rendered":"<p>Pr\u00e8s de 70 chefs d&rsquo;Etat et de gouvernement se retrouvent ce dimanche \u00e0 Paris pour comm\u00e9morer le centenaire de l&rsquo;armistice. Un rassemblement hors norme et sous haute s\u00e9curit\u00e9. Merkel :&nbsp;\u00abLe projet de paix europ\u00e9en de nouveau remis en question\u00bb A l\u2019ouverture du premier Forum pour la paix \u00e0 Paris, la chanceli\u00e8re allemande, Angela Merkel, a [&hellip;]<\/p>\n","protected":false},"author":2,"featured_media":10618,"comment_status":"open","ping_status":"open","sticky":false,"template":"","format":"standard","meta":{"_jetpack_memberships_contains_paid_content":false,"footnotes":"","jetpack_publicize_message":"","jetpack_publicize_feature_enabled":true,"jetpack_social_post_already_shared":true,"jetpack_social_options":{"image_generator_settings":{"template":"highway","default_image_id":0,"font":"","enabled":false},"version":2},"_wpas_customize_per_network":false},"categories":[405],"tags":[],"class_list":["post-10617","post","type-post","status-publish","format-standard","has-post-thumbnail","hentry","category-actu-france-monde"],"jetpack_publicize_connections":[],"jetpack_featured_media_url":"https:\/\/i0.wp.com\/www.iceagetv.com\/radiosite\/wp-content\/uploads\/2018\/11\/Centenaire-de-larmistice.jpg?fit=960%2C639&ssl=1","jetpack_sharing_enabled":true,"_links":{"self":[{"href":"https:\/\/www.iceagetv.com\/radiosite\/wp-json\/wp\/v2\/posts\/10617","targetHints":{"allow":["GET"]}}],"collection":[{"href":"https:\/\/www.iceagetv.com\/radiosite\/wp-json\/wp\/v2\/posts"}],"about":[{"href":"https:\/\/www.iceagetv.com\/radiosite\/wp-json\/wp\/v2\/types\/post"}],"author":[{"embeddable":true,"href":"https:\/\/www.iceagetv.com\/radiosite\/wp-json\/wp\/v2\/users\/2"}],"replies":[{"embeddable":true,"href":"https:\/\/www.iceagetv.com\/radiosite\/wp-json\/wp\/v2\/comments?post=10617"}],"version-history":[{"count":1,"href":"https:\/\/www.iceagetv.com\/radiosite\/wp-json\/wp\/v2\/posts\/10617\/revisions"}],"predecessor-version":[{"id":10619,"href":"https:\/\/www.iceagetv.com\/radiosite\/wp-json\/wp\/v2\/posts\/10617\/revisions\/10619"}],"wp:featuredmedia":[{"embeddable":true,"href":"https:\/\/www.iceagetv.com\/radiosite\/wp-json\/wp\/v2\/media\/10618"}],"wp:attachment":[{"href":"https:\/\/www.iceagetv.com\/radiosite\/wp-json\/wp\/v2\/media?parent=10617"}],"wp:term":[{"taxonomy":"category","embeddable":true,"href":"https:\/\/www.iceagetv.com\/radiosite\/wp-json\/wp\/v2\/categories?post=10617"},{"taxonomy":"post_tag","embeddable":true,"href":"https:\/\/www.iceagetv.com\/radiosite\/wp-json\/wp\/v2\/tags?post=10617"}],"curies":[{"name":"wp","href":"https:\/\/api.w.org\/{rel}","templated":true}]}}