{"id":10649,"date":"2018-11-15T15:36:09","date_gmt":"2018-11-15T15:36:09","guid":{"rendered":"http:\/\/www.iceagetv.com\/radiosite\/?p=10649"},"modified":"2018-11-15T15:36:15","modified_gmt":"2018-11-15T15:36:15","slug":"meteo-offensive-du-froid-risque-de-neige-lhiver-arrive-vraiment-la-semaine-prochaine-consultez-les-previsions","status":"publish","type":"post","link":"https:\/\/www.iceagetv.com\/radiosite\/meteo-offensive-du-froid-risque-de-neige-lhiver-arrive-vraiment-la-semaine-prochaine-consultez-les-previsions\/","title":{"rendered":"M\u00e9t\u00e9o : offensive du froid, risque de neige&#8230; l&rsquo;hiver arrive vraiment la semaine prochaine, consultez les pr\u00e9visions"},"content":{"rendered":"\n<p>10\u00b0C PERDUS &#8211; Apr\u00e8s plusieurs jours d&rsquo;une extr\u00eame douceur &#8211; avec m\u00eame des records battus dans l&rsquo;Est en d\u00e9but de semaine &#8211; les temp\u00e9ratures vont fortement chuter \u00e0 partir de ce week-end. Certaines r\u00e9gions vont perdre une dizaine de degr\u00e9s. Voici les pr\u00e9visions.<\/p>\n\n\n\n<p>Cette fois-ci, c\u2019est (vraiment) fini ! La douceur record des derni\u00e8res semaines va c\u00e9der sa place \u00e0 partir du week-end des 17 &#8211; 18 novembre au profit de temp\u00e9ratures hivernales. D\u2019un extr\u00eame \u00e0 l\u2019autre, les valeurs s\u2019appr\u00eatent \u00e0 perdre une dizaine de degr\u00e9s pour repasser largement en dessous des normales de saison. Et avec un vent qui s\u2019annonce sensible, le ressenti sera hivernal dans la plupart des r\u00e9gions\u2026 &nbsp;Vous voil\u00e0 pr\u00e9venus !<\/p>\n\n\n\n<p>D\u2019un flux de sud \u00e0 un flux d\u2019est<\/p>\n\n\n\n<p>Alors qu\u2019un temps calme domine depuis plusieurs jours avec des brouillards parfois tenaces, une situation assez classique en automne, les conditions s\u2019appr\u00eatent \u00e0 changer radicalement. Avec un flux orient\u00e9 pour l\u2019instant au secteur sud, c\u2019est une certaine douceur qui se manifeste en cours de journ\u00e9e ce jeudi et vendredi avec des valeurs situ\u00e9es 3 \u00e0 5\u00b0C au-dessus des normales de saison, exception faite des r\u00e9gions o\u00f9 la grisaille peine \u00e0 se dissiper.&nbsp;<\/p>\n\n\n\n<p>A partir de ce week-end, l\u2019anticyclone pr\u00e9sent sur l\u2019Europe centrale va se diriger vers le sud de la Scandinavie tout en se renfor\u00e7ant. Cons\u00e9quente imm\u00e9diate : le flux s\u2019orientera \u00e0 l\u2019est et c\u2019est ainsi de l\u2019air froid qui va envahir le pays entre samedi et dimanche avant de se g\u00e9n\u00e9raliser en d\u00e9but de semaine prochaine.<\/p>\n\n\n\n<p>es temp\u00e9ratures dignes de janvier<\/p>\n\n\n\n<p>Samedi apr\u00e8s-midi, la baisse se mettra en place dans le quart nord-est avec des temp\u00e9ratures se rapprochant des normales de saison. Il fera entre 8 et 10\u00b0C au meilleur de l\u2019apr\u00e8s-midi tandis que la douceur r\u00e9sistera dans le sud-ouest avec encore pr\u00e8s de 20\u00b0C au Pays Basque. D\u00e8s dimanche, les maximales repasseront en dessous des normales avec \u00e0 peine plus de 6 \u00e0 8\u00b0C de la Normandie \u00e0 l\u2019Alsace et des Hauts-de-France \u00e0 la Franche-Comt\u00e9 en passant par la r\u00e9gion parisienne.&nbsp;<\/p>\n\n\n\n<p>Ce temps froid va se g\u00e9n\u00e9raliser et s\u2019accentuer entre lundi et mercredi. Ainsi, les thermom\u00e8tres ne d\u00e9passeront plus 0 \u00e0 3\u00b0C l\u2019apr\u00e8s-midi dans la moiti\u00e9 est et 4 \u00e0 7\u00b0C dans l\u2019ouest, un peu plus pour le littoral breton et les c\u00f4tes m\u00e9diterran\u00e9ennes. Ces valeurs se situeront ainsi en dessous des normales pour un mois de janvier ! Dans le m\u00eame temps, les gel\u00e9es matinales feront leur retour \u00e0 partir de dimanche dans l\u2019est avant de gagner toutes les r\u00e9gions la semaine prochaine. Associ\u00e9 \u00e0 ce froid, le vent d\u2019est \u00e0 nord-est va se lever pour souffler \u00e0 50 ou 60 km\/h, accentuant nettement le ressenti hivernal.<\/p>\n\n\n\n<p>Risque de neige en plaine ?<\/p>\n\n\n\n<p>Si le temps sera sec et souvent ensoleill\u00e9 en premi\u00e8re partie de semaine, les pr\u00e9cipitations pourraient revenir \u00e0 partir de mercredi par l\u2019est ou le sud-est. Avec le froid pr\u00e9sent, elles se produiront sous forme de neige en montagne, en particulier sur les Alpes frontali\u00e8res et du Sud. Pour l\u2019heure, la situation reste incertaine \u00e0 cette \u00e9ch\u00e9ance mais il n\u2019est pas exclu que ces chutes de neige d\u00e9bordent jusqu\u2019en plaine dans l\u2019est et le centre du pays. A suivre\u2026<\/p>\n","protected":false},"excerpt":{"rendered":"<p>10\u00b0C PERDUS &#8211; Apr\u00e8s plusieurs jours d&rsquo;une extr\u00eame douceur &#8211; avec m\u00eame des records battus dans l&rsquo;Est en d\u00e9but de semaine &#8211; les temp\u00e9ratures vont fortement chuter \u00e0 partir de ce week-end. Certaines r\u00e9gions vont perdre une dizaine de degr\u00e9s. Voici les pr\u00e9visions. Cette fois-ci, c\u2019est (vraiment) fini ! La douceur record des derni\u00e8res semaines [&hellip;]<\/p>\n","protected":false},"author":2,"featured_media":10650,"comment_status":"open","ping_status":"open","sticky":false,"template":"","format":"standard","meta":{"_jetpack_memberships_contains_paid_content":false,"footnotes":"","jetpack_publicize_message":"","jetpack_publicize_feature_enabled":true,"jetpack_social_post_already_shared":true,"jetpack_social_options":{"image_generator_settings":{"template":"highway","default_image_id":0,"font":"","enabled":false},"version":2},"_wpas_customize_per_network":false},"categories":[14],"tags":[2602],"class_list":["post-10649","post","type-post","status-publish","format-standard","has-post-thumbnail","hentry","category-actu-meteo","tag-offensive-du-froid"],"jetpack_publicize_connections":[],"jetpack_featured_media_url":"https:\/\/i0.wp.com\/www.iceagetv.com\/radiosite\/wp-content\/uploads\/2018\/11\/offensive-du-froid-risque-de-neige.jpeg?fit=613%2C344&ssl=1","jetpack_sharing_enabled":true,"_links":{"self":[{"href":"https:\/\/www.iceagetv.com\/radiosite\/wp-json\/wp\/v2\/posts\/10649","targetHints":{"allow":["GET"]}}],"collection":[{"href":"https:\/\/www.iceagetv.com\/radiosite\/wp-json\/wp\/v2\/posts"}],"about":[{"href":"https:\/\/www.iceagetv.com\/radiosite\/wp-json\/wp\/v2\/types\/post"}],"author":[{"embeddable":true,"href":"https:\/\/www.iceagetv.com\/radiosite\/wp-json\/wp\/v2\/users\/2"}],"replies":[{"embeddable":true,"href":"https:\/\/www.iceagetv.com\/radiosite\/wp-json\/wp\/v2\/comments?post=10649"}],"version-history":[{"count":1,"href":"https:\/\/www.iceagetv.com\/radiosite\/wp-json\/wp\/v2\/posts\/10649\/revisions"}],"predecessor-version":[{"id":10651,"href":"https:\/\/www.iceagetv.com\/radiosite\/wp-json\/wp\/v2\/posts\/10649\/revisions\/10651"}],"wp:featuredmedia":[{"embeddable":true,"href":"https:\/\/www.iceagetv.com\/radiosite\/wp-json\/wp\/v2\/media\/10650"}],"wp:attachment":[{"href":"https:\/\/www.iceagetv.com\/radiosite\/wp-json\/wp\/v2\/media?parent=10649"}],"wp:term":[{"taxonomy":"category","embeddable":true,"href":"https:\/\/www.iceagetv.com\/radiosite\/wp-json\/wp\/v2\/categories?post=10649"},{"taxonomy":"post_tag","embeddable":true,"href":"https:\/\/www.iceagetv.com\/radiosite\/wp-json\/wp\/v2\/tags?post=10649"}],"curies":[{"name":"wp","href":"https:\/\/api.w.org\/{rel}","templated":true}]}}