{"id":10678,"date":"2018-11-18T17:07:35","date_gmt":"2018-11-18T17:07:35","guid":{"rendered":"http:\/\/www.iceagetv.com\/radiosite\/?p=10678"},"modified":"2018-11-18T17:07:43","modified_gmt":"2018-11-18T17:07:43","slug":"caen-les-gendarmes-dispersent-avec-des-lacrymos-un-millier-de-manifestants-qui-occupaient-un-echangeur","status":"publish","type":"post","link":"https:\/\/www.iceagetv.com\/radiosite\/caen-les-gendarmes-dispersent-avec-des-lacrymos-un-millier-de-manifestants-qui-occupaient-un-echangeur\/","title":{"rendered":"Caen: Les gendarmes dispersent avec des lacrymos un millier de manifestants qui occupaient un \u00e9changeur"},"content":{"rendered":"\n<p><strong>Les forces de l\u2019ordre sont intervenus il y a quelques minutes au niveau de l\u2019\u00e9changeur d\u2019Ifs au sud de Caen pour disperser un millier de gilets jaunes, notamment au moyen de gaz lacrymog\u00e8ne<\/strong>, a constat\u00e9 un journaliste de l\u2019AFP. Arriv\u00e9s par l\u2019est de l\u2019\u00e9changeur, neuf cars de gendarmes mobiles \u00e9taient visibles au niveau de l\u2019\u00e9changeur &#8211; le plus important point de blocage autour de l\u2019agglom\u00e9ration de Caen dimanche -, o\u00f9 les forces de l\u2019ordre se sont d\u00e9ploy\u00e9es. Les \u00abgilets jaunes\u00bb y avaient install\u00e9 un barrage filtrant \u00e0 la mi-journ\u00e9e, laissant passer les v\u00e9hicules au compte-goutte. Vers 16H30, devant l\u2019arriv\u00e9e d\u2019un groupe de manifestants formant un bloc assez compact, les forces de l\u2019ordre ont us\u00e9 de gaz lacrymog\u00e8ne pour les disperser. La plupart ont rebrouss\u00e9 chemin et les gendarmes ont aussi essuy\u00e9 quelques jets de bouteilles.Le maire de Lyon G\u00e9rard Collomb, qui a quitt\u00e9 le minist\u00e8re de l&rsquo;Int\u00e9rieur il y a un mois et demi, a appel\u00e9 dimanche \u00e0 \u00ab\u00a0\u00eatre \u00e0 l&rsquo;\u00e9coute de nos territoires\u00a0\u00bb face au mouvement des \u00ab\u00a0gilets jaunes\u00a0\u00bb. \u00ab\u00a0Il nous faut plus que jamais \u00eatre \u00e0 l&rsquo;\u00e9coute de nos territoires et rassembler nos concitoyens pour r\u00e9pondre aux d\u00e9fis actuels et \u00e0 venir. #GiletsJaunes\u00a0\u00bb, \u00e9crit-il sur Twitter.<\/p>\n\n\n\n<p><strong>La m\u00e8re de famille qui a heurt\u00e9 une participante \u00e0 un barrage des \u00ab\u00a0gilets jaunes\u00a0\u00bb, samedi \u00e0 Pont-de-Beauvoisin, a \u00e9t\u00e9 mise en examen et plac\u00e9e sous contr\u00f4le judiciaire dimanche<\/strong>.&nbsp;Elle est poursuivie \u00ab\u00a0pour violences volontaires avec arme par destination (en l&rsquo;esp\u00e8ce la voiture, ndlr) ayant entra\u00een\u00e9 la mort sans intention de la donner\u00a0\u00bb, selon le parquet. Sa garde \u00e0 vue a \u00e9t\u00e9 lev\u00e9e dimanche matin et elle a \u00e9t\u00e9 plac\u00e9e sous contr\u00f4le judiciaire. Les enfants de la victime seront avis\u00e9s par le juge d&rsquo;instruction saisi de leur possibilit\u00e9 de se constituer parties civiles s&rsquo;ils le souhaitent, ajoute-t-il.<\/p>\n\n\n\n<p>La mobilisation de pr\u00e8s de 290.000 \u00ab\u00a0gilets jaunes\u00a0\u00bb samedi partout en France a \u00e9t\u00e9 entach\u00e9e par le d\u00e9c\u00e8s samedi matin d&rsquo;une manifestante de 63 ans percut\u00e9e par une conductrice prise de panique, sur une manifestation r\u00e9unissant alors une quarantaine de personnes et qui n&rsquo;avait pas \u00e9t\u00e9 d\u00e9clar\u00e9e en pr\u00e9fecture. Au volant de son 4&#215;4, elle a \u00e9t\u00e9 prise dans un barrage alors qu&rsquo;elle devait emmener sa fille chez le m\u00e9decin. \u00ab\u00a0Des personnes ont tap\u00e9 sur sa voiture; elle a paniqu\u00e9 et a acc\u00e9l\u00e9r\u00e9\u00a0\u00bb, avait expliqu\u00e9 samedi le pr\u00e9fet de Savoie.<br>Jacline Mouraud avait d\u00e9nonc\u00e9 la \u00ab\u00a0responsabilit\u00e9 de l&rsquo;\u00c9tat\u00a0\u00bb apr\u00e8s la mort d&rsquo;une manifestante en Savoie. Ce matin, Christophe Castaner a r\u00e9pondu \u00e0 celle qui est devenue une figure des \u00ab\u00a0gilets jaunes\u00a0\u00bb. \u00ab\u00a0Cette dame devient une star m\u00e9diatique et est pr\u00eate \u00e0 dire n&rsquo;importe quoi et \u00e0 faire n&rsquo;importe quoi, a-t-il d\u00e9clar\u00e9. Assumons nos responsabilit\u00e9s. J&rsquo;aimerai que Jacline, qui a appel\u00e9 \u00e0 se mobiliser et \u00e0 d\u00e9sorganiser le pays, assume aussi ses responsabilit\u00e9s\u00a0\u00bb.<br><strong>Fran\u00e7ois de Rugy, ministre de la Transition \u00e9cologique et solidaire, annonce dans le Parisien que le gouvernement ne fl\u00e9chira pas concernant l\u2019application de la taxe carbone au 1er janvier. Fran\u00e7ois de Rugy dit comprendre les raisons du mouvement. \u00ab C\u2019est une col\u00e8re qui vient de loin \u00bb, analyse-t-il. Mais il assume : le gouvernement ne changera pas de cap, car \u00ab il faut se lib\u00e9rer du tout p\u00e9trole \u00bb.<\/strong><\/p>\n","protected":false},"excerpt":{"rendered":"<p>Les forces de l\u2019ordre sont intervenus il y a quelques minutes au niveau de l\u2019\u00e9changeur d\u2019Ifs au sud de Caen pour disperser un millier de gilets jaunes, notamment au moyen de gaz lacrymog\u00e8ne, a constat\u00e9 un journaliste de l\u2019AFP. Arriv\u00e9s par l\u2019est de l\u2019\u00e9changeur, neuf cars de gendarmes mobiles \u00e9taient visibles au niveau de l\u2019\u00e9changeur [&hellip;]<\/p>\n","protected":false},"author":2,"featured_media":10679,"comment_status":"open","ping_status":"open","sticky":false,"template":"","format":"standard","meta":{"_jetpack_memberships_contains_paid_content":false,"footnotes":"","jetpack_publicize_message":"","jetpack_publicize_feature_enabled":true,"jetpack_social_post_already_shared":true,"jetpack_social_options":{"image_generator_settings":{"template":"highway","default_image_id":0,"font":"","enabled":false},"version":2},"_wpas_customize_per_network":false},"categories":[405],"tags":[],"class_list":["post-10678","post","type-post","status-publish","format-standard","has-post-thumbnail","hentry","category-actu-france-monde"],"jetpack_publicize_connections":[],"jetpack_featured_media_url":"https:\/\/i0.wp.com\/www.iceagetv.com\/radiosite\/wp-content\/uploads\/2018\/11\/Caen.jpg?fit=750%2C324&ssl=1","jetpack_sharing_enabled":true,"_links":{"self":[{"href":"https:\/\/www.iceagetv.com\/radiosite\/wp-json\/wp\/v2\/posts\/10678","targetHints":{"allow":["GET"]}}],"collection":[{"href":"https:\/\/www.iceagetv.com\/radiosite\/wp-json\/wp\/v2\/posts"}],"about":[{"href":"https:\/\/www.iceagetv.com\/radiosite\/wp-json\/wp\/v2\/types\/post"}],"author":[{"embeddable":true,"href":"https:\/\/www.iceagetv.com\/radiosite\/wp-json\/wp\/v2\/users\/2"}],"replies":[{"embeddable":true,"href":"https:\/\/www.iceagetv.com\/radiosite\/wp-json\/wp\/v2\/comments?post=10678"}],"version-history":[{"count":1,"href":"https:\/\/www.iceagetv.com\/radiosite\/wp-json\/wp\/v2\/posts\/10678\/revisions"}],"predecessor-version":[{"id":10680,"href":"https:\/\/www.iceagetv.com\/radiosite\/wp-json\/wp\/v2\/posts\/10678\/revisions\/10680"}],"wp:featuredmedia":[{"embeddable":true,"href":"https:\/\/www.iceagetv.com\/radiosite\/wp-json\/wp\/v2\/media\/10679"}],"wp:attachment":[{"href":"https:\/\/www.iceagetv.com\/radiosite\/wp-json\/wp\/v2\/media?parent=10678"}],"wp:term":[{"taxonomy":"category","embeddable":true,"href":"https:\/\/www.iceagetv.com\/radiosite\/wp-json\/wp\/v2\/categories?post=10678"},{"taxonomy":"post_tag","embeddable":true,"href":"https:\/\/www.iceagetv.com\/radiosite\/wp-json\/wp\/v2\/tags?post=10678"}],"curies":[{"name":"wp","href":"https:\/\/api.w.org\/{rel}","templated":true}]}}