{"id":10688,"date":"2018-11-20T19:31:03","date_gmt":"2018-11-20T19:31:03","guid":{"rendered":"http:\/\/www.iceagetv.com\/radiosite\/?p=10688"},"modified":"2018-11-20T19:31:12","modified_gmt":"2018-11-20T19:31:12","slug":"gilets-jaunes-le-point-sur-la-mobilisation-mardi-region-par-region","status":"publish","type":"post","link":"https:\/\/www.iceagetv.com\/radiosite\/gilets-jaunes-le-point-sur-la-mobilisation-mardi-region-par-region\/","title":{"rendered":"Gilets jaunes\u00a0\u00bb : le point sur la mobilisation mardi r\u00e9gion par r\u00e9gion"},"content":{"rendered":"\n<p>La mobilisation des \u00ab\u00a0<a href=\"https:\/\/www.francetvinfo.fr\/economie\/transports\/mobilisation-du-17-novembre\/\" target=\"_blank\" rel=\"noreferrer noopener\">gilets jaunes<\/a>\u00a0\u00bb se poursuit. Apr\u00e8s&nbsp;<a href=\"https:\/\/www.francetvinfo.fr\/economie\/transports\/mobilisation-du-17-novembre\/video-282-000-manifestants-un-mort-et-227-blesses-le-ministre-de-l-interieur-dresse-le-bilan-de-la-mobilisation-des-gilets-jaunes_3039461.html\" target=\"_blank\" rel=\"noreferrer noopener\">la grande journ\u00e9e de mobilisation<\/a>&nbsp;du 17 novembre, les blocages continuent mardi 20 novembre, pour le quatri\u00e8me jour cons\u00e9cutif. Voici le point sur les actions en cours dans les diff\u00e9rentes r\u00e9gions.<\/p>\n\n\n\n<h2 class=\"wp-block-heading\">Alsace<\/h2>\n\n\n\n<p>Des blocages sont signal\u00e9s \u00e0 Schwindratzheim (<strong>Bas-Rhin<\/strong>) \u00e0 la barri\u00e8re de p\u00e9age, mais aussi \u00e0 Sarre-Union, Roppenheim, Rothau, dans le Val de Vill\u00e9, mais aussi \u00e0 Burnhaupt-le-Haut (<strong>Haut-Rhin<\/strong>) et Malmerspach et Saint-Amarin, affirme&nbsp;<a href=\"https:\/\/www.francebleu.fr\/infos\/transports\/gilets-jaunes-en-alsace-encore-des-points-de-blocage-ce-mardi-1542698713\" target=\"_blank\" rel=\"noreferrer noopener\">France Bleu Alsace<\/a>.<\/p>\n\n\n\n<h2 class=\"wp-block-heading\">Auvergne-Rh\u00f4ne-Alpes<\/h2>\n\n\n\n<p>Dans le&nbsp;<strong>Puy-de-D\u00f4me<\/strong>, la trentaine de manifestants qui bloquaient mardi matin le d\u00e9p\u00f4t de carburant de Cournon-d&rsquo;Auvergne ont \u00e9t\u00e9 dispers\u00e9s par les CRS, annonce&nbsp;<a href=\"https:\/\/www.francebleu.fr\/infos\/faits-divers-justice\/gilets-jaunes-le-depot-petrolier-degage-par-les-crs-a-cournon-d-auvergne-1542707578\" target=\"_blank\" rel=\"noreferrer noopener\">France Bleu Pays d&rsquo;Auvergne<\/a>.&nbsp;Les CRS ont d&rsquo;abord charg\u00e9 avant l&rsquo;intervention d&rsquo;une tractopelle pour d\u00e9gager la barricade de palettes. Les \u00ab\u00a0gilets jaunes\u00a0\u00bb promettent de revenir, selon France Bleu.<\/p>\n\n\n\n<p>En&nbsp;<strong>Ard\u00e8che<\/strong>, des blocages ont \u00e9t\u00e9 signal\u00e9s \u00e0 Dav\u00e8zieux, Serri\u00e9res et Saint-Just-d&rsquo;Ard\u00e8che, rapporte&nbsp;<a href=\"https:\/\/www.francebleu.fr\/infos\/societe\/drome-ardeche-les-conditions-de-circulation-ce-mardi-1542694576\" target=\"_blank\" rel=\"noreferrer noopener\">France Bleu Dr\u00f4me-Ard\u00e8che<\/a>, mais aussi \u00e0 l\u2019\u00e9changeur de l&rsquo;autoroute A7 \u00e0 Mont\u00e9limar Nord (<strong>Dr\u00f4me<\/strong>).&nbsp;<\/p>\n\n\n\n<p>Une quinzaine de \u00ab\u00a0gilets jaunes\u00a0\u00bb se sont post\u00e9s mardi matin devant le d\u00e9p\u00f4t p\u00e9trolier de Vovray en\u00a0<strong>Haute-Savoie<\/strong>, au nord d\u2019Annecy, rapporte\u00a0<a rel=\"noreferrer noopener\" href=\"https:\/\/www.francebleu.fr\/pays-de-savoie\" target=\"_blank\">France Bleu Pays de Savoie<\/a>, qui indique qu&rsquo;il n&rsquo;y a pas de blocage, mais un ralentissement de l\u2019activit\u00e9\u00a0et\u00a0des camions qui viennent au d\u00e9p\u00f4t. Une douzaine de camions se sont mis sur le c\u00f4t\u00e9 d\u2019eux-m\u00eames et ne rentrent pas dans le d\u00e9p\u00f4t. La police est pr\u00e9sente sur place.<\/p>\n\n\n\n<h2 class=\"wp-block-heading\">Bourgogne-Franche-Comt\u00e9<\/h2>\n\n\n\n<p>Dans l\u2019<strong>Yonne<\/strong>, les manifestants ont r\u00e9investi mardi matin le rond-point de Rosa Park, au sud de Sens, rapporte&nbsp;<a href=\"https:\/\/www.francebleu.fr\/bourgogne\" target=\"_blank\" rel=\"noreferrer noopener\">France Bleu Bourgogne<\/a>. Lundi soir, les CRS ont d\u00e9bloqu\u00e9 ce rond-point o\u00f9 200 camions \u00e9taient immobilis\u00e9s.<\/p>\n\n\n\n<p>Les forces de l&rsquo;ordre ont \u00e9vacu\u00e9 mardi matin le barrage mis en place par des \u00ab\u00a0gilets jaunes\u00a0\u00bb devant l&rsquo;entrep\u00f4t Easydis de Besan\u00e7on (<strong>Doubs<\/strong>), qui alimente les sypermarch\u00e9s Casino de la r\u00e9gion, rapporte&nbsp;<a href=\"https:\/\/www.francebleu.fr\/infos\/economie-social\/ne-laissera-pas-bloquer-l-economie-du-doubs-le-prefet-ordonne-l-evacuation-du-barrage-devant-les-1542709469\" target=\"_blank\" rel=\"noreferrer noopener\">France Bleu Besan\u00e7on<\/a>.&nbsp;<em>\u00ab\u00a0La manifestation oui, mais on ne peut pas laisser bloquer le d\u00e9partement\u00a0\u00bb<\/em>, a affirm\u00e9 le pr\u00e9fet du Doubs, Jo\u00ebl Mathurin, joint par France Bleu Besan\u00e7on, qui a ordonn\u00e9 l&rsquo;\u00e9vacuation de ce barrage compos\u00e9 d&rsquo;une vingtaine de manifestants. Il dit \u00e9galement constater une&nbsp;<em>\u00ab\u00a0\u00e9volution dans les personnes qui manifestent\u00a0\u00bb<\/em>&nbsp;et&nbsp;<em>\u00ab\u00a0une forme de jusqu&rsquo;au-boutisme de certains manifestant\u00a0\u00bb<\/em>.<\/p>\n\n\n\n<h2 class=\"wp-block-heading\">Bretagne<\/h2>\n\n\n\n<p>Dans les&nbsp;<strong>C\u00f4tes-d&rsquo;Armor<\/strong>, des \u00ab\u00a0gilets jaunes\u00a0\u00bb sont encore pr\u00e9sents \u00e0 Plaintel, Langueux, Loud\u00e9ac, Dinan et Guingamp, selon les informations de&nbsp;<a href=\"https:\/\/www.francebleu.fr\/infos\/faits-divers-justice\/video-gilets-jaunes-en-bretagne-la-mobilisation-ce-mardi-1542682877\" target=\"_blank\" rel=\"noreferrer noopener\">France Bleu Armorique<\/a>.<\/p>\n\n\n\n<p>En&nbsp;<strong>Ille-et-Vilaine<\/strong>, quelques personnes sont encore \u00e0 Javen\u00e9 pr\u00e8s de Foug\u00e8res.&nbsp;Les dizaines de \u00ab\u00a0gilets jaunes\u00a0\u00bb qui bloquaient le d\u00e9p\u00f4t p\u00e9trolier de Vern-sur-Seiche, au sud de Rennes, ont \u00e9t\u00e9 d\u00e9log\u00e9s par les CRS vers 6h45 mardi, rapporte la journaliste de franceinfo sur place. Ils bloquaient le site depuis lundi. L&rsquo;op\u00e9ration s&rsquo;est faite dans le calme.<\/p>\n\n\n\n<h2 class=\"wp-block-heading\">Centre-Val-de-Loire<\/h2>\n\n\n\n<p>Dans l&rsquo;<strong>Indre<\/strong>, un barrage filtre la circulation dans la zone commerciale \u00e0 Saint-Maur, rapporte&nbsp;<a href=\"https:\/\/www.francebleu.fr\/infos\/economie-social\/les-gilets-jaunes-toujours-mobilises-ce-mardi-matin-dans-le-berry-1542697692\" target=\"_blank\" rel=\"noreferrer noopener\">France Bleu Berry<\/a>. La circulation est aussi filtr\u00e9e \u00e0 Argenton-sur-Creuse. \u00c0 Montierchaume, la routes est totalement bloqu\u00e9e sur la nationale entre Ch\u00e2teauroux et Issoudun. La circulation est \u00e9galement bloqu\u00e9e \u00e0 la sortie de D\u00e9ols. Les gendarmes demandent aux \u00ab\u00a0gilets jaunes\u00a0\u00bb de filtrer la circulation pour ne pas p\u00e9naliser la zone \u00e9conomique de la Malterie.&nbsp;&nbsp;<\/p>\n\n\n\n<p>Dans le&nbsp;<strong>Cher<\/strong>, un barrage filtrant est en cours sauf pour les camions non frigorifiques, \u00e0 la Chapelle-Montlinard sur la RN151. La circulation est aussi filtr\u00e9e \u00e0 Cours-les-Barres au pont de Givry et \u00e0 Sancoins sur la D2076, en direction de Bourges.<\/p>\n\n\n\n<h2 class=\"wp-block-heading\">Corse<\/h2>\n\n\n\n<p>Les d\u00e9p\u00f4ts p\u00e9troliers de la Marana et de Lucciana, au sud de Bastia, qui \u00e9taient occup\u00e9s depuis plusieurs heures par des manifestants du mouvement des \u00ab\u00a0gilets jaunes\u00a0\u00bb, ont \u00e9t\u00e9 d\u00e9bloqu\u00e9s par les forces de l&rsquo;ordre mardi matin, rapportent&nbsp;<a href=\"https:\/\/www.francebleu.fr\/rcfm\" target=\"_blank\" rel=\"noreferrer noopener\">France Bleu RCFM<\/a>&nbsp;et la pr\u00e9fecture de Haute-Corse.<\/p>\n\n\n\n<p>\u00c0 la Marana, le d\u00e9p\u00f4t p\u00e9trolier a \u00e9t\u00e9 d\u00e9bloqu\u00e9 sur ordre de la pr\u00e9fecture et l&rsquo;alimentation des stations-services a repris normalement, m\u00eame si des \u00ab\u00a0gilets jaunes\u00a0\u00bb sont toujours pr\u00e9sents sur place, encadr\u00e9s par les forces de l&rsquo;ordre, indique France Bleu RCFM.&nbsp;\u00c0 Lucciana, le d\u00e9p\u00f4t p\u00e9trolier a \u00e9galement \u00e9t\u00e9 d\u00e9bloqu\u00e9 et alimente les stations-services normalement, indique la pr\u00e9fecture.<\/p>\n\n\n\n<p>Ces blocages, qui n&rsquo;auront dur\u00e9 que quelques heures, avaient occasionn\u00e9 des p\u00e9nuries de carburant dans plusieurs stations-services de la r\u00e9gion bastiaise, prises d&rsquo;assaut par les automobilistes dans la soir\u00e9e lundi soir.<\/p>\n\n\n\n<h2 class=\"wp-block-heading\">Grand-Est<\/h2>\n\n\n\n<p>Dans la&nbsp;<strong>Marne<\/strong>, des blocages ont lieu \u00e0 Cormontreuil, \u00e0 Thillois, sur la N44 \u00e0 Fr\u00e9gnicourt, \u00e0 M\u0153urs-Verdey pr\u00e8s de S\u00e9zanne et \u00e0 Beamont-sur-Vesle. D&rsquo;apr\u00e8s&nbsp;<a href=\"https:\/\/www.francebleu.fr\/champagne-ardenne\" target=\"_blank\" rel=\"noreferrer noopener\">France Bleu Champagne-Ardenne<\/a>, ce sont des barrages filtrants pacifistes, les voitures passent au compte-gouttes. Des blocages sont aussi mis en place \u00e0 Vitry-le-Fran\u00e7ois.<\/p>\n\n\n\n<p>En&nbsp;<strong>Haute-Marne<\/strong>, des barrages filtrants sont en cours sur la nationale 4 \u00e0 Hallignicourt en direction de Saint-Dizier.<\/p>\n\n\n\n<p>Dans les&nbsp;<strong>Ardennes<\/strong>, \u00e0 Charleville-M\u00e9zi\u00e8res, le rond point de la Croisette est bloqu\u00e9 par des \u00ab\u00a0gilets jaunes\u00a0\u00bb, qui ont pass\u00e9 la nuit sur place.<\/p>\n\n\n\n<h2 class=\"wp-block-heading\">Hauts-de-France<\/h2>\n\n\n\n<p>Dans le&nbsp;<strong>Nord<\/strong>, de nouveaux blocages sont en cours sur le rond point de Seclin, pr\u00e8s de l&rsquo;autoroute A1, sur l&rsquo;autoroute A26, \u00e0 Dechy pr\u00e8s de Douai, \u00e0 B\u00e9thune et \u00e0 Maubeuge, rapporte&nbsp;<a href=\"https:\/\/www.francebleu.fr\/nord\" target=\"_blank\" rel=\"noreferrer noopener\">France Bleu Nord<\/a>.<\/p>\n\n\n\n<p>Dans la&nbsp;<strong>Somme<\/strong>, les op\u00e9rations de filtrages ont repris mardi matin \u00e0 Flixecourt, sur la d\u00e9partementale 1001, rapporte&nbsp;<a href=\"https:\/\/www.francebleu.fr\/infos\/transports\/direct-la-mobilisation-des-gilets-jaunes-continue-dans-la-somme-ce-mardi-1542692615\" target=\"_blank\" rel=\"noreferrer noopener\">France Bleu Picardie<\/a>. \u00c0 Doullens, des manifestants ont \u00e9galement pass\u00e9 la nuit sur leur point de blocage situ\u00e9 sur l&rsquo;axe Doullens-Arras (N25). Un appel sur les r\u00e9seaux sociaux a \u00e9t\u00e9 lanc\u00e9 pour une op\u00e9ration escargot \u00e0 partir de 7 heures au d\u00e9part d&rsquo;Amiens-Nord en direction de la zone commerciale G\u00e9ant de Glisy. Sur la zone commerciale G\u00e9ant Glisy les op\u00e9rations de filtrages ont repris depuis 6h30.&nbsp;<\/p>\n\n\n\n<h2 class=\"wp-block-heading\">\u00cele-de-France<\/h2>\n\n\n\n<p>Les CRS sont intervenus mardi matin pour d\u00e9bloquer la raffinerie Total de Grandpuits, en&nbsp;<strong>Seine-et-Marne<\/strong>, dont l&rsquo;acc\u00e8s \u00e9tait barr\u00e9 depuis lundi soir par une cinquantaine de manifestants du mouvement des \u00ab\u00a0gilets jaunes\u00a0\u00bb, rapporte&nbsp;<a href=\"https:\/\/www.francebleu.fr\/infos\/economie-social\/gilets-jaunes-l-acces-a-la-raffinerie-de-grandpuits-seine-et-marne-est-bloquee-1542703660\" target=\"_blank\" rel=\"noreferrer noopener\">France Bleu Paris<\/a>.<\/p>\n\n\n\n<h2 class=\"wp-block-heading\">La R\u00e9union<\/h2>\n\n\n\n<p>La pr\u00e9fecture de La R\u00e9union a d\u00e9cid\u00e9 de fermer tous les \u00e9tablissements scolaires et cr\u00e8ches de l&rsquo;\u00eele pour la journ\u00e9e de mardi, rapporte&nbsp;<a href=\"https:\/\/la1ere.francetvinfo.fr\/reunion\/lundi-noir-point-blocages-reunion-651506.html\" target=\"_blank\" rel=\"noreferrer noopener\">R\u00e9union La 1\u00e8re<\/a>, apr\u00e8s une&nbsp;quatri\u00e8me nuit de violences en lien \u00e0 la mobilisation des \u00ab\u00a0gilets jaunes\u00a0\u00bb. Les services municipaux de Saint-Paul et de Saint-Louis sont aussi ferm\u00e9s, indiquent les mairies. De nombreux barrages ont \u00e9t\u00e9 mis en place par les manifestants, \u00e0 Saint-Andr\u00e9, Saint-Louis et Saint-Paul notamment.<\/p>\n\n\n\n<p>Dans la nuit de lundi \u00e0 mardi, des commerces ont \u00e9t\u00e9 incendi\u00e9s et vandalis\u00e9s au Port, \u00e0 Saint-Denis, mais aussi \u00e0 Saint-Paul. Le McDonald&rsquo;s du Port a \u00e9t\u00e9 vandalis\u00e9 et pill\u00e9 dans la nuit. Des affrontements ont aussi eu lieu entre groupes de jeunes et forces de l&rsquo;ordre dans plusieurs communes de l&rsquo;\u00eele.&nbsp;Selon R\u00e9union La 1\u00e8re,&nbsp;<em>\u00ab\u00a0l\u2019h\u00e9licopt\u00e8re de la gendarmerie a encore \u00e9t\u00e9 mobilis\u00e9 une bonne partie de la soir\u00e9e pour survoler Saint-Denis\u00a0\u00bb<\/em>. Des renforts de gendarmes mobiles sont arriv\u00e9s dans l\u2019\u00eele lundi soir, en provenance de Mayotte, suite \u00e0 la demande de la pr\u00e9fecture de La R\u00e9union.<\/p>\n\n\n\n<p>Un&nbsp;<a href=\"https:\/\/www.francetvinfo.fr\/economie\/transports\/mobilisation-du-17-novembre\/gilets-jaunes-apres-des-violences-urbaines-un-couvre-feu-a-ete-mis-en-place-a-la-reunion-jusqu-a-vendredi_3043319.html\" target=\"_blank\" rel=\"noreferrer noopener\">couvre-feu a \u00e9t\u00e9 mis en place<\/a>&nbsp;sur l&rsquo;\u00eele jusqu&rsquo;\u00e0 vendredi, entre 21 heures \u00e0 6 heures, dans les 12 communes les plus touch\u00e9es par les troubles.<\/p>\n\n\n\n<h2 class=\"wp-block-heading\">Normandie<\/h2>\n\n\n\n<p>Des manifestants ont mis en place un barrage filtrant \u00e0 l&rsquo;entr\u00e9e de Rouen (<strong>Seine Maritime<\/strong>) depuis l&rsquo;autoroute A13 mardi matin, dans le sens Caen-Paris, rapporte&nbsp;<a href=\"https:\/\/www.francebleu.fr\/infos\/normandie-rouen\" target=\"_blank\" rel=\"noreferrer noopener\">France Bleu Normandie<\/a>. Les \u00ab\u00a0gilets jaunes\u00a0\u00bb ont aussi allum\u00e9 des feux de palettes.<\/p>\n\n\n\n<p>Une intervention de d\u00e9blocage est en cours sur la porte d&rsquo;Espagne du p\u00e9riph\u00e9rique de Caen (<strong>Calvados<\/strong>).&nbsp;<em>\u00ab\u00a0Des comportements irresponsables et dangereux des manifestants ont conduit le pr\u00e9fet \u00e0 demander aux forces de s\u00e9curit\u00e9 la lib\u00e9ration de cet axe de circulation\u00a0\u00bb<\/em>, annonce la pr\u00e9fecture.<\/p>\n\n\n\n<p>\u00c0 Cherbourg (<strong>Manche<\/strong>), une op\u00e9ration escargot est en cours entre Montebourg et Cherbourg, selon&nbsp;<a href=\"https:\/\/www.francebleu.fr\/infos\/economie-social\/gilets-jaunes-les-blocages-dans-la-manche-ce-mardi-1542698561\" target=\"_blank\" rel=\"noreferrer noopener\">France Bleu Cotentin<\/a>. Des barrages filtrants ou bloquants ont lieu \u00e0 Flamanville, Beaumont-Hague, Les Pieux, Martinvast, Helleville, Bricquebec, Carentan et Valognes. Sur l&rsquo;autoroute A84, dans le sens Rennes-Caen, les bretelles d&rsquo;acc\u00e8s entre La Colombe dans la Manche, et&nbsp; Saint-Ouen-des-Besaces dans le Calvados sont ferm\u00e9es. Un blocage est aussi signal\u00e9 sur la nationale 174 \u00e0 Cond\u00e9-sur-Vire. Des blocages sont aussi signal\u00e9s \u00e0 La Haye du Puits, Coutances et Saint-L\u00f4. Dans le sud du d\u00e9partement c&rsquo;est sur Ducey et Avranches que \u00e7a bloque.&nbsp;<\/p>\n\n\n\n<h2 class=\"wp-block-heading\">Nouvelle-Aquitaine<\/h2>\n\n\n\n<p>En&nbsp;<strong>Dordogne<\/strong>, les \u00ab\u00a0gilets jaunes\u00a0\u00bb pr\u00e9voient de se mobiliser dans neuf villes. Un d\u00e9fil\u00e9 est pr\u00e9vu jusqu&rsquo;au centre des imp\u00f4ts de Terrasson-Lavilledieu \u00e0 partir de 8 heures. Des barrages filtrants sont pr\u00e9vus \u00e0 Mussidan, Thiviers, Port-de-Couze, Bergerac, Sarlat, Tr\u00e9lissac, Marsac\/Chancelade. \u00c0 Creysse, une action est aussi pr\u00e9vue sur un rond-point, d\u00e8s 7 heures.<\/p>\n\n\n\n<p>En&nbsp;<strong>Gironde<\/strong>, deux barrages filtrants sont mis en place par les \u00ab\u00a0gilets jaunes\u00a0\u00bb, rapporte&nbsp;<a href=\"https:\/\/www.francebleu.fr\/gironde\" target=\"_blank\" rel=\"noreferrer noopener\">France Bleu Gironde<\/a>. L&rsquo;un est \u00e0 Saint-Andr\u00e9-de-Cubzac sur la nationale 10, l&rsquo;autre sur l&rsquo;autoroute A63 au Sud de Bordeaux. Les manifestants laissent passer les voitures mais pas les camions, mais il n&rsquo;y a pas de blocage total pour l\u2019instant.<\/p>\n\n\n\n<p>Dans la&nbsp;<strong>Vienne<\/strong>, trois&nbsp;barrages filtrants&nbsp;sont en cours, selon la pr\u00e9fecture et Bison Fut\u00e9 : \u00e0&nbsp;Ch\u00e2tellerault au niveau du rond-point de la main jaune, les \u00ab\u00a0gilets jaunes\u00a0\u00bb bloquent l\u2019acc\u00e8s \u00e0 l\u2019A10 sur l\u2019acc\u00e8s de Ch\u00e2tellerault nord.&nbsp;Barrage aussi \u00e0 Croutelle, au sud de Poitiers, sur la nationale 10 et&nbsp;\u00e0 Poitiers au niveau du rond-point d&rsquo;Auchan sud.<\/p>\n\n\n\n<p>La rocade de La Rochelle (<strong>Charente-Maritime<\/strong>) est bloqu\u00e9e mardi par des \u00ab\u00a0gilets jaunes\u00a0\u00bb au niveau de la sortie direction le port de commerce de La Pallice et des deux d\u00e9p\u00f4ts de carburants qui s\u2019y trouvent, annonce&nbsp;<a href=\"https:\/\/www.francebleu.fr\/infos\/societe\/gilets-jaunes-les-depots-petroliers-de-la-rochelle-sont-bloques-1542608950\" target=\"_blank\" rel=\"noreferrer noopener\">France Bleu La Rochelle<\/a>.<\/p>\n\n\n\n<p>Dans les&nbsp;<strong>Deux-S\u00e8vres<\/strong>, les camions ne peuvent plus prendre l&rsquo;A10 pour rejoindre Bordeaux. Ils sont oblig\u00e9 de s\u2019arr\u00eater, la pr\u00e9fecture pr\u00e9voit 200 \u00e0 300 camions dans la zone de stockage de la Cr\u00e8che.<\/p>\n\n\n\n<h2 class=\"wp-block-heading\">Occitanie<\/h2>\n\n\n\n<p>Les gendarmes ont d\u00e9bloqu\u00e9 le d\u00e9p\u00f4t p\u00e9trolier Total de Lespinasse, au nord de Toulouse (<strong>Haute-Garonne<\/strong>), mardi matin vers 9h30, rapporte&nbsp;<a href=\"https:\/\/www.francebleu.fr\/infos\/economie-social\/gilets-jaunes-encore-plusieurs-blocages-ce-mardi-en-occitanie-1542701719\">France Bleu Occitanie<\/a>. Le site \u00e9tait occup\u00e9 par des manifestants du mouvement des \u00ab\u00a0gilets jaunes\u00a0\u00bb depuis samedi soir.&nbsp;Dans un communiqu\u00e9, le pr\u00e9fet du d\u00e9partement indique avoir&nbsp;<em>\u00ab\u00a0d\u00e9cid\u00e9 de proc\u00e9der au r\u00e9tablissement de la libre circulation\u00a0\u00bb<\/em>&nbsp;et met en avant les&nbsp;<em>\u00ab\u00a0risques \u00e9conomiques qui s&rsquo;accentuent pour toutes les entreprises de Haute-Garonne\u00a0\u00bb<\/em>&nbsp;alors que plusieurs stations services de la r\u00e9gion toulousaine commencent \u00e0 manquer de carburant.<\/p>\n\n\n\n<p>Les \u00ab\u00a0gilets jaunes\u00a0\u00bb sont toujours post\u00e9s au rond-point du kilom\u00e8tre delta \u00e0 N\u00eemes (<strong>Gard<\/strong>), juste avant d&rsquo;entrer sur l&rsquo;A9. Ils ont mis en place un barrage filtrant. Sur la nationale 106 \u00e0 l\u2019entr\u00e9e d\u2019Al\u00e8s, le blocage a dur\u00e9 toute la nuit. Une quarantaine de camions ont&nbsp;\u00e9t\u00e9 bloqu\u00e9s par une cinquantaine de \u00ab\u00a0gilets jaunes\u00a0\u00bb.&nbsp;\u00c0&nbsp;N\u00eemes, la circulation est compliqu\u00e9e sur l&rsquo;A54, d&rsquo;apr\u00e8s&nbsp;<a href=\"https:\/\/www.francebleu.fr\/infos\/transports\/gilets-jaunes-dans-le-gard-et-en-lozere-le-point-sur-les-blocages-ce-mardi-1542696296\" target=\"_blank\" rel=\"noreferrer noopener\">France Bleu Gard-Loz\u00e8re<\/a>. Un blocage est en cours sur la route nationale 113, \u00e0 Gallargues-le-Montueux. Des barrages ont aussi \u00e9t\u00e9 signal\u00e9s \u00e0 Laudun-l&rsquo;Ardoise, Uz\u00e8s, Aimargues et \u00e0 Pont-Saint-Esprit. Par ailleurs, des agriculteurs bloquent la nationale 106 entre Garrigues et la Calmette. Ils se joignent individuellement aux \u00ab\u00a0gilets jaunes\u00a0\u00bb.<\/p>\n\n\n\n<p>En&nbsp;<strong>Loz\u00e8re<\/strong>, un blocage a lieu \u00e0 Mende, \u00e0 Bellegarde, aux Mages et \u00e0 la Grande Combe.<\/p>\n\n\n\n<p>Dans les&nbsp;<strong>Pyr\u00e9n\u00e9es-Orientales<\/strong>, les \u00ab\u00a0gilets jaunes\u00a0\u00bb ont mis en place un barrage bloquant sur la route d\u00e9partementale 900 au niveau de Villaverde, rapporte la pr\u00e9fecture. L&rsquo;\u00e9changeur 41 Perpignan-Nord est ferm\u00e9.<\/p>\n\n\n\n<p>Dans l&rsquo;<strong>H\u00e9rault<\/strong>, de nombreux camions sont stock\u00e9s sur la rocade ouest, \u00e0 B\u00e9ziers, rapporte&nbsp;<a href=\"https:\/\/www.francebleu.fr\/infos\/economie-social\/le-point-sur-les-blocages-des-gilets-jaunes-dans-l-herault-ce-mardi-1542698047\" target=\"_blank\" rel=\"noreferrer noopener\">France Bleu H\u00e9rault<\/a>. Des blocages sont en cours \u00e0 Frontignan, B\u00e9darieux, Saint-Pons-de-Thomi\u00e8res, Clermont-l&rsquo;H\u00e9rault. \u00c0 Lod\u00e8ve, des gilets jaunes bloquent l&rsquo;entr\u00e9e de l&rsquo;A75 au niveau de l&rsquo;\u00e9changeur 53 direction Millau. Sur l&rsquo;autoroute A9, l&rsquo;entr\u00e9e \u00e0 Agde est totalement impossible. Circulation compliqu\u00e9e au p\u00e9age de B\u00e9ziers, au p\u00e9age de Lunel, \u00e0 l&rsquo;entr\u00e9e de Gallargues, au rond-point de Vendargues.<\/p>\n\n\n\n<h2 class=\"wp-block-heading\">Pays de la Loire<\/h2>\n\n\n\n<p>Dans la&nbsp;<strong>Sarthe<\/strong>, des blocages ont lieu dans l&rsquo;agglom\u00e9ration du Mans, selon&nbsp;<a href=\"https:\/\/www.francebleu.fr\/infos\/economie-social\/gilets-jaunes-les-blocages-et-les-rassemblements-continuent-en-sarthe-ce-mardi-1542686773\" target=\"_blank\" rel=\"noreferrer noopener\">France Bleu Maine<\/a>. Les manifestants filtrent les entr\u00e9es de l&rsquo;autoroute A28. Les gilets jaunes ne laissent passer que les urgences. Des blocages ont aussi \u00e9t\u00e9 signal\u00e9s \u00e0 Cherr\u00e9, Maresch\u00e9, La Fl\u00e8che, Sabl\u00e9-sur-Sarthe. La circulation des bus et des tramways est perturb\u00e9e.&nbsp;<\/p>\n\n\n\n<p>En&nbsp;<strong>Loire-Atlantique<\/strong>, les \u00ab\u00a0gilets jaunes\u00a0\u00bb ont men\u00e9 une op\u00e9ration escargot sur le pont de Saint-Nazaire, dans le sens Saint-Nazaire-Saint-Br\u00e9vin, rapporte&nbsp;<a href=\"https:\/\/www.francebleu.fr\/infos\/economie-social\/quatrieme-journee-d-action-des-gilets-jaunes-en-loire-atlantique-et-en-vendee-1542706306\" target=\"_blank\" rel=\"noreferrer noopener\">France Bleu Loire Oc\u00e9an<\/a>&nbsp;mardi. L&rsquo;op\u00e9ration a engendr\u00e9 de gros bouchons. Selon la pr\u00e9fecture, \u00e0 8 heures, des barrages filtrants \u00e9taient aussi en place aux deux entr\u00e9es, nord et sud, du pont de Saint-Nazaire.&nbsp;Des barrages filtrants ont aussi \u00e9t\u00e9 mis en place \u00e0 Donges, \u00e0 Nantes et \u00e0 Saint-\u00c9tienne-de-Montluc.<\/p>\n\n\n\n<p>En&nbsp;<strong>Vend\u00e9e<\/strong>, les \u00ab\u00a0gilets jaunes\u00a0\u00bb se sont positionn\u00e9s au Leclerc de Challans. Il y avait aussi des ralentissements \u00e0 l&rsquo;entr\u00e9e de La-Roche-sur-Yon.<\/p>\n\n\n\n<h2 class=\"wp-block-heading\">Provence-Alpes-C\u00f4te d&rsquo;Azur<\/h2>\n\n\n\n<p>Dans le&nbsp;<strong>Vaucluse<\/strong>, 200 camions sont coinc\u00e9s \u00e0 cause d\u2019un blocage. L&rsquo;acc\u00e8s \u00e0 l&rsquo;autoroute A7, l&rsquo;entr\u00e9e et la sortie sont inaccessibles dans cette zone.&nbsp;L&rsquo;entr\u00e9e et la sortie de l&rsquo;autoroute \u00e0 Orange centre sont \u00e9galement compliqu\u00e9es \u00e0 cause de filtrages.&nbsp;Entr\u00e9e bloqu\u00e9e \u00e0 Avignon nord et sud au niveau de Bonpas mais sortie filtr\u00e9e. Des filtrages sont en cours au rond-point de R\u00e9alpanier en provenant de Saint-Saturnin et le Pontet.&nbsp;Des ralentissements, voire des barrages sont \u00e9galement constat\u00e9s aux entr\u00e9es et sorties de Cavaillon. L&rsquo;acc\u00e8s \u00e0 la ville est tr\u00e8s difficile par le rond-point du melon.&nbsp;Un filtrage tr\u00e8s serr\u00e9 a \u00e9t\u00e9 mis en place sur le pont de Rognonas.&nbsp;Un barrage filtrant s&rsquo;est aussi install\u00e9 \u00e0 nouveau au rond-point des Angles. Les manifestants ont amen\u00e9 ravitaillement et tentes pour tenir.&nbsp;Des barrages filtrants sont aussi signal\u00e9s \u00e0 Aubignan, au rond-point du chateau des&nbsp;trois fontaines \u00e0 Pernes-les-Fontaines et \u00e0 Lamotte-du-Rh\u00f4ne.<\/p>\n\n\n\n<p>Dans les&nbsp;<strong>Bouches-du-Rh\u00f4ne<\/strong>, le d\u00e9p\u00f4t p\u00e9trolier de Fos-sur-Mer est encore bloqu\u00e9 mardi matin, mais des fourgons de CRS se dirigent vers le site, d&rsquo;apr\u00e8s&nbsp;<a href=\"https:\/\/www.francebleu.fr\/infos\/economie-social\/direct-nouveaux-barrages-de-gilets-jaunes-mardi-dans-les-bouches-du-rhone-et-le-var-1542698442\" target=\"_blank\" rel=\"noreferrer noopener\">France Bleu Provence<\/a>. \u00c0 Martigues, le secteur de Lav\u00e9ra \u00e9tait compl\u00e8tement satur\u00e9. La sortie Lav\u00e9ra num\u00e9ro 36 sur l&rsquo;A55 \u00e0 Martigues \u00e9tait d&rsquo;ailleurs ferm\u00e9e. Un blocage est en cours \u00e0 Miramas. Un barrage filtrant au p\u00e9age de la Barque en direction de Lyon a \u00e9t\u00e9 install\u00e9 sur l&rsquo;autoroute A8. \u00c0 Brignoles sur l&rsquo;A8, les \u00ab\u00a0gilets jaunes\u00a0\u00bb ne laissaient passer personne. Sur l&rsquo;autoroute A52, un barrage filtrant a \u00e9t\u00e9 install\u00e9 \u00e0 Pont de l&rsquo;Etoile, au p\u00e9age d&rsquo;Auriol et \u00e0 la Ciotat dans les deux sens.&nbsp;<\/p>\n","protected":false},"excerpt":{"rendered":"<p>La mobilisation des \u00ab\u00a0gilets jaunes\u00a0\u00bb se poursuit. Apr\u00e8s&nbsp;la grande journ\u00e9e de mobilisation&nbsp;du 17 novembre, les blocages continuent mardi 20 novembre, pour le quatri\u00e8me jour cons\u00e9cutif. Voici le point sur les actions en cours dans les diff\u00e9rentes r\u00e9gions. Alsace Des blocages sont signal\u00e9s \u00e0 Schwindratzheim (Bas-Rhin) \u00e0 la barri\u00e8re de p\u00e9age, mais aussi \u00e0 Sarre-Union, Roppenheim, [&hellip;]<\/p>\n","protected":false},"author":2,"featured_media":10689,"comment_status":"open","ping_status":"open","sticky":false,"template":"","format":"standard","meta":{"_jetpack_memberships_contains_paid_content":false,"footnotes":"","jetpack_publicize_message":"","jetpack_publicize_feature_enabled":true,"jetpack_social_post_already_shared":true,"jetpack_social_options":{"image_generator_settings":{"template":"highway","default_image_id":0,"font":"","enabled":false},"version":2},"_wpas_customize_per_network":false},"categories":[405],"tags":[],"class_list":["post-10688","post","type-post","status-publish","format-standard","has-post-thumbnail","hentry","category-actu-france-monde"],"jetpack_publicize_connections":[],"jetpack_featured_media_url":"https:\/\/i0.wp.com\/www.iceagetv.com\/radiosite\/wp-content\/uploads\/2018\/11\/Gilets-jaunes-2.jpg?fit=1197%2C450&ssl=1","jetpack_sharing_enabled":true,"_links":{"self":[{"href":"https:\/\/www.iceagetv.com\/radiosite\/wp-json\/wp\/v2\/posts\/10688","targetHints":{"allow":["GET"]}}],"collection":[{"href":"https:\/\/www.iceagetv.com\/radiosite\/wp-json\/wp\/v2\/posts"}],"about":[{"href":"https:\/\/www.iceagetv.com\/radiosite\/wp-json\/wp\/v2\/types\/post"}],"author":[{"embeddable":true,"href":"https:\/\/www.iceagetv.com\/radiosite\/wp-json\/wp\/v2\/users\/2"}],"replies":[{"embeddable":true,"href":"https:\/\/www.iceagetv.com\/radiosite\/wp-json\/wp\/v2\/comments?post=10688"}],"version-history":[{"count":1,"href":"https:\/\/www.iceagetv.com\/radiosite\/wp-json\/wp\/v2\/posts\/10688\/revisions"}],"predecessor-version":[{"id":10690,"href":"https:\/\/www.iceagetv.com\/radiosite\/wp-json\/wp\/v2\/posts\/10688\/revisions\/10690"}],"wp:featuredmedia":[{"embeddable":true,"href":"https:\/\/www.iceagetv.com\/radiosite\/wp-json\/wp\/v2\/media\/10689"}],"wp:attachment":[{"href":"https:\/\/www.iceagetv.com\/radiosite\/wp-json\/wp\/v2\/media?parent=10688"}],"wp:term":[{"taxonomy":"category","embeddable":true,"href":"https:\/\/www.iceagetv.com\/radiosite\/wp-json\/wp\/v2\/categories?post=10688"},{"taxonomy":"post_tag","embeddable":true,"href":"https:\/\/www.iceagetv.com\/radiosite\/wp-json\/wp\/v2\/tags?post=10688"}],"curies":[{"name":"wp","href":"https:\/\/api.w.org\/{rel}","templated":true}]}}