{"id":10715,"date":"2018-11-23T08:53:47","date_gmt":"2018-11-23T08:53:47","guid":{"rendered":"http:\/\/www.iceagetv.com\/radiosite\/?p=10715"},"modified":"2018-11-23T08:53:56","modified_gmt":"2018-11-23T08:53:56","slug":"lemission-politique-gilets-jaunes-tacle-a-macron-ce-quil-faut-retenir-du-passage-de-nicolas-hulot","status":"publish","type":"post","link":"https:\/\/www.iceagetv.com\/radiosite\/lemission-politique-gilets-jaunes-tacle-a-macron-ce-quil-faut-retenir-du-passage-de-nicolas-hulot\/","title":{"rendered":"L&rsquo;Emission politique\u00bb: \u00abGilets jaunes\u00bb, tacle \u00e0 Macron&#8230; Ce qu&rsquo;il faut retenir du passage de Nicolas Hulot"},"content":{"rendered":"\n<p>Depuis son&nbsp;<a href=\"https:\/\/www.20minutes.fr\/politique\/2326635-20180828-video-pourquoi-demission-nicolas-hulot-coup-dur-emmanuel-macron\">d\u00e9part du gouvernement,&nbsp;<\/a>on n\u2019avait presque plus de nouvelles.&nbsp;<a href=\"https:\/\/www.20minutes.fr\/dossier\/nicolas_hulot\">Nicolas Hulot<\/a>a fait son retour m\u00e9diatique dans&nbsp;<em>L\u2019Emission politique&nbsp;<\/em>ce jeudi soir sur France 2. En pleine contestation des&nbsp;<a href=\"https:\/\/www.20minutes.fr\/societe\/gilets-jaunes\/\">\u00abgilets jaunes\u00bb<\/a>, la parole de l\u2019\u00e9cologiste \u00e9tait tr\u00e8s attendue. L\u2019ancien animateur t\u00e9l\u00e9 n\u2019a d\u2019ailleurs pas \u00e9chapp\u00e9 aux questions sur la fiscalit\u00e9 \u00e9cologique, sans manquer d\u2019\u00e9gratigner, au passage, Emmanuel Macron. Vous n\u2019avez pas suivi l\u2019\u00e9mission&nbsp;?&nbsp;Voici un r\u00e9sum\u00e9.<\/p>\n\n\n\n<h2 class=\"wp-block-heading\">La crise des \u00ab&nbsp;gilets jaunes&nbsp;\u00bb \u00e9tait \u00ab&nbsp;\u00e9vitable&nbsp;\u00bb<\/h2>\n\n\n\n<p><a href=\"https:\/\/www.20minutes.fr\/dossier\/nicolas_hulot\">Nicolas Hulot<\/a>\u00a0a \u00e9t\u00e9 interrog\u00e9 sur la hausse de la taxe carbone d\u00e9nonc\u00e9e par les \u00ab\u00a0gilets jaunes\u00a0\u00bb. \u00ab\u00a0Je l\u2019ai d\u00e9fendue et je l\u2019assume\u00a0\u00bb, mais \u00ab\u00a0il faut un accompagnement social digne de ce nom\u00a0\u00bb, a d\u00e9clar\u00e9 l\u2019ancien ministre, soulignant que cet accompagnement \u00e9tait \u00ab\u00a0ce qui a manqu\u00e9\u00a0\u00bb.<br>Pour l\u2019\u00e9colo, la crise des \u00ab\u00a0gilets jaunes\u00a0\u00bb \u00e9tait d\u2019ailleurs \u00ab\u00a0\u00e9vitable\u00a0\u00bb\u00a0:\u00a0\u00ab\u00a0Je me suis battu, et notamment les semaines qui ont pr\u00e9c\u00e9d\u00e9 mon d\u00e9part, pour qu\u2019on change compl\u00e8tement d\u2019\u00e9chelle dans l\u2019accompagnement social de la transition \u00e9nerg\u00e9tique et \u00e9cologique, avec des propositions concr\u00e8tes. Je n\u2019ai pas \u00e9t\u00e9 entendu\u00a0\u00bb.<\/p>\n\n\n\n<p>Un message vivement critiqu\u00e9 par le repr\u00e9sentant des \u00ab&nbsp;gilets jaunes&nbsp;\u00bb Benoit Julou. \u00ab&nbsp;Je me demande si Nicolas Hulot n\u2019est pas devenu comique. Est-ce que vous savez ce que c\u2019est de vivre avec 1.200 euros par mois&nbsp;?&nbsp;Ces gens-l\u00e0 ne peuvent pas faire de pr\u00eat \u00e0 la banque pour acheter une nouvelle voiture. Pour l\u2019\u00e9cologie, on va laisser crever des gens sur le bord de la route.&nbsp;\u00bb<\/p>\n\n\n\n<h2 class=\"wp-block-heading\">\u00ab&nbsp;Bronchite&nbsp;\u00bb contre \u00ab&nbsp;cancer g\u00e9n\u00e9ralis\u00e9&nbsp;\u00bb, Hulot \u00e9gratigne Macron<\/h2>\n\n\n\n<p>Nicolas Hulot est revenu sur sa d\u00e9mission fin ao\u00fbt<em>.<\/em>&nbsp;\u00ab&nbsp;\u00c0 partir du moment o\u00f9 je restais, je cautionnais les choses, je ne cautionnais pas un mensonge conscient, mais une forme de mystification. On se donnait le sentiment qu\u2019on \u00e9tait \u00e0 la hauteur des enjeux, et on ne l\u2019\u00e9tait pas&nbsp;\u00bb. Au passage, l\u2019int\u00e9ress\u00e9 a \u00e9trill\u00e9 Emmanuel Macron. \u00ab&nbsp;On n\u2019a pas r\u00e9ussi \u00e0 se comprendre. Je pense qu\u2019on ne mesurait pas la m\u00eame gravit\u00e9. On n\u2019avait pas le m\u00eame diagnostic sur l\u2019\u00e9tat de la plan\u00e8te et sur les menaces qui p\u00e8sent sur l\u2019humanit\u00e9&nbsp;\u00bb. Il ajoute, cinglant&nbsp;:&nbsp;\u00ab&nbsp;Si on vous dit que vous avez une bronchite ou un cancer g\u00e9n\u00e9ralis\u00e9, ce n\u2019est pas la m\u00eame chose&nbsp;\u00bb.<\/p>\n\n\n\n<h2 class=\"wp-block-heading\">Nucl\u00e9aire&nbsp;:&nbsp;Hulot propose la fermeture de 6 r\u00e9acteurs d\u2019ici 2028<\/h2>\n\n\n\n<p>Nicolas Hulot n\u2019en doute pas\u00a0:\u00a0l\u2019objectif de r\u00e9duire de 75 \u00e0 50\u00a0% la part de nucl\u00e9aire dans la production d\u2019\u00e9lectricit\u00e9 en 2035 est r\u00e9alisable. A une condition\u00a0:\u00a0fermer au moins 6 r\u00e9acteurs d\u2019ici 2028, en plus des deux de Fessenheim, et qu\u2019il n\u2019y ait pas de nouvel EPR construit.<\/p>\n\n\n\n<p>Avec le r\u00e9chauffement climatique, on va avoir un probl\u00e8me d\u2019eau. Comment on va refroidir les r\u00e9acteurs&nbsp;?&nbsp;J\u2019ai de grandes r\u00e9serves sur le nucl\u00e9aire car, on n\u2019est pas capable de g\u00e9rer la situation que ce soit \u00e0 Fukushima, Bure, ou Tchernobyl&nbsp;\u00bb, s\u2019est-il inqui\u00e9t\u00e9, alors que le gouvernement doit annoncer la feuille de route \u00e9nerg\u00e9tique de la France pour les 10 ans \u00e0 venir ce mardi.<\/p>\n\n\n\n<h2 class=\"wp-block-heading\">Quel avenir politique&nbsp;?<\/h2>\n\n\n\n<p>Nicolas Hulot a d\u00e9clar\u00e9 qu\u2019il ne soutiendrait aucune liste aux \u00e9lections europ\u00e9ennes, se disant seulement \u00ab&nbsp;disponible [pour agir] mais pas dans le champ politique traditionnel&nbsp;\u00bb.<\/p>\n\n\n\n<p>\u00ab&nbsp;Ce qui m\u2019int\u00e9resse, c\u2019est que l\u2019ensemble de la classe politique prenne des r\u00e9formes structurantes. Je voudrais qu\u2019il y ait une surench\u00e8re de propositions a maxima sur l\u2019\u00e9cologie&nbsp;\u00bb. Quant \u00e0 une \u00e9ventuelle candidature au scrutin pr\u00e9sidentiel de 2022, c\u2019est \u00ab&nbsp;un fantasme de journaliste&nbsp;\u00bb, a-t-il balay\u00e9.<\/p>\n","protected":false},"excerpt":{"rendered":"<p>Depuis son&nbsp;d\u00e9part du gouvernement,&nbsp;on n\u2019avait presque plus de nouvelles.&nbsp;Nicolas Hulota fait son retour m\u00e9diatique dans&nbsp;L\u2019Emission politique&nbsp;ce jeudi soir sur France 2. En pleine contestation des&nbsp;\u00abgilets jaunes\u00bb, la parole de l\u2019\u00e9cologiste \u00e9tait tr\u00e8s attendue. L\u2019ancien animateur t\u00e9l\u00e9 n\u2019a d\u2019ailleurs pas \u00e9chapp\u00e9 aux questions sur la fiscalit\u00e9 \u00e9cologique, sans manquer d\u2019\u00e9gratigner, au passage, Emmanuel Macron. Vous n\u2019avez [&hellip;]<\/p>\n","protected":false},"author":2,"featured_media":10716,"comment_status":"open","ping_status":"open","sticky":false,"template":"","format":"standard","meta":{"_jetpack_memberships_contains_paid_content":false,"footnotes":"","jetpack_publicize_message":"","jetpack_publicize_feature_enabled":true,"jetpack_social_post_already_shared":true,"jetpack_social_options":{"image_generator_settings":{"template":"highway","default_image_id":0,"font":"","enabled":false},"version":2},"_wpas_customize_per_network":false},"categories":[405],"tags":[],"class_list":["post-10715","post","type-post","status-publish","format-standard","has-post-thumbnail","hentry","category-actu-france-monde"],"jetpack_publicize_connections":[],"jetpack_featured_media_url":"https:\/\/i0.wp.com\/www.iceagetv.com\/radiosite\/wp-content\/uploads\/2018\/11\/Ce-quil-faut-retenir-du-passage-de-Nicolas-Hulot.jpg?fit=640%2C410&ssl=1","jetpack_sharing_enabled":true,"_links":{"self":[{"href":"https:\/\/www.iceagetv.com\/radiosite\/wp-json\/wp\/v2\/posts\/10715","targetHints":{"allow":["GET"]}}],"collection":[{"href":"https:\/\/www.iceagetv.com\/radiosite\/wp-json\/wp\/v2\/posts"}],"about":[{"href":"https:\/\/www.iceagetv.com\/radiosite\/wp-json\/wp\/v2\/types\/post"}],"author":[{"embeddable":true,"href":"https:\/\/www.iceagetv.com\/radiosite\/wp-json\/wp\/v2\/users\/2"}],"replies":[{"embeddable":true,"href":"https:\/\/www.iceagetv.com\/radiosite\/wp-json\/wp\/v2\/comments?post=10715"}],"version-history":[{"count":1,"href":"https:\/\/www.iceagetv.com\/radiosite\/wp-json\/wp\/v2\/posts\/10715\/revisions"}],"predecessor-version":[{"id":10717,"href":"https:\/\/www.iceagetv.com\/radiosite\/wp-json\/wp\/v2\/posts\/10715\/revisions\/10717"}],"wp:featuredmedia":[{"embeddable":true,"href":"https:\/\/www.iceagetv.com\/radiosite\/wp-json\/wp\/v2\/media\/10716"}],"wp:attachment":[{"href":"https:\/\/www.iceagetv.com\/radiosite\/wp-json\/wp\/v2\/media?parent=10715"}],"wp:term":[{"taxonomy":"category","embeddable":true,"href":"https:\/\/www.iceagetv.com\/radiosite\/wp-json\/wp\/v2\/categories?post=10715"},{"taxonomy":"post_tag","embeddable":true,"href":"https:\/\/www.iceagetv.com\/radiosite\/wp-json\/wp\/v2\/tags?post=10715"}],"curies":[{"name":"wp","href":"https:\/\/api.w.org\/{rel}","templated":true}]}}