{"id":10718,"date":"2018-11-23T09:07:39","date_gmt":"2018-11-23T09:07:39","guid":{"rendered":"http:\/\/www.iceagetv.com\/radiosite\/?p=10718"},"modified":"2018-11-23T09:07:41","modified_gmt":"2018-11-23T09:07:41","slug":"gilets-jaunes-lelysee-indique-que-emmanuel-macron-va-annoncer-des-mesures-mardi-affrontements-cette-nuit-a-calais-avec-les-crs","status":"publish","type":"post","link":"https:\/\/www.iceagetv.com\/radiosite\/gilets-jaunes-lelysee-indique-que-emmanuel-macron-va-annoncer-des-mesures-mardi-affrontements-cette-nuit-a-calais-avec-les-crs\/","title":{"rendered":"Gilets Jaunes : L&rsquo;Elys\u00e9e indique que Emmanuel Macron va annoncer des mesures mardi &#8211; Affrontements cette nuit \u00e0 Calais avec les CRS"},"content":{"rendered":"\n<p>Invit\u00e9 ce matin de BFMTV, un porte-parole du mouvement \u00ab\u00a0Gilets Jaunes\u00a0\u00bb a d\u00e9clar\u00e9 concernant la manifestation de demain : \u00ab\u00a0L&rsquo;objectif est d&rsquo;\u00eatre vu de la fa\u00e7on la plus pacifique possible\u00a0\u00bb.\u00a0<\/p>\n\n\n\n<p>Apr\u00e8s avoir \u00e9cart\u00e9 le sc\u00e9nario d\u2019un rassemblement place de la Concorde, le minist\u00e8re de l\u2019Int\u00e9rieur a indiqu\u00e9 jeudi que les \u00abgilets jaunes\u00bb, mobilis\u00e9s notamment contre les prix du carburant, pourraient se r\u00e9unir sur l\u2019esplanade du Champ-de-Mars, pr\u00e8s de la Tour Eiffel.<\/p>\n\n\n\n<p>\u00abCe lieu offr(e) les conditions de s\u00e9curit\u00e9 n\u00e9cessaires\u00bb, explique le minist\u00e8re dans un communiqu\u00e9, ajoutant que plusieurs demandes avaient \u00e9t\u00e9 d\u00e9pos\u00e9es en pr\u00e9fecture.<\/p>\n\n\n\n<p>Mais des \u00abgilets jaunes\u00bb ont rapidement rejet\u00e9 cette hypoth\u00e8se. \u00abLa manifestation n\u2019aura pas lieu \u00e0 cet endroit\u00bb, a assur\u00e9 sur LCI Priscillia Ludosky, l\u2019une des personnes \u00e0 l\u2019initiative du mouvement en r\u00e9gion parisienne. Une annonce sera faite vendredi, a-t-elle affirm\u00e9, en \u00e9voquant un rassemblement \u00abau coeur de Paris, tr\u00e8s certainement au niveau des Champs-Elys\u00e9es\u00bb.<\/p>\n\n\n\n<p>Toute manifestation est interdite par arr\u00eat\u00e9 dans un p\u00e9rim\u00e8tre incluant la Concorde, l\u2019Elys\u00e9e, Matignon et l\u2019Assembl\u00e9e nationale, qui sera boucl\u00e9 par les forces de l\u2019ordre, a rappel\u00e9 dans la soir\u00e9e le secr\u00e9taire d\u2019Etat aupr\u00e8s du ministre de l\u2019Int\u00e9rieur, Laurent Nu\u00f1ez.<\/p>\n\n\n\n<p>Lanc\u00e9 sur les r\u00e9seaux sociaux hors de tout cadre syndical ou politique, le mouvement veut faire du rassemblement parisien \u00abl\u2019acte 2\u00bb de sa mobilisation prot\u00e9iforme, qui a plac\u00e9 l\u2019ex\u00e9cutif sur la d\u00e9fensive et la majorit\u00e9 dans un certain d\u00e9sarroi.<\/p>\n\n\n\n<p>Le 17 novembre, au moins 282.000 personnes avaient r\u00e9pondu \u00e0 l\u2019appel \u00e0 bloquer des routes et des sites strat\u00e9giques.<\/p>\n\n\n\n<p>Selon un sondage Odoxa pour Le Figaro et FranceInfo, 77% des Fran\u00e7ais jugent ce mouvement \u00abjustifi\u00e9\u00bb.<\/p>\n\n\n\n<p>\u00abJ\u2019esp\u00e8re qu\u2019il va y avoir une v\u00e9ritable mar\u00e9e jaune\u00bb, a d\u00e9clar\u00e9 Frank Buhler, l\u2019un des initiateurs du mouvement dans le Tarn-et-Garonne.<\/p>\n\n\n\n<p>Devant une affluence difficile \u00e0 estimer -plus de 34.000 personnes se sont d\u00e9clar\u00e9es comme \u00abparticipants\u00bb sur Facebook- et face \u00e0 la crainte de d\u00e9bordements, le minist\u00e8re de l\u2019Int\u00e9rieur a pr\u00e9venu que \u00abla r\u00e9ponse judiciaire sera intraitable en cas de troubles\u00bb.<br><strong>\u00a0Dans la r\u00e9gion d&rsquo;Avignon, \u00e0 la pointe de la contestation des \u00ab\u00a0gilets jaunes\u00a0\u00bb, les barrages sur les grands axes entra\u00eenent de gros probl\u00e8mes d&rsquo;approvisionnement<\/strong>, notamment pour les denr\u00e9es p\u00e9rissables.\u00a0Dans certains supermarch\u00e9s de la r\u00e9gion d&rsquo;Avignon, les livraisons arrivent au compte-goutte, et notamment celles de fruits et l\u00e9gumes. En cause : les blocages des principaux axes routiers par les \u00ab\u00a0gilets jaunes\u00a0\u00bb depuis pr\u00e8s d&rsquo;une semaine, qui emp\u00eachent l&rsquo;acheminement des produits.<\/p>\n\n\n\n<p><strong>Emmanuel Macron annoncera mardi un nouveau cap pour la transition \u00e9cologique, de nouvelles mesures et des n\u00e9gociations sur tout le territoire pour la rendre \u00ab\u00a0acceptable et d\u00e9mocratique\u00a0\u00bb,<\/strong>&nbsp;en r\u00e9ponse aux inqui\u00e9tudes exprim\u00e9es par les \u00ab\u00a0gilets jaunes\u00a0\u00bb, a indiqu\u00e9 l&rsquo;\u00c9lys\u00e9e .<\/p>\n\n\n\n<p>Devant les membres du Conseil national de la transition \u00e9cologique (CNTE), compos\u00e9 d&rsquo;\u00e9lus, de syndicats, d&rsquo;ONG et d&rsquo;associations, le chef de l&rsquo;\u00c9tat exposera ses choix en mati\u00e8re d&rsquo;\u00e9nergie, notamment sur le nucl\u00e9aire, pour \u00e9laborer la future PPE (Programmation pluriannuelle de l&rsquo;\u00e9nergie) au 1er semestre. Mais en outre, pour r\u00e9pondre aux \u00ab\u00a0gilets jaunes\u00a0\u00bb comme aux propositions de certains syndicats d&rsquo;ouvrir des n\u00e9gociations sociales, il va aussi \u00ab\u00a0donner le cap sur la transition \u00e9cologique\u00a0\u00bb notamment en ce qui concerne la place des \u00e9nergies fossiles, le pouvoir d&rsquo;achat, le climat, la sant\u00e9 et la souverainet\u00e9, a expliqu\u00e9 la pr\u00e9sidence.<\/p>\n","protected":false},"excerpt":{"rendered":"<p>Invit\u00e9 ce matin de BFMTV, un porte-parole du mouvement \u00ab\u00a0Gilets Jaunes\u00a0\u00bb a d\u00e9clar\u00e9 concernant la manifestation de demain : \u00ab\u00a0L&rsquo;objectif est d&rsquo;\u00eatre vu de la fa\u00e7on la plus pacifique possible\u00a0\u00bb.\u00a0 Apr\u00e8s avoir \u00e9cart\u00e9 le sc\u00e9nario d\u2019un rassemblement place de la Concorde, le minist\u00e8re de l\u2019Int\u00e9rieur a indiqu\u00e9 jeudi que les \u00abgilets jaunes\u00bb, mobilis\u00e9s notamment contre [&hellip;]<\/p>\n","protected":false},"author":2,"featured_media":10719,"comment_status":"open","ping_status":"open","sticky":false,"template":"","format":"standard","meta":{"_jetpack_memberships_contains_paid_content":false,"footnotes":"","jetpack_publicize_message":"","jetpack_publicize_feature_enabled":true,"jetpack_social_post_already_shared":true,"jetpack_social_options":{"image_generator_settings":{"template":"highway","default_image_id":0,"font":"","enabled":false},"version":2},"_wpas_customize_per_network":false},"categories":[405],"tags":[],"class_list":["post-10718","post","type-post","status-publish","format-standard","has-post-thumbnail","hentry","category-actu-france-monde"],"jetpack_publicize_connections":[],"jetpack_featured_media_url":"https:\/\/i0.wp.com\/www.iceagetv.com\/radiosite\/wp-content\/uploads\/2018\/11\/Elys%C3%A9e-indique-que-Emmanuel-Macron-va-annoncer-des-mesures-mardi.jpg?fit=920%2C397&ssl=1","jetpack_sharing_enabled":true,"_links":{"self":[{"href":"https:\/\/www.iceagetv.com\/radiosite\/wp-json\/wp\/v2\/posts\/10718","targetHints":{"allow":["GET"]}}],"collection":[{"href":"https:\/\/www.iceagetv.com\/radiosite\/wp-json\/wp\/v2\/posts"}],"about":[{"href":"https:\/\/www.iceagetv.com\/radiosite\/wp-json\/wp\/v2\/types\/post"}],"author":[{"embeddable":true,"href":"https:\/\/www.iceagetv.com\/radiosite\/wp-json\/wp\/v2\/users\/2"}],"replies":[{"embeddable":true,"href":"https:\/\/www.iceagetv.com\/radiosite\/wp-json\/wp\/v2\/comments?post=10718"}],"version-history":[{"count":1,"href":"https:\/\/www.iceagetv.com\/radiosite\/wp-json\/wp\/v2\/posts\/10718\/revisions"}],"predecessor-version":[{"id":10720,"href":"https:\/\/www.iceagetv.com\/radiosite\/wp-json\/wp\/v2\/posts\/10718\/revisions\/10720"}],"wp:featuredmedia":[{"embeddable":true,"href":"https:\/\/www.iceagetv.com\/radiosite\/wp-json\/wp\/v2\/media\/10719"}],"wp:attachment":[{"href":"https:\/\/www.iceagetv.com\/radiosite\/wp-json\/wp\/v2\/media?parent=10718"}],"wp:term":[{"taxonomy":"category","embeddable":true,"href":"https:\/\/www.iceagetv.com\/radiosite\/wp-json\/wp\/v2\/categories?post=10718"},{"taxonomy":"post_tag","embeddable":true,"href":"https:\/\/www.iceagetv.com\/radiosite\/wp-json\/wp\/v2\/tags?post=10718"}],"curies":[{"name":"wp","href":"https:\/\/api.w.org\/{rel}","templated":true}]}}