{"id":10734,"date":"2018-11-24T16:45:11","date_gmt":"2018-11-24T16:45:11","guid":{"rendered":"http:\/\/www.iceagetv.com\/radiosite\/?p=10734"},"modified":"2018-11-24T17:27:22","modified_gmt":"2018-11-24T17:27:22","slug":"gilets-jaunes-les-incidents-sur-les-champs-elysees-se-poursuivent-8-000-manifestants-seraient-sur-place-a-limoges-les-manifestants-viennent-de-faire-tomber-les-grilles-de-la-prefecture","status":"publish","type":"post","link":"https:\/\/www.iceagetv.com\/radiosite\/gilets-jaunes-les-incidents-sur-les-champs-elysees-se-poursuivent-8-000-manifestants-seraient-sur-place-a-limoges-les-manifestants-viennent-de-faire-tomber-les-grilles-de-la-prefecture\/","title":{"rendered":"Gilets Jaunes: Les incidents sur les Champs Elys\u00e9es se poursuivent &#8211; 8.000 manifestants seraient sur place &#8211; A Limoges, les manifestants viennent de faire tomber les grilles de la pr\u00e9fecture"},"content":{"rendered":"\n<h1 class=\"wp-block-heading\">Les chauffeurs VTC m\u00e8nent actuellement une op\u00e9ration escargot autour de l&rsquo;a\u00e9roport d&rsquo;Orly<\/h1>\n\n\n\n<p>Des Gilets jaunes occupent la place de la Bastille (11e arrondissement de Paris), en filtrant la circulation sans la bloquer<\/p>\n\n\n\n<p><strong>Nouveau d\u00e9compte du Minist\u00e8re de l&rsquo;Int\u00e9rieur \u00e0 15 heures : plus de 80 000 manifestants participent au mouvement des \u00ab\u00a0gilets jaunes\u00a0\u00bb, dont 8 000 \u00e0 Paris.<\/strong><\/p>\n\n\n\n<p>La semaine derni\u00e8re, \u00e0 la m\u00eame heure, Beauvau en d\u00e9nombrait 244 000.<br>35 personnes ont \u00e9t\u00e9 interpell\u00e9es depuis le d\u00e9but de la matin\u00e9e, et 22 ont \u00e9t\u00e9 plac\u00e9es en garde \u00e0 vue, toujours le d\u00e9compte du minist\u00e8re de l&rsquo;Int\u00e9rieur. On compte 8 bless\u00e9s au total, dont 2 c\u00f4t\u00e9 forces de l&rsquo;ordre.<\/p>\n\n\n\n<p><strong>e point au milieu de l&rsquo;apr\u00e8s-midi<\/strong><\/p>\n\n\n\n<p>Selon le ministre de l&rsquo;Int\u00e9rieur, Christophe Castaner, 8.000 personnes \u00e9taient rassembl\u00e9es \u00e0 Paris \u00e0 la mi-journ\u00e9es, dont 5.000 sur les Champs-Elys\u00e9es. \u00ab\u00a0On voit une \u00e9volution du mouvement, \u00e0 l&rsquo;appel de Marine Le Pen, qui avait invit\u00e9 les manifestants \u00e0 venir sur les Champs-Elys\u00e9es\u00a0\u00bb, a affirm\u00e9 le ministre de l&rsquo;Int\u00e9rieur.&nbsp;<\/p>\n\n\n\n<p>\u00ab\u00a0L&rsquo;ultra-droite est en train de monter des barricades (&#8230;) mais nos forces de s\u00e9curit\u00e9 avaient parfaitement anticip\u00e9 cette situation\u00a0\u00bb, a-t-il poursuivi, regrettant que \u00ab\u00a0les s\u00e9ditieux\u00a0\u00bb aient \u00ab\u00a0r\u00e9pondu \u00e0 l&rsquo;appel de Marine Le Pen\u00a0\u00bb. \u00ab\u00a0Je lui r\u00e9ponds que manifestement, il n&rsquo;est pas un ministre de l&rsquo;Int\u00e9rieur, il est un militant politique\u00a0\u00bb, a imm\u00e9diatement r\u00e9agi Marine Le Pen sur BFMTV, \u00e9voquant des accusations \u00ab\u00a0indignes\u00a0\u00bb et une \u00ab\u00a0manipulation politique\u00a0\u00bb.<\/p>\n\n\n\n<p>D&rsquo;apr\u00e8s les informations d&rsquo;Europe 1, les services sp\u00e9cialis\u00e9s ont bien rep\u00e9r\u00e9 la pr\u00e9sence de militants d&rsquo;ultra-droite sur les Champs-Elys\u00e9es, mais notent \u00e9galement la pr\u00e9sence de nombreux \u00ab\u00a0gilets jaunes\u00a0\u00bb au profil inconnu, tr\u00e8s d\u00e9termin\u00e9s, \u00e9quip\u00e9s et vindicatifs. En d\u00e9but d&rsquo;apr\u00e8s-midi, les compagnies de s\u00e9curit\u00e9 de la petite couronne parisienne ont \u00e9t\u00e9 mobilis\u00e9es en renforts.<\/p>\n\n\n\n<p>Du c\u00f4t\u00e9 de la France insoumise, on pointe la responsabilit\u00e9 du ministre de l&rsquo;Int\u00e9rieur. Interrog\u00e9 par BFM-TV, le chef de file des Insoumis Jean-Luc M\u00e9lenchon a accus\u00e9 Christophe Castaner de \u00ab\u00a0mettre en sc\u00e8ne les violences\u00a0\u00bb.<\/p>\n\n\n\n<p>Pr\u00e9sent sur les Champs-Elys\u00e9es, le d\u00e9put\u00e9 de la Somme Fran\u00e7ois Ruffin a lui estim\u00e9 qu'\u00a0\u00bbil faut que Macron enl\u00e8ve les bouchons qu&rsquo;il a dans les oreilles et qu&rsquo;il entende le peuple\u00a0\u00bb. \u00ab\u00a0Moi je ne viens pas pour jeter des pav\u00e9s sur les CRS mais Macron a dit qu&rsquo;il fallait qu&rsquo;on vienne le chercher. Les gens viennent en tous cas pour lui passer clairement un message : c&rsquo;est qu&rsquo;il faut qu&rsquo;il change de politique\u00a0\u00bb, a-t-il affirm\u00e9 sur LCI.<\/p>\n\n\n\n<p>Derri\u00e8re ces affrontements, une partie des \u00ab\u00a0gilets jaunes\u00a0\u00bb se dissocie de ces violences. Dans les autocars au d\u00e9part des diff\u00e9rents d\u00e9partements fran\u00e7ais, samedi matin, certains coordinateurs appelaient \u00e0 la mod\u00e9ration, comme le montre cette vid\u00e9o film\u00e9e par un journaliste de La Voix du Nord, \u00e0 Villeneuve d&rsquo;Ascq : \u00ab\u00a0Si jamais, \u00e0 un moment, vous voyez des groupes de casseurs, des gens qui essayent de s&rsquo;\u00e9nerver un petit peu, surtout vous vous \u00e9loignez le plus vite possible.\u00a0\u00bb<\/p>\n\n\n\n<p><strong>15h35:&nbsp;<\/strong>Le Th\u00e9\u00e2tre Marigny annonce que la repr\u00e9sentation de 16h du spectacle \u00ab\u00a0Peau d&rsquo;\u00e2ne\u00a0\u00bb est annul\u00e9e en raison des incidents sur les Champs-\u00c9lys\u00e9es. La s\u00e9ance de 20h est pour l&rsquo;instant en option.<br>Selon LCI, certaines compagnies de CRS ont demand\u00e9 des r\u00e9assorts en grenades lacrymog\u00e8nes, la mobilisation parisienne ayant commenc\u00e9 tr\u00e8s t\u00f4t dans la journ\u00e9e<br>13 personnes ont \u00e9t\u00e9 interpell\u00e9es ce samedi , notamment pour des jets de projectiles<br><strong>&nbsp;Des policiers frappent avec leur matraque un manifestant:<\/strong><br>La police s&rsquo;est retir\u00e9e du haut des Champs-Elys\u00e9es, laissant de nouveau le terrain aux gilets jaunes et aux casseurs qui reviennent<br>Plusieurs groupes de manifestants sont dispers\u00e9s&nbsp;en haut des Champs-Elys\u00e9es, aux abords et sur la place de l&rsquo;Etoile.&nbsp;Les forces de l&rsquo;ordre ont pr\u00e9c\u00e9d\u00e9 \u00e0 de nombreux tirs de grenades lacrymog\u00e8ne<br>Neuf personnes ont \u00e9t\u00e9 interpell\u00e9es, \u00e0 Paris depuis ce matin, dans la manifestation des \u00ab\u00a0gilets jaunes\u00a0\u00bb, selon la pr\u00e9fecture de police.<br><strong>Au milieu des Champs-Elys\u00e9es, une boulangerie Paul fait face \u00e0 un incendie &#8211; Une remorque est \u00e9galement en feu:<\/strong><br>Un groupe de manifestants qui s&rsquo;est pr\u00e9sent\u00e9 devant le S\u00e9nat a \u00e9t\u00e9 refoul\u00e9 (pr\u00e9fecture)<br>Huit personnes ont \u00e9t\u00e9 interpell\u00e9es depuis ce matin notamment pour jets de projectiles<br>Une centaine de clients de l&rsquo;Apple Store des Champs-Elys\u00e9es ont \u00e9t\u00e9 mis \u00e0 l&rsquo;abri dans la r\u00e9serve, dans les sous-sols du magasin, rapporte \u00e0 franceinfo l&rsquo;un d&rsquo;entre eux.&nbsp;\u00ab\u00a0Ils ont fait descendre tout le monde. On nous a donn\u00e9 des bouteilles d&rsquo;eau mais il n&rsquo;y a pas de si\u00e8ges, explique Zhulin Zhang.&nbsp;On ne sait pas combien de temps cela va durer.\u00a0\u00bb<br>Dans le&nbsp;Var, un gendarme a \u00e9t\u00e9 bless\u00e9 ce matin.&nbsp;Selon la pr\u00e9fecture, un v\u00e9hicule a forc\u00e9 un barrage au Cannet-des-Maures, blessant un gendarme \u00e0 la main, rapporte Nice Matin.<\/p>\n","protected":false},"excerpt":{"rendered":"<p>Les chauffeurs VTC m\u00e8nent actuellement une op\u00e9ration escargot autour de l&rsquo;a\u00e9roport d&rsquo;Orly Des Gilets jaunes occupent la place de la Bastille (11e arrondissement de Paris), en filtrant la circulation sans la bloquer Nouveau d\u00e9compte du Minist\u00e8re de l&rsquo;Int\u00e9rieur \u00e0 15 heures : plus de 80 000 manifestants participent au mouvement des \u00ab\u00a0gilets jaunes\u00a0\u00bb, dont 8 [&hellip;]<\/p>\n","protected":false},"author":2,"featured_media":10735,"comment_status":"open","ping_status":"open","sticky":false,"template":"","format":"standard","meta":{"_jetpack_memberships_contains_paid_content":false,"footnotes":"","jetpack_publicize_message":"","jetpack_publicize_feature_enabled":true,"jetpack_social_post_already_shared":true,"jetpack_social_options":{"image_generator_settings":{"template":"highway","default_image_id":0,"font":"","enabled":false},"version":2},"_wpas_customize_per_network":false},"categories":[405],"tags":[],"class_list":["post-10734","post","type-post","status-publish","format-standard","has-post-thumbnail","hentry","category-actu-france-monde"],"jetpack_publicize_connections":[],"jetpack_featured_media_url":"https:\/\/i0.wp.com\/www.iceagetv.com\/radiosite\/wp-content\/uploads\/2018\/11\/Gilets-jaunes-3.jpg?fit=920%2C397&ssl=1","jetpack_sharing_enabled":true,"_links":{"self":[{"href":"https:\/\/www.iceagetv.com\/radiosite\/wp-json\/wp\/v2\/posts\/10734","targetHints":{"allow":["GET"]}}],"collection":[{"href":"https:\/\/www.iceagetv.com\/radiosite\/wp-json\/wp\/v2\/posts"}],"about":[{"href":"https:\/\/www.iceagetv.com\/radiosite\/wp-json\/wp\/v2\/types\/post"}],"author":[{"embeddable":true,"href":"https:\/\/www.iceagetv.com\/radiosite\/wp-json\/wp\/v2\/users\/2"}],"replies":[{"embeddable":true,"href":"https:\/\/www.iceagetv.com\/radiosite\/wp-json\/wp\/v2\/comments?post=10734"}],"version-history":[{"count":3,"href":"https:\/\/www.iceagetv.com\/radiosite\/wp-json\/wp\/v2\/posts\/10734\/revisions"}],"predecessor-version":[{"id":10738,"href":"https:\/\/www.iceagetv.com\/radiosite\/wp-json\/wp\/v2\/posts\/10734\/revisions\/10738"}],"wp:featuredmedia":[{"embeddable":true,"href":"https:\/\/www.iceagetv.com\/radiosite\/wp-json\/wp\/v2\/media\/10735"}],"wp:attachment":[{"href":"https:\/\/www.iceagetv.com\/radiosite\/wp-json\/wp\/v2\/media?parent=10734"}],"wp:term":[{"taxonomy":"category","embeddable":true,"href":"https:\/\/www.iceagetv.com\/radiosite\/wp-json\/wp\/v2\/categories?post=10734"},{"taxonomy":"post_tag","embeddable":true,"href":"https:\/\/www.iceagetv.com\/radiosite\/wp-json\/wp\/v2\/tags?post=10734"}],"curies":[{"name":"wp","href":"https:\/\/api.w.org\/{rel}","templated":true}]}}