{"id":10743,"date":"2018-11-25T19:50:36","date_gmt":"2018-11-25T19:50:36","guid":{"rendered":"http:\/\/www.iceagetv.com\/radiosite\/?p=10743"},"modified":"2018-11-25T19:50:45","modified_gmt":"2018-11-25T19:50:45","slug":"eurovision-junior-angelina-offre-une-2e-place-a-la-france","status":"publish","type":"post","link":"https:\/\/www.iceagetv.com\/radiosite\/eurovision-junior-angelina-offre-une-2e-place-a-la-france\/","title":{"rendered":"Eurovision Junior: Ang\u00e9lina offre une 2e place \u00e0 la France"},"content":{"rendered":"\n<p>Ang\u00e9lina n\u2019a pas \u00e0 rougir. La coll\u00e9gienne de 12 ans a offert ce dimanche \u00e0 la France la deuxi\u00e8me place de l\u2019Eurovision Junior \u00e0 Minsk (Bi\u00e9lorussie).\u00a0<a href=\"https:\/\/www.20minutes.fr\/arts-stars\/culture\/2374751-20181118-eurovision-junior-2018-ecoutez-votez-vingt-chansons-dont-celle-france\">Vingt pays \u00e9taient en lice<\/a>\u00a0au cours de\u00a0<a href=\"https:\/\/www.20minutes.fr\/arts-stars\/culture\/2377443-20181123-eurovision-junior-2018-diffusion-chances-france-votes-guide-tout-savoir\">cette seizi\u00e8me \u00e9dition du concours<\/a>\u00a0r\u00e9serv\u00e9 aux 9 &#8211; 14\u00a0ans retransmise sur France 2.<br>Avec sa chanson\u00a0<em><a href=\"https:\/\/www.20minutes.fr\/arts-stars\/culture\/2354503-20181015-video-eurovision-junior-france-representee-angelina-gagnante-the-voice-kids\">Jamais sans toi<\/a><\/em>, la Fran\u00e7aise a r\u00e9colt\u00e9 203 points aupr\u00e8s des jurys professionnels et des t\u00e9l\u00e9spectateurs qui pouvaient voter par internet. Dans le d\u00e9tail, elle s\u2019est class\u00e9e 6e des votes des jurys et 2e des suffrages du public.<br>C\u2019est la candidate de la Pologne, Roksana Wegiel, qui s\u2019est impos\u00e9e avec 215 points et sa chanson\u00a0<em>Anyone I Want To Be<\/em>. L\u2019Australienne Jael compl\u00e8te le podium avec les 201 points re\u00e7us pour sa chanson\u00a0<em>Champion<\/em>.<\/p>\n\n\n\n<p>La France n\u2019avait auparavant particip\u00e9 qu\u2019une seule fois \u00e0 l\u2019Eurovision Junior. En 2004, Thomas Pontier s\u2019\u00e9tait class\u00e9 sixi\u00e8me sur dix-huit.<\/p>\n\n\n\n<h2 class=\"wp-block-heading\">\u00ab&nbsp;L\u2019\u00e9cole reste le plus important&nbsp;\u00bb<\/h2>\n\n\n\n<p>Ang\u00e9lina a \u00e9t\u00e9 r\u00e9v\u00e9l\u00e9e dans&nbsp;<em><a href=\"https:\/\/www.20minutes.fr\/television\/the-voice-kids\/\">The Voice Kids<\/a><\/em>. L\u2019an pass\u00e9,&nbsp;<a href=\"https:\/\/www.20minutes.fr\/television\/2142627-20171001-video-the-voice-kids-4-angelina-9-ans-remporte-finale\">elle avait remport\u00e9&nbsp;la saison 4 du&nbsp;t\u00e9l\u00e9crochet&nbsp;<\/a>de TF1.&nbsp;Depuis, elle continue ses activit\u00e9s musicales en parall\u00e8le de sa scolarit\u00e9. \u00ab&nbsp;C\u2019est s\u00fbr que, le chant, c\u2019est ce que j\u2019ai envie de faire plus tard, mais l\u2019\u00e9cole reste le plus important&nbsp;\u00bb, confiait l\u2019adolescente, en octobre, en marge d\u2019une conf\u00e9rence de presse au si\u00e8ge de France T\u00e9l\u00e9visions.<\/p>\n\n\n\n<p>Elle s\u2019est pr\u00e9par\u00e9e \u00e0 l\u2019Eurovision Junior en r\u00e9p\u00e9tant notamment durant les vacances de la Toussaint. \u00ab&nbsp;Souvent, je rate aussi le mercredi, mais comme je n\u2019ai pas beaucoup de cours ce jour-l\u00e0, j\u2019arrive \u00e0 rattraper facilement&nbsp;\u00bb, racontait-elle le mois dernier. Ses efforts ont \u00e9t\u00e9 payants.<\/p>\n","protected":false},"excerpt":{"rendered":"<p>Ang\u00e9lina n\u2019a pas \u00e0 rougir. La coll\u00e9gienne de 12 ans a offert ce dimanche \u00e0 la France la deuxi\u00e8me place de l\u2019Eurovision Junior \u00e0 Minsk (Bi\u00e9lorussie).\u00a0Vingt pays \u00e9taient en lice\u00a0au cours de\u00a0cette seizi\u00e8me \u00e9dition du concours\u00a0r\u00e9serv\u00e9 aux 9 &#8211; 14\u00a0ans retransmise sur France 2.Avec sa chanson\u00a0Jamais sans toi, la Fran\u00e7aise a r\u00e9colt\u00e9 203 points aupr\u00e8s [&hellip;]<\/p>\n","protected":false},"author":2,"featured_media":10744,"comment_status":"open","ping_status":"open","sticky":false,"template":"","format":"standard","meta":{"_jetpack_memberships_contains_paid_content":false,"footnotes":"","jetpack_publicize_message":"","jetpack_publicize_feature_enabled":true,"jetpack_social_post_already_shared":true,"jetpack_social_options":{"image_generator_settings":{"template":"highway","default_image_id":0,"font":"","enabled":false},"version":2},"_wpas_customize_per_network":false},"categories":[15],"tags":[],"class_list":["post-10743","post","type-post","status-publish","format-standard","has-post-thumbnail","hentry","category-actu-musique"],"jetpack_publicize_connections":[],"jetpack_featured_media_url":"https:\/\/i0.wp.com\/www.iceagetv.com\/radiosite\/wp-content\/uploads\/2018\/11\/Eurovision-Junior.png?fit=640%2C410&ssl=1","jetpack_sharing_enabled":true,"_links":{"self":[{"href":"https:\/\/www.iceagetv.com\/radiosite\/wp-json\/wp\/v2\/posts\/10743","targetHints":{"allow":["GET"]}}],"collection":[{"href":"https:\/\/www.iceagetv.com\/radiosite\/wp-json\/wp\/v2\/posts"}],"about":[{"href":"https:\/\/www.iceagetv.com\/radiosite\/wp-json\/wp\/v2\/types\/post"}],"author":[{"embeddable":true,"href":"https:\/\/www.iceagetv.com\/radiosite\/wp-json\/wp\/v2\/users\/2"}],"replies":[{"embeddable":true,"href":"https:\/\/www.iceagetv.com\/radiosite\/wp-json\/wp\/v2\/comments?post=10743"}],"version-history":[{"count":1,"href":"https:\/\/www.iceagetv.com\/radiosite\/wp-json\/wp\/v2\/posts\/10743\/revisions"}],"predecessor-version":[{"id":10745,"href":"https:\/\/www.iceagetv.com\/radiosite\/wp-json\/wp\/v2\/posts\/10743\/revisions\/10745"}],"wp:featuredmedia":[{"embeddable":true,"href":"https:\/\/www.iceagetv.com\/radiosite\/wp-json\/wp\/v2\/media\/10744"}],"wp:attachment":[{"href":"https:\/\/www.iceagetv.com\/radiosite\/wp-json\/wp\/v2\/media?parent=10743"}],"wp:term":[{"taxonomy":"category","embeddable":true,"href":"https:\/\/www.iceagetv.com\/radiosite\/wp-json\/wp\/v2\/categories?post=10743"},{"taxonomy":"post_tag","embeddable":true,"href":"https:\/\/www.iceagetv.com\/radiosite\/wp-json\/wp\/v2\/tags?post=10743"}],"curies":[{"name":"wp","href":"https:\/\/api.w.org\/{rel}","templated":true}]}}