{"id":10749,"date":"2018-11-26T19:45:33","date_gmt":"2018-11-26T19:45:33","guid":{"rendered":"http:\/\/www.iceagetv.com\/radiosite\/?p=10749"},"modified":"2018-11-26T19:45:39","modified_gmt":"2018-11-26T19:45:39","slug":"permis-de-conduire-covoiturage-velo-ce-quil-faut-retenir-de-la-loi-sur-les-mobilites","status":"publish","type":"post","link":"https:\/\/www.iceagetv.com\/radiosite\/permis-de-conduire-covoiturage-velo-ce-quil-faut-retenir-de-la-loi-sur-les-mobilites\/","title":{"rendered":"Permis de conduire, covoiturage, v\u00e9lo : ce qu&rsquo;il faut retenir de la loi sur les mobilit\u00e9s"},"content":{"rendered":"\n<p><strong>Le gouvernement a d\u00e9voil\u00e9, ce lundi en Conseil des ministres, le projet de loi d&rsquo;orientation des mobilit\u00e9s (LOM) qui doit \u00eatre vot\u00e9e courant 2019. Un texte dont l&rsquo;objectif est de d\u00e9senclaver les territoires et faire \u00e9merger des solutions de transports autres que la voiture individuelle.<\/strong><br>En plein mouvement des\u00a0<strong><a href=\"https:\/\/www.latribune.fr\/economie\/france\/macron-veut-un-pacte-social-pour-calmer-les-gilets-jaunes-798710.html\">\u00ab gilets jaunes \u00bb<\/a>\u00a0<\/strong>et en attendant qu&rsquo;Emmanuel Macron ne l\u00e8ve le voile, ce mardi, sur la programmation pluriannuelle de l&rsquo;\u00e9nergie (PPE), le\u00a0gouvernement, par l&rsquo;entremise de la\u00a0ministre des Transports Elisabeth Borne, a pr\u00e9sent\u00e9, ce lundi en Conseil des ministres, le projet de loi d&rsquo;orientation des mobilit\u00e9s (LOM) qui doit \u00eatre vot\u00e9e courant 2019.<br>Assimil\u00e9 par Elisabeth Borne \u00e0\u00a0une<em>\u00a0\u00ab bo\u00eete \u00e0 outils \u00bb<\/em>\u00a0dans laquelle \u00e9lus et op\u00e9rateurs de transport pourront piocher pour am\u00e9liorer les d\u00e9placements des Fran\u00e7ais,\u00a0ce\u00a0texte, qui vise \u00e0 am\u00e9liorer la mobilit\u00e9 au quotidien et planifier la construction et la r\u00e9novation d&rsquo;infrastructures, se compose de<strong>\u00a0quinze mesures clefs<\/strong>.<\/p>\n\n\n\n<h2 class=\"wp-block-heading\">R\u00e9novations des transports<\/h2>\n\n\n\n<p>Le texte de\u00a0loi couche sur le papier les orientations du gouvernement depuis son arriv\u00e9e aux affaires \u00e0 la mi-2017 et les priorit\u00e9s en mati\u00e8re d&rsquo;infrastructures. Ces derni\u00e8res sont\u00a0 donn\u00e9es aux transports du quotidien et \u00e0 l&rsquo;entretien des r\u00e9seaux existants tant ferroviaire que routier. Un effort particulier est mis sur le d\u00e9senclavement des territoires avec\u00a0<strong>une enveloppe d&rsquo;un milliard d&rsquo;euros<\/strong>\u00a0pour achever certaines axes routiers. L&rsquo;Etat entend aussi agir sur la d\u00e9saturation des grands noeuds ferroviaires et aider les transports en commun. Les grands projets, en revanche, sont r\u00e9duits \u00e0 la portion congrue.<\/p>\n\n\n\n<h2 class=\"wp-block-heading\">subvention des offres de covoiturage<\/h2>\n\n\n\n<p>Les collectivit\u00e9s locales pourront subventionner les offres de covoiturage pour en faire une solution de mobilit\u00e9. La&nbsp;loi&nbsp;leur donnera aussi la possibilit\u00e9 de&nbsp;<strong>mettre en place des voies r\u00e9serv\u00e9es au covoiturage<\/strong>&nbsp;ou aux v\u00e9hicules les moins polluants sur les grands axes, autoroutes et p\u00e9riph\u00e9riques.<\/p>\n\n\n\n<h2 class=\"wp-block-heading\">Cr\u00e9ation d&rsquo;\u00abautorit\u00e9s organisatrices de la mobilit\u00e9\u00bb<\/h2>\n\n\n\n<p>Le texte pr\u00e9voit de couvrir l&rsquo;ensemble du territoire d&rsquo;une \u00abautorit\u00e9 organisatrice de la mobilit\u00e9\u00bb. Cet organe r\u00e9gira la mobilit\u00e9 au sein des communaut\u00e9s de communes et des r\u00e9gions. Ces derni\u00e8res auront pour mission de&nbsp;<strong>coordonner les modes de d\u00e9placements sur leur territoire<\/strong>&nbsp;et seront conseill\u00e9es par des \u00ab\u00a0comit\u00e9s de partenaires\u00a0\u00bb comprenant des usagers et des employeurs.<\/p>\n\n\n\n<h2 class=\"wp-block-heading\">Des applications d&rsquo;informations sur la mobilit\u00e9<\/h2>\n\n\n\n<p>R\u00e9gions et agglom\u00e9rations devront veiller \u00e0 ce qu&rsquo;existent partout des applications donnant toutes les informations sur son trajet et qui permettent de trouver, entre autres, le meilleur itin\u00e9raire. Toutes les donn\u00e9es sur les offres disponibles devront \u00eatre rendues publiques d&rsquo;ici \u00e0 2021.<\/p>\n","protected":false},"excerpt":{"rendered":"<p>Le gouvernement a d\u00e9voil\u00e9, ce lundi en Conseil des ministres, le projet de loi d&rsquo;orientation des mobilit\u00e9s (LOM) qui doit \u00eatre vot\u00e9e courant 2019. Un texte dont l&rsquo;objectif est de d\u00e9senclaver les territoires et faire \u00e9merger des solutions de transports autres que la voiture individuelle.En plein mouvement des\u00a0\u00ab gilets jaunes \u00bb\u00a0et en attendant qu&rsquo;Emmanuel Macron [&hellip;]<\/p>\n","protected":false},"author":2,"featured_media":10750,"comment_status":"open","ping_status":"open","sticky":false,"template":"","format":"standard","meta":{"_jetpack_memberships_contains_paid_content":false,"footnotes":"","jetpack_publicize_message":"","jetpack_publicize_feature_enabled":true,"jetpack_social_post_already_shared":true,"jetpack_social_options":{"image_generator_settings":{"template":"highway","default_image_id":0,"font":"","enabled":false},"version":2},"_wpas_customize_per_network":false},"categories":[405],"tags":[2603],"class_list":["post-10749","post","type-post","status-publish","format-standard","has-post-thumbnail","hentry","category-actu-france-monde","tag-permis-de-conduire"],"jetpack_publicize_connections":[],"jetpack_featured_media_url":"https:\/\/i0.wp.com\/www.iceagetv.com\/radiosite\/wp-content\/uploads\/2018\/11\/Permis-de-conduire-covoiturage.jpg?fit=612%2C306&ssl=1","jetpack_sharing_enabled":true,"_links":{"self":[{"href":"https:\/\/www.iceagetv.com\/radiosite\/wp-json\/wp\/v2\/posts\/10749","targetHints":{"allow":["GET"]}}],"collection":[{"href":"https:\/\/www.iceagetv.com\/radiosite\/wp-json\/wp\/v2\/posts"}],"about":[{"href":"https:\/\/www.iceagetv.com\/radiosite\/wp-json\/wp\/v2\/types\/post"}],"author":[{"embeddable":true,"href":"https:\/\/www.iceagetv.com\/radiosite\/wp-json\/wp\/v2\/users\/2"}],"replies":[{"embeddable":true,"href":"https:\/\/www.iceagetv.com\/radiosite\/wp-json\/wp\/v2\/comments?post=10749"}],"version-history":[{"count":1,"href":"https:\/\/www.iceagetv.com\/radiosite\/wp-json\/wp\/v2\/posts\/10749\/revisions"}],"predecessor-version":[{"id":10751,"href":"https:\/\/www.iceagetv.com\/radiosite\/wp-json\/wp\/v2\/posts\/10749\/revisions\/10751"}],"wp:featuredmedia":[{"embeddable":true,"href":"https:\/\/www.iceagetv.com\/radiosite\/wp-json\/wp\/v2\/media\/10750"}],"wp:attachment":[{"href":"https:\/\/www.iceagetv.com\/radiosite\/wp-json\/wp\/v2\/media?parent=10749"}],"wp:term":[{"taxonomy":"category","embeddable":true,"href":"https:\/\/www.iceagetv.com\/radiosite\/wp-json\/wp\/v2\/categories?post=10749"},{"taxonomy":"post_tag","embeddable":true,"href":"https:\/\/www.iceagetv.com\/radiosite\/wp-json\/wp\/v2\/tags?post=10749"}],"curies":[{"name":"wp","href":"https:\/\/api.w.org\/{rel}","templated":true}]}}