{"id":10756,"date":"2018-11-27T17:23:22","date_gmt":"2018-11-27T17:23:22","guid":{"rendered":"http:\/\/www.iceagetv.com\/radiosite\/?p=10756"},"modified":"2018-11-27T17:23:31","modified_gmt":"2018-11-27T17:23:31","slug":"deux-gilets-jaunes-vont-etre-recus-par-francois-de-rugy-dans-la-soiree","status":"publish","type":"post","link":"https:\/\/www.iceagetv.com\/radiosite\/deux-gilets-jaunes-vont-etre-recus-par-francois-de-rugy-dans-la-soiree\/","title":{"rendered":"Deux \u00ab\u00a0gilets jaunes\u00a0\u00bb vont \u00eatre re\u00e7us par Fran\u00e7ois de Rugy dans la soir\u00e9e"},"content":{"rendered":"\n<p>Le chef de l&rsquo;Etat, Emmanuel Macron, a&nbsp;<a href=\"https:\/\/www.francetvinfo.fr\/economie\/transports\/prix-des-carburants\/gilets-jaunes-grande-concertation-fiscalite-des-carburants-adaptee-ce-quil-faut-retenir-du-discours-demmanuel-macron-sur-la-transition-energetique_3074097.html\">pr\u00e9sent\u00e9<\/a>, mardi 27 novembre, la tr\u00e8s attendue Programmation pluriannuelle de l&rsquo;\u00e9nergie et&nbsp;<em>\u00ab\u00a0le cap de la transition \u00e9nerg\u00e9tique\u00a0\u00bb&nbsp;<\/em>pour les prochaines d\u00e9cennies. Il a demand\u00e9 au&nbsp;ministre de&nbsp;la Transition \u00e9cologique et solidaire, Fran\u00e7ois de Rugy, de recevoir les repr\u00e9sentants des \u00ab\u00a0gilets jaunes\u00a0\u00bb&nbsp;dans l&rsquo;apr\u00e8s-midi.&nbsp;Selon nos informations, la rencontre aura finalement lieu dans la soir\u00e9e. Suivez notre direct.<\/p>\n\n\n\n<p><strong>&nbsp;Deux \u00ab\u00a0gilets jaunes\u00a0\u00bb re\u00e7us par Fran\u00e7ois de Rugy.&nbsp;<\/strong>Deux membres de la&nbsp;<a href=\"https:\/\/www.francetvinfo.fr\/economie\/transports\/gilets-jaunes\/chauffeur-routier-ancien-journaliste-serveuse-qui-sont-les-huit-porte-parole-des-gilets-jaunes_3053593.html\">\u00ab\u00a0d\u00e9l\u00e9gation\u00a0\u00bb officielle<\/a>, Eric Drouet et Priscilla Ludosky, bien que&nbsp;<a href=\"https:\/\/www.francetvinfo.fr\/economie\/transports\/gilets-jaunes\/pour-qui-se-prennent-ils-les-huit-porte-parole-officiels-des-gilets-jaunes-ne-font-pas-l-unanimite_3052563.html\">contest\u00e9s par certains \u00ab\u00a0gilets jaunes\u00a0\u00bb<\/a>, seront entendus par le ministre dans la soir\u00e9e.&nbsp;<\/p>\n\n\n\n<p>&nbsp;<strong>\u00ab\u00a0Je comprends cette crainte, je ne peux que la partager.\u00a0\u00bb&nbsp;<\/strong>Au cours de son discours, Emmanuel Macron a affirm\u00e9 qu&rsquo;il comprenait et qu&rsquo;il partageait les inqui\u00e9tudes des \u00ab\u00a0gilets jaunes\u00a0\u00bb.&nbsp;<em>\u00ab\u00a0On vous parle de fin du monde et vous nous parlez de fin de mois difficile (&#8230;) Une crainte s&rsquo;est exprim\u00e9e, celle d&rsquo;\u00eatre laiss\u00e9 pour compte, de payer la transition \u00e9nerg\u00e9tique sans en b\u00e9n\u00e9ficier\u00a0\u00bb,&nbsp;<\/em>a-t-il reconnu. Evoquant la&nbsp;<em>\u00ab\u00a0responsabilit\u00e9\u00a0\u00bb<\/em>&nbsp;des gouvernements dans le manque d&rsquo;action climatique, le pr\u00e9sident a ajout\u00e9 que&nbsp;<em>\u00ab\u00a0les premi\u00e8res victimes de nos renoncements, ce sont ceux qui vivent les situations les plus dures\u00a0\u00bb.&nbsp;<\/em><\/p>\n\n\n\n<p><strong>&nbsp;La France doit se \u00ab\u00a0d\u00e9sintoxiquer des \u00e9nergies fossiles\u00a0\u00bb.&nbsp;<\/strong><em>\u00ab\u00a0Nous devons sortir des \u00e9nergies fossiles, nous devons passer d&rsquo;une France o\u00f9 75% de l&rsquo;\u00e9nergie consomm\u00e9e est d&rsquo;origine fossile \u00e0 une production et consommation totalement d\u00e9carbonn\u00e9e\u00a0\u00bb&nbsp;<\/em>en 2050, a d\u00e9fendu le chef de l&rsquo;Etat. Emmanuel Macron a \u00e9galement appel\u00e9 au d\u00e9veloppement des voitures \u00e9lectriques, des d\u00e9placements en transport en commun et en&nbsp;covoiturage, ainsi qu&rsquo;\u00e0 une meilleure isolation des b\u00e2timents existants.&nbsp;<\/p>\n\n\n\n<p><strong>&nbsp;Fermer 12 r\u00e9acteurs nucl\u00e9aires entre 2025 et 2035.&nbsp;<\/strong>Le pr\u00e9sident a r\u00e9affirm\u00e9 l&rsquo;engagement de l&rsquo;Etat de r\u00e9duire \u00e0 50% la part du nucl\u00e9aire dans l&rsquo;\u00e9lectricit\u00e9 d&rsquo;ici \u00e0 2035.&nbsp;Douze r\u00e9acteurs nucl\u00e9aires seront ferm\u00e9s entre 2025 et 2035, a-t-il annonc\u00e9.&nbsp;<em>\u00ab\u00a0Les sites concern\u00e9s seront pr\u00e9cis\u00e9s prochainement\u00a0\u00bb,&nbsp;<\/em>a pr\u00e9cis\u00e9 Emmanuel Macron. Ce dernier a annonc\u00e9 en parall\u00e8le sept \u00e0 huit milliards d&rsquo;euros consacr\u00e9s aux \u00e9nergies renouvelables.&nbsp;<em>\u00ab\u00a0A l&rsquo;horizon 2030, l&rsquo;\u00e9volution du parc \u00e9olien terrestre sera tripl\u00e9, la part des panneaux photovolta\u00efques sera multipli\u00e9 par cinq. Nous d\u00e9velopperons aussi l&rsquo;\u00e9olien en mer.\u00a0\u00bb<\/em><\/p>\n\n\n\n<p><strong><em>\u00a0<\/em>Un d\u00e9bat national auquel les \u00ab\u00a0gilets jaunes\u00a0\u00bb pourront participer.<\/strong>\u00a0<em>\u00ab\u00a0Dans les trois mois qui viennent, je souhaite un d\u00e9bat national qui puisse s&rsquo;inscrire dans les territoires\u00a0\u00bb,\u00a0<\/em>a ajout\u00e9 Emmanuel Macron, appellant \u00e0\u00a0<em>\u00ab\u00a0une grande concertation de terrain sur la transition \u00e9cologique et sociale\u00a0\u00bb<\/em>\u00a0dans les trois mois.<em>\u00a0\u00ab\u00a0Je souhaite que les repr\u00e9sentants des &lsquo;gilets jaunes&rsquo; puissent y prendre part\u00a0\u00bb,\u00a0<\/em>a-t-il ajout\u00e9.\u00a0<\/p>\n\n\n\n<p><em>Ce n&rsquo;est pas parce que j&rsquo;ai fait une simple vid\u00e9o qui a fait \u00e9clater au grand jour la mis\u00e8re des Fran\u00e7ais qu&rsquo;on doit pour autant me couper la t\u00eate.<\/em><em>\u00ab\u00a0<\/em><\/p>\n\n\n\n<p>Jacline Mouraud\u00a0<a rel=\"noreferrer noopener\" href=\"https:\/\/www.francetvinfo.fr\/economie\/transports\/gilets-jaunes\/info-franceinfo-jacline-mouraud-figure-des-gilets-jaunes-se-dit-menacee-et-porte-plainte_3074399.html\" target=\"_blank\">a port\u00e9 plainte<\/a>, hier, pour \u00ab\u00a0menace\u00a0\u00bb et \u00ab\u00a0diffamation\u00a0\u00bb aupr\u00e8s de la gendarmerie de Guer (Morbihan). Cette figure du mouvement des \u00ab\u00a0gilets jaunes\u00a0\u00bb affirme avoir re\u00e7u deux courriers \u00ab\u00a0anonymes\u00a0\u00bb et \u00ab\u00a0mena\u00e7ants\u00a0\u00bb dans sa bo\u00eete aux lettres. Elle cite quelques extraits :\u00a0<em>\u00ab\u00a0Un jour, tu paieras pour toutes tes conneries\u00a0\u00bb, \u00ab\u00a0Tu nous fais chier avec tes &lsquo;gilets jaunes'\u00a0\u00bb<\/em>, ou encore\u00a0<em>\u00ab\u00a0Jacline au b\u00fbcher\u00a0\u00bb<\/em><br>Priscilla Ludosky et Eric Drouet\u00a0ont \u00e9t\u00e9 des rouages importants dans le lancement du mouvement des \u00ab\u00a0gilets jaunes\u00a0\u00bb, comme nous le racontons dans\u00a0<a rel=\"noreferrer noopener\" href=\"https:\/\/www.francetvinfo.fr\/economie\/transports\/prix-des-carburants\/recit-mobilisation-du-17-novembre-comment-les-gilets-jaunes-ont-fait-le-plein-pour-bloquer-la-france_3030251.html\" target=\"_blank\">notre article<\/a>\u00a0sur la gen\u00e8se de la mobilisation.<br><strong>Selon les informations de franceinfo, deux porte-parole des \u00ab\u00a0gilets jaunes\u00a0\u00bb vont rencontrer\u00a0dans la soir\u00e9e\u00a0Fran\u00e7ois de Rugy, le ministre de la Transition \u00e9cologique : Priscilla Ludoskyet Eric Drouet<\/strong><br>&lsquo;\u00e9cologiste Yannick Jadot estime que le chef de l&rsquo;Etat a laiss\u00e9 de c\u00f4t\u00e9 la\u00a0<em>\u00ab\u00a0justice sociale\u00a0\u00bb<\/em>.\u00a0<em>\u00ab\u00a0Il n&rsquo;y a eu aucune annonce de mesures d&rsquo;accompagnement pour les Fran\u00e7aises et les Fran\u00e7ais, qui aujourd&rsquo;hui souffrent du point de vue du pouvoir d&rsquo;achat (&#8230;), de la fracture territoriale. Faire dans ce moment un discours sans justice sociale, sans mesures d&rsquo;accompagnement, je dois dire que j&rsquo;en suis totalement stup\u00e9fait\u00a0\u00bb<\/em>, d\u00e9clare-t-il sur BFMTV.<br>\u00a0L<strong>e ministre de l&rsquo;Ecologie Fran\u00e7ois de Rugy va recevoir, aujourd&rsquo;hui, des repr\u00e9sentants des \u00ab\u00a0gilets jaunes\u00a0\u00bb \u00e0 la demande d&rsquo;Emmanuel Macron.<\/strong><br>Donc on continue sur notre lanc\u00e9e les plus riches on leur fait des cadeaux ( baisse de l&rsquo;isf sans parler des hauts fonctionnaires, ministres et leurs renumerations folles&#8230;) et pour le reste des cr\u00e9dits d&rsquo;imp\u00f4ts sur des travaux qui sont de toute mani\u00e8re trop chers pour les r\u00e9aliser&#8230; \u00c9c\u0153urant<\/p>\n","protected":false},"excerpt":{"rendered":"<p>Le chef de l&rsquo;Etat, Emmanuel Macron, a&nbsp;pr\u00e9sent\u00e9, mardi 27 novembre, la tr\u00e8s attendue Programmation pluriannuelle de l&rsquo;\u00e9nergie et&nbsp;\u00ab\u00a0le cap de la transition \u00e9nerg\u00e9tique\u00a0\u00bb&nbsp;pour les prochaines d\u00e9cennies. Il a demand\u00e9 au&nbsp;ministre de&nbsp;la Transition \u00e9cologique et solidaire, Fran\u00e7ois de Rugy, de recevoir les repr\u00e9sentants des \u00ab\u00a0gilets jaunes\u00a0\u00bb&nbsp;dans l&rsquo;apr\u00e8s-midi.&nbsp;Selon nos informations, la rencontre aura finalement lieu dans la [&hellip;]<\/p>\n","protected":false},"author":2,"featured_media":10757,"comment_status":"open","ping_status":"open","sticky":false,"template":"","format":"standard","meta":{"_jetpack_memberships_contains_paid_content":false,"footnotes":"","jetpack_publicize_message":"","jetpack_publicize_feature_enabled":true,"jetpack_social_post_already_shared":true,"jetpack_social_options":{"image_generator_settings":{"template":"highway","default_image_id":0,"font":"","enabled":false},"version":2},"_wpas_customize_per_network":false},"categories":[405],"tags":[],"class_list":["post-10756","post","type-post","status-publish","format-standard","has-post-thumbnail","hentry","category-actu-france-monde"],"jetpack_publicize_connections":[],"jetpack_featured_media_url":"https:\/\/i0.wp.com\/www.iceagetv.com\/radiosite\/wp-content\/uploads\/2018\/11\/Gilets-jaunes-4.jpg?fit=770%2C433&ssl=1","jetpack_sharing_enabled":true,"_links":{"self":[{"href":"https:\/\/www.iceagetv.com\/radiosite\/wp-json\/wp\/v2\/posts\/10756","targetHints":{"allow":["GET"]}}],"collection":[{"href":"https:\/\/www.iceagetv.com\/radiosite\/wp-json\/wp\/v2\/posts"}],"about":[{"href":"https:\/\/www.iceagetv.com\/radiosite\/wp-json\/wp\/v2\/types\/post"}],"author":[{"embeddable":true,"href":"https:\/\/www.iceagetv.com\/radiosite\/wp-json\/wp\/v2\/users\/2"}],"replies":[{"embeddable":true,"href":"https:\/\/www.iceagetv.com\/radiosite\/wp-json\/wp\/v2\/comments?post=10756"}],"version-history":[{"count":1,"href":"https:\/\/www.iceagetv.com\/radiosite\/wp-json\/wp\/v2\/posts\/10756\/revisions"}],"predecessor-version":[{"id":10758,"href":"https:\/\/www.iceagetv.com\/radiosite\/wp-json\/wp\/v2\/posts\/10756\/revisions\/10758"}],"wp:featuredmedia":[{"embeddable":true,"href":"https:\/\/www.iceagetv.com\/radiosite\/wp-json\/wp\/v2\/media\/10757"}],"wp:attachment":[{"href":"https:\/\/www.iceagetv.com\/radiosite\/wp-json\/wp\/v2\/media?parent=10756"}],"wp:term":[{"taxonomy":"category","embeddable":true,"href":"https:\/\/www.iceagetv.com\/radiosite\/wp-json\/wp\/v2\/categories?post=10756"},{"taxonomy":"post_tag","embeddable":true,"href":"https:\/\/www.iceagetv.com\/radiosite\/wp-json\/wp\/v2\/tags?post=10756"}],"curies":[{"name":"wp","href":"https:\/\/api.w.org\/{rel}","templated":true}]}}