{"id":10771,"date":"2018-11-28T08:46:18","date_gmt":"2018-11-28T08:46:18","guid":{"rendered":"http:\/\/www.iceagetv.com\/radiosite\/?p=10771"},"modified":"2018-11-28T08:46:25","modified_gmt":"2018-11-28T08:46:25","slug":"gilets-jaunes-smic-taxes-ce-qua-dit-edouard-philippe-ce-mercredi","status":"publish","type":"post","link":"https:\/\/www.iceagetv.com\/radiosite\/gilets-jaunes-smic-taxes-ce-qua-dit-edouard-philippe-ce-mercredi\/","title":{"rendered":"Gilets jaunes, Smic, taxes : ce qu\u2019a dit Edouard Philippe ce mercredi"},"content":{"rendered":"\n<h2 class=\"wp-block-heading\">Invit\u00e9 de RMC mercredi matin, Edouard Philippe a \u00e9galement confirm\u00e9 la hausse des taxes sur le carburant au 1er janvier 2019.<\/h2>\n\n\n\n<p>\u00c9douard Philippe s\u2019est dit pr\u00eat mercredi\u00a0<a href=\"https:\/\/www.sudouest.fr\/2018\/11\/27\/gilets-jaunes-le-gouvernement-ne-recevra-pas-leurs-representants-designes-en-l-etat-actuel-5603142-10530.php\">\u00e0 recevoir une \u00ab\u00a0d\u00e9l\u00e9gation repr\u00e9sentative\u00a0\u00bb de Gilets jaunes<\/a>, souhaitant \u00e9galement que le mouvement participe \u00e0\u00a0<strong>la future concertation sur la transition \u00e9cologique<\/strong>\u00a0annonc\u00e9e par Emmanuel Macron.<br>S\u2019il y a une d\u00e9l\u00e9gation repr\u00e9sentative des Gilets jaunes souhaite \u00eatre re\u00e7ue, alors je le ferai\u00a0\u00bb, a r\u00e9pondu sur RMC le Premier ministre. \u00ab\u00a0Dans ce qu\u2019ils formulent,\u00a0<strong>il y a beaucoup de choses tr\u00e8s l\u00e9gitimes<\/strong>\u00a0qui doivent \u00eatre entendues\u00a0\u00bb, a-t-il estim\u00e9.\u00a0<\/p>\n\n\n\n<h3 class=\"wp-block-heading\">La taxe sur le carburant flexible mais maintenue<\/h3>\n\n\n\n<p>Dans la droite ligne\u00a0<a href=\"https:\/\/www.sudouest.fr\/2018\/11\/27\/gilets-jaunes-emmanuel-macron-veut-une-ecologie-populaire-5603271-7527.php\">du discours d\u2019Emmanuel Macron mardi<\/a>, sur la transition \u00e9cologique, \u00c9douard Philippe a \u00e9galement annonc\u00e9 qu\u2019il n\u2019y aurait pas de moratoire sur la hausse des carburants, qui interviendra au 1er janvier 2019. Le Premier ministre est \u00e9galement revenu sur\u00a0<strong>le caract\u00e8re adaptatif de la taxe<\/strong>, qui pourra \u00e9voluer en fonction du cours du p\u00e9trole.<\/p>\n\n\n\n<h3 class=\"wp-block-heading\">Une \u00ab\u00a0revalorisation l\u00e9gale\u00a0\u00bb du Smic, mais pas de \u00ab\u00a0coup de pouce\u00a0\u00bb<\/h3>\n\n\n\n<p>Invit\u00e9 \u00e0 s\u2019exprimer sur une potentielle augmentation du salaire minimum pour compenser la hausse du prix des carburants, Edouard Philippe a confirm\u00e9 que le SMIC<strong>\u00a0b\u00e9n\u00e9ficierait d\u2019une \u00ab\u00a0revalorisation l\u00e9gale\u00a0\u00bb<\/strong>\u00a0au 1er janvier, mais que le gouvernement\u00a0<strong>ne donnerait pas de \u00ab\u00a0coup de pouce\u00a0\u00bb<\/strong>.<\/p>\n\n\n\n<p>Notre politique, ce n\u2019est pas de faire des coups de pouce au Smic, notre politique&nbsp;<strong>c\u2019est de faire en sorte que le travail paye<\/strong>&nbsp;(\u2026) Il y aura une revalorisation, la revalorisation l\u00e9gale (\u2026) Il n\u2019y aura pas de coup de pouce suppl\u00e9mentaire\u00a0\u00bb, a d\u00e9clar\u00e9 Edouard Philippe, rappelant que&nbsp;<strong>les salaires nets ont augment\u00e9 en octobre<\/strong>&nbsp;avec la baisse des cotisations salariales.<\/p>\n\n\n\n<p>La France n\u2019a&nbsp;<strong>plus accord\u00e9 de coup de pouce au Smic<\/strong>&nbsp;depuis juillet 2012, au lendemain de l\u2019\u00e9lection de Fran\u00e7ois Hollande. Au 1er janvier 2018, le Smic avait augment\u00e9 de 1,2%, passant&nbsp;<strong>\u00e0 1 498,50 \u20ac brut\/mois<\/strong>, gr\u00e2ce au m\u00e9canisme de revalorisation automatique.<\/p>\n","protected":false},"excerpt":{"rendered":"<p>Invit\u00e9 de RMC mercredi matin, Edouard Philippe a \u00e9galement confirm\u00e9 la hausse des taxes sur le carburant au 1er janvier 2019. \u00c9douard Philippe s\u2019est dit pr\u00eat mercredi\u00a0\u00e0 recevoir une \u00ab\u00a0d\u00e9l\u00e9gation repr\u00e9sentative\u00a0\u00bb de Gilets jaunes, souhaitant \u00e9galement que le mouvement participe \u00e0\u00a0la future concertation sur la transition \u00e9cologique\u00a0annonc\u00e9e par Emmanuel Macron.S\u2019il y a une d\u00e9l\u00e9gation repr\u00e9sentative [&hellip;]<\/p>\n","protected":false},"author":2,"featured_media":10772,"comment_status":"open","ping_status":"open","sticky":false,"template":"","format":"standard","meta":{"_jetpack_memberships_contains_paid_content":false,"footnotes":"","jetpack_publicize_message":"","jetpack_publicize_feature_enabled":true,"jetpack_social_post_already_shared":true,"jetpack_social_options":{"image_generator_settings":{"template":"highway","default_image_id":0,"font":"","enabled":false},"version":2},"_wpas_customize_per_network":false},"categories":[405],"tags":[],"class_list":["post-10771","post","type-post","status-publish","format-standard","has-post-thumbnail","hentry","category-actu-france-monde"],"jetpack_publicize_connections":[],"jetpack_featured_media_url":"https:\/\/i0.wp.com\/www.iceagetv.com\/radiosite\/wp-content\/uploads\/2018\/11\/Edouard-Philippe.jpg?fit=1000%2C500&ssl=1","jetpack_sharing_enabled":true,"_links":{"self":[{"href":"https:\/\/www.iceagetv.com\/radiosite\/wp-json\/wp\/v2\/posts\/10771","targetHints":{"allow":["GET"]}}],"collection":[{"href":"https:\/\/www.iceagetv.com\/radiosite\/wp-json\/wp\/v2\/posts"}],"about":[{"href":"https:\/\/www.iceagetv.com\/radiosite\/wp-json\/wp\/v2\/types\/post"}],"author":[{"embeddable":true,"href":"https:\/\/www.iceagetv.com\/radiosite\/wp-json\/wp\/v2\/users\/2"}],"replies":[{"embeddable":true,"href":"https:\/\/www.iceagetv.com\/radiosite\/wp-json\/wp\/v2\/comments?post=10771"}],"version-history":[{"count":1,"href":"https:\/\/www.iceagetv.com\/radiosite\/wp-json\/wp\/v2\/posts\/10771\/revisions"}],"predecessor-version":[{"id":10773,"href":"https:\/\/www.iceagetv.com\/radiosite\/wp-json\/wp\/v2\/posts\/10771\/revisions\/10773"}],"wp:featuredmedia":[{"embeddable":true,"href":"https:\/\/www.iceagetv.com\/radiosite\/wp-json\/wp\/v2\/media\/10772"}],"wp:attachment":[{"href":"https:\/\/www.iceagetv.com\/radiosite\/wp-json\/wp\/v2\/media?parent=10771"}],"wp:term":[{"taxonomy":"category","embeddable":true,"href":"https:\/\/www.iceagetv.com\/radiosite\/wp-json\/wp\/v2\/categories?post=10771"},{"taxonomy":"post_tag","embeddable":true,"href":"https:\/\/www.iceagetv.com\/radiosite\/wp-json\/wp\/v2\/tags?post=10771"}],"curies":[{"name":"wp","href":"https:\/\/api.w.org\/{rel}","templated":true}]}}