{"id":10781,"date":"2018-11-29T08:58:26","date_gmt":"2018-11-29T08:58:26","guid":{"rendered":"http:\/\/www.iceagetv.com\/radiosite\/?p=10781"},"modified":"2018-11-29T08:58:34","modified_gmt":"2018-11-29T08:58:34","slug":"une-delegation-de-gilets-jaunes-recue-vendredi-a-matignon","status":"publish","type":"post","link":"https:\/\/www.iceagetv.com\/radiosite\/une-delegation-de-gilets-jaunes-recue-vendredi-a-matignon\/","title":{"rendered":"Une d\u00e9l\u00e9gation de \u00ab\u00a0gilets jaunes\u00a0\u00bb re\u00e7ue vendredi \u00e0 Matignon"},"content":{"rendered":"\n<h2 class=\"wp-block-heading\">Des porte-parole issus de la d\u00e9l\u00e9gation officielle des \u00ab\u00a0gilets jaunes\u00a0\u00bb seront re\u00e7us \u00e0 Matignon vendredi, ont-ils annonc\u00e9 dans un communiqu\u00e9.&nbsp;<\/h2>\n\n\n\n<p>Ils auront finalement acc\u00e8s au sommet de l&rsquo;Etat. Des porte-parole de la \u00ab\u00a0d\u00e9l\u00e9gation\u00a0\u00bb officielle des \u00ab\u00a0gilets jaunes\u00a0\u00bb seront re\u00e7us vendredi par le Premier ministre \u00c9douard Philippe, \u00e0 la veille de \u00ab\u00a0l&rsquo;acte 3\u00a0\u00bb de leur mobilisation, ont-ils annonc\u00e9 jeudi dans un communiqu\u00e9.<\/p>\n\n\n\n<p><strong>L&rsquo;espoir d&rsquo;une rencontre \u00ab\u00a0plus satisfaisante\u00a0\u00bb.<\/strong>\u00a0Apr\u00e8s que deux membres de cette \u00ab\u00a0d\u00e9l\u00e9gation\u00a0\u00bb ont \u00e9t\u00e9 re\u00e7us mardi par le ministre de la Transition \u00e9cologique, \u00ab\u00a0\u00c9douard Philippe souhaite les rencontrer vendredi 30 novembre \u00e0 14h\u00a0\u00bb, affirme le communiqu\u00e9, qui pr\u00e9cise que les \u00ab\u00a0gilets jaunes\u00a0\u00bb esp\u00e8rent \u00ab\u00a0que cette rencontre soit plus satisfaisante et concr\u00e8te que la premi\u00e8re\u00a0\u00bb. Matignon a confirm\u00e9 ce rendez-vous, pr\u00e9cisant que Fran\u00e7ois de Rugy sera \u00e9galement pr\u00e9sent. Cette rencontre \u00ab\u00a0s&rsquo;inscrit dans le cadre des consultations que le Premier ministre pr\u00e9side pour d\u00e9finir l&rsquo;organisation de la concertation citoyenne qui aura lieu sur l&rsquo;ensemble du territoire\u00a0\u00bb, ajoute le communiqu\u00e9 des \u00ab\u00a0gilets jaunes\u00a0\u00bb.<\/p>\n\n\n\n<p><a href=\"http:\/\/www.europe1.fr\/societe\/gilets-jaunes-lidee-ce-serait-delire-des-porte-parole-regionaux-pour-representer-le-mouvement-3810239\">Un groupe de huit porte-parole avait \u00e9t\u00e9 d\u00e9sign\u00e9<\/a>&nbsp;lundi pour \u00ab\u00a0nouer une prise contact s\u00e9rieuse et n\u00e9cessaire\u00a0\u00bb avec le gouvernement et transmettre une s\u00e9rie de revendications. Deux d&rsquo;entre eux, les initiateurs du mouvement des \u00ab\u00a0gilets jaunes\u00a0\u00bb Priscillia Ludosky et \u00c9ric Drouet, ont \u00e9t\u00e9 re\u00e7us mardi, \u00e0 la demande d&rsquo;Emmanuel Macron, par le ministre de la Transition \u00e9cologique Fran\u00e7ois de Rugy. \u00ab\u00a0Ces (huit) gilets jaunes, en tout ou partie, seront re\u00e7us par le Premier ministre, pendant que les r\u00e9gions s&rsquo;organisent\u00a0\u00bb, ajoute le communiqu\u00e9.<\/p>\n\n\n\n<p><strong>Un \u00ab\u00a0acte 3\u00a0\u00bb maintenu.<\/strong>&nbsp;Apr\u00e8s leur rencontre avec Fran\u00e7ois de Rugy, \u00c9ric Drouet et Priscillia Ludosky avaient d\u00e9clar\u00e9 n&rsquo;avoir pas senti d'\u00a0\u00bbenvie d&rsquo;am\u00e9liorer le sort des gens\u00a0\u00bb et que le rendez-vous pour un \u00ab\u00a0acte 3\u00a0\u00bb samedi \u00e9tait maintenu.<\/p>\n\n\n\n<p>\u00c9douard Philippe a lanc\u00e9 jeudi matin&nbsp;<a href=\"http:\/\/www.europe1.fr\/politique\/gilets-jaunes-edouard-philippe-entame-les-consultations-sur-la-future-concertation-locale-3810137\">deux jours de consultations pour la \u00ab\u00a0grande concertation\u00a0\u00bb locale de trois mois voulue par Emmanuel Macron<\/a>&nbsp;pour tenter d&rsquo;apporter de nouvelles r\u00e9ponses au mouvement des \u00ab\u00a0gilets jaunes\u00a0\u00bb. Le Premier ministre re\u00e7oit les membres du Conseil national de la transition \u00e9nerg\u00e9tique (CNTE), un organe consultatif qui r\u00e9unit 50 membres de divers horizons (patronat, syndicats, ONG environnementales, soci\u00e9t\u00e9 civile, \u00e9lus locaux et parlementaires).<\/p>\n","protected":false},"excerpt":{"rendered":"<p>Des porte-parole issus de la d\u00e9l\u00e9gation officielle des \u00ab\u00a0gilets jaunes\u00a0\u00bb seront re\u00e7us \u00e0 Matignon vendredi, ont-ils annonc\u00e9 dans un communiqu\u00e9.&nbsp; Ils auront finalement acc\u00e8s au sommet de l&rsquo;Etat. Des porte-parole de la \u00ab\u00a0d\u00e9l\u00e9gation\u00a0\u00bb officielle des \u00ab\u00a0gilets jaunes\u00a0\u00bb seront re\u00e7us vendredi par le Premier ministre \u00c9douard Philippe, \u00e0 la veille de \u00ab\u00a0l&rsquo;acte 3\u00a0\u00bb de leur mobilisation, [&hellip;]<\/p>\n","protected":false},"author":2,"featured_media":10782,"comment_status":"open","ping_status":"open","sticky":false,"template":"","format":"standard","meta":{"_jetpack_memberships_contains_paid_content":false,"footnotes":"","jetpack_publicize_message":"","jetpack_publicize_feature_enabled":true,"jetpack_social_post_already_shared":true,"jetpack_social_options":{"image_generator_settings":{"template":"highway","default_image_id":0,"font":"","enabled":false},"version":2},"_wpas_customize_per_network":false},"categories":[405],"tags":[],"class_list":["post-10781","post","type-post","status-publish","format-standard","has-post-thumbnail","hentry","category-actu-france-monde"],"jetpack_publicize_connections":[],"jetpack_featured_media_url":"https:\/\/i0.wp.com\/www.iceagetv.com\/radiosite\/wp-content\/uploads\/2018\/11\/Une-d%C3%A9l%C3%A9gation-de-gilets-jaunesre%C3%A7ue-vendredi-%C3%A0-Matignon.jpg?fit=660%2C281&ssl=1","jetpack_sharing_enabled":true,"_links":{"self":[{"href":"https:\/\/www.iceagetv.com\/radiosite\/wp-json\/wp\/v2\/posts\/10781","targetHints":{"allow":["GET"]}}],"collection":[{"href":"https:\/\/www.iceagetv.com\/radiosite\/wp-json\/wp\/v2\/posts"}],"about":[{"href":"https:\/\/www.iceagetv.com\/radiosite\/wp-json\/wp\/v2\/types\/post"}],"author":[{"embeddable":true,"href":"https:\/\/www.iceagetv.com\/radiosite\/wp-json\/wp\/v2\/users\/2"}],"replies":[{"embeddable":true,"href":"https:\/\/www.iceagetv.com\/radiosite\/wp-json\/wp\/v2\/comments?post=10781"}],"version-history":[{"count":1,"href":"https:\/\/www.iceagetv.com\/radiosite\/wp-json\/wp\/v2\/posts\/10781\/revisions"}],"predecessor-version":[{"id":10783,"href":"https:\/\/www.iceagetv.com\/radiosite\/wp-json\/wp\/v2\/posts\/10781\/revisions\/10783"}],"wp:featuredmedia":[{"embeddable":true,"href":"https:\/\/www.iceagetv.com\/radiosite\/wp-json\/wp\/v2\/media\/10782"}],"wp:attachment":[{"href":"https:\/\/www.iceagetv.com\/radiosite\/wp-json\/wp\/v2\/media?parent=10781"}],"wp:term":[{"taxonomy":"category","embeddable":true,"href":"https:\/\/www.iceagetv.com\/radiosite\/wp-json\/wp\/v2\/categories?post=10781"},{"taxonomy":"post_tag","embeddable":true,"href":"https:\/\/www.iceagetv.com\/radiosite\/wp-json\/wp\/v2\/tags?post=10781"}],"curies":[{"name":"wp","href":"https:\/\/api.w.org\/{rel}","templated":true}]}}