{"id":10805,"date":"2018-12-03T17:23:18","date_gmt":"2018-12-03T17:23:18","guid":{"rendered":"http:\/\/www.iceagetv.com\/radiosite\/?p=10805"},"modified":"2018-12-03T17:23:23","modified_gmt":"2018-12-03T17:23:23","slug":"gilets-jaunes-de-nouvelles-mesures-a-lissue-des-consultations-a-matignon","status":"publish","type":"post","link":"https:\/\/www.iceagetv.com\/radiosite\/gilets-jaunes-de-nouvelles-mesures-a-lissue-des-consultations-a-matignon\/","title":{"rendered":"Gilets jaunes \u00bb : de nouvelles \u00ab mesures \u00bb \u00e0 l&rsquo;issue des consultations \u00e0 Matignon"},"content":{"rendered":"\n<h2 class=\"wp-block-heading\">Edouard Philippe re\u00e7oit ce lundi \u00e0 Matignon les responsables des partis, pr\u00e9alable \u00e0 l&rsquo;annonce de nouvelles \u00ab&nbsp;mesures&nbsp;\u00bb pour tenter d&rsquo;apaiser la crise des \u00ab&nbsp;gilets jaunes&nbsp;\u00bb. Un d\u00e9bat aura lieu \u00e0 l&rsquo;Assembl\u00e9e nationale mercredi et au S\u00e9nat jeudi.<\/h2>\n\n\n\n<p>Edouard Philippe \u00e0 la manoeuvre pour tenter de trouver une solution \u00e0\u00a0\u00a0<a href=\"https:\/\/www.lesechos.fr\/economie-france\/dossiers\/Gilets-jaunes-samedi-17-novembre-blocage\/les-gilets-jaunes-un-mouvement-social-inedit-2222412.php\">la crise des \u00ab Gilets jaunes \u00bb<\/a>\u00a0. Le Premier ministre annoncera de nouvelles\u00a0<em>\u00ab\u00a0mesures\u00a0\u00bb<\/em>\u00a0apr\u00e8s les consultations qu&rsquo;il m\u00e8ne cette semaine afin\u00a0<em>\u00ab\u00a0de permettre le d\u00e9roulement serein\u00a0\u00bb<\/em>\u00a0de\u00a0\u00a0<a href=\"https:\/\/www.lesechos.fr\/politique-societe\/gouvernement\/0600234568125-gilets-jaunes-lexecutif-se-jette-dans-la-concertation-pour-desamorcer-la-grogne-2225545.php\">la concertation de trois mois voulue par l&rsquo;ex\u00e9cutif<\/a>\u00a0, a annonc\u00e9 ce lundi matin Matignon.\u00a0Apr\u00e8s la r\u00e9ception des patrons des principaux partis ce lundi, le Premier ministre recevra mardi apr\u00e8s-midi un collectif de \u00ab\u00a0gilets jaunes\u00a0\u00bb pr\u00eat \u00e0 discuter avec l&rsquo;ex\u00e9cutif.<\/p>\n\n\n\n<p>Le gouvernement annonce \u00e9galement un d\u00e9bat \u00e0 l&rsquo;Assembl\u00e9e nationale mercredi et au S\u00e9nat jeudi, en vertu de l&rsquo;article&nbsp;50-1 de la Constitution, c&rsquo;est-\u00e0-dire sans engager sa responsabilit\u00e9. Matignon n&rsquo;a pas pr\u00e9cis\u00e9 dans l&rsquo;imm\u00e9diat si ce d\u00e9bat donnerait lieu ou non \u00e0 un vote.<\/p>\n\n\n\n<p>Aucune information n&rsquo;a filtr\u00e9 sur la nature des mesures qui pourraient \u00eatre annonc\u00e9es pour tenter de sortir d&rsquo;une crise\u00a0<a href=\"https:\/\/www.lesechos.fr\/economie-france\/conjoncture\/0600263206946-gilets-jaunes-bercy-salarme-des-repercussions-economiques-2226684.php\">qui affecte s\u00e9v\u00e8rement l&rsquo;\u00e9conomie<\/a>\u00a0, sauf l&rsquo;affichage d&rsquo;une volont\u00e9 d&rsquo;acc\u00e9l\u00e9rer la r\u00e9duction des imp\u00f4ts.\u00a0L&rsquo;ex\u00e9cutif a jusqu&rsquo;\u00e0 pr\u00e9sent exclu toute annonce avant la fin de la concertation territoriale visant \u00e0 r\u00e9pondre aux \u00ab gilets jaunes \u00bb, qui r\u00e9clament comme premier geste l&rsquo;annulation de\u00a0<a href=\"https:\/\/www.lesechos.fr\/economie-france\/budget-fiscalite\/0600151829637-les-taxes-sur-le-diesel-vont-grimper-de-30-centimes-sur-le-quinquennat-2222882.php\">la hausse des taxes sur les carburants pr\u00e9vue le 1er janvier<\/a>\u00a0.<\/p>\n\n\n\n<p>La premi\u00e8re \u00e9tape de cette semaine charg\u00e9e est le marathon de consultations que m\u00e8ne depuis ce lundi matin Edouard Philippe. Quelque 32 \u00e9lus &#8211; pr\u00e9sidents des groupes parlementaires et responsables des partis et forces politiques &#8211; doivent \u00eatre re\u00e7us. Jean-Luc M\u00e9lenchon (LFI) passe son tour mais une d\u00e9l\u00e9gation de La France insoumise se rendra \u00e0 Matignon. On peut&nbsp;<em>\u00ab&nbsp;porter des id\u00e9es sans que ce soit par Jean-Luc M\u00e9lenchon&nbsp;\u00bb<\/em>, a fait valoir le d\u00e9put\u00e9 LFI Alexis Corbi\u00e8re.&nbsp;Le Modem de Fran\u00e7ois Bayrou, qui a pris quelque distance avec la fermet\u00e9 affich\u00e9e par l&rsquo;ex\u00e9cutif, sera repr\u00e9sent\u00e9 par sa vice-pr\u00e9sidente, Marielle de Sarnez.<\/p>\n\n\n\n<p><strong>Tour d&rsquo;horizon des principales d\u00e9clarations \u00e0 l&rsquo;issue des rencontres avec Edouard Philippe\u00a0:<\/strong><\/p>\n\n\n\n<p><strong>nne Hidalgo<\/strong>&nbsp;<strong>(maire de Paris)&nbsp;:<\/strong>&nbsp;Anne Hidalgo a \u00e9t\u00e9 \u00e0 8&nbsp;h&nbsp;30 la premi\u00e8re personnalit\u00e9 politique re\u00e7ue. \u00ab&nbsp;Je suis venue porter la parole des Parisiennes et des Parisiens qui ont \u00e9t\u00e9 choqu\u00e9s de voir leur ville dans cet \u00e9tat&nbsp;\u00bb, a-t-elle d\u00e9clar\u00e9 \u00e0 sa sortie de Matignon. Il faut qu&rsquo;une \u00ab&nbsp;crise comme celle-ci puisse d\u00e9boucher sur des propositions d&rsquo;ordre politique et d&rsquo;ordre social&nbsp;\u00bb, a-t-elle insist\u00e9. Elle a assur\u00e9 avoir eu \u00ab&nbsp;des garanties du Premier ministre&nbsp;\u00bb pour que \u00ab&nbsp;les \u00e9lus de la Ville de Paris soient plus impliqu\u00e9s&nbsp;\u00bb dans la pr\u00e9paration de la s\u00e9curit\u00e9 pour la semaine \u00e0 venir.<\/p>\n\n\n\n<p><strong>Olivier Faure (PS)\u00a0:\u00a0<\/strong>\u00ab\u00a0Pour l&rsquo;instant, nous n&rsquo;avons pas de r\u00e9ponse\u00a0\u00bb, a d\u00e9clar\u00e9 le premier secr\u00e9taire du PS, \u00e0 sa sortie de l&rsquo;entretien.\u00a0Accompagn\u00e9 des pr\u00e9sidents de groupe socialistes Val\u00e9rie Rabault (Assembl\u00e9e nationale) et Patrick Kanner (S\u00e9nat), il a remis \u00e0 Edouard Philippe une proposition de loi \u00ab\u00a0de sortie de crise\u00a0\u00bb qui doit \u00eatre d\u00e9pos\u00e9e lundi au Palais-Bourbon.<br>On a compris qu&rsquo;il se passait quelque chose, que peut-\u00eatre pour la premi\u00e8re fois depuis trois semaines on a un gouvernement qui saisit l&rsquo;ampleur du mouvement des \u00ab\u00a0gilets jaunes\u00a0\u00bb\u00a0\u00bb. Mais \u00ab\u00a0pour l&rsquo;instant, nous n&rsquo;avons pas de r\u00e9ponse [&#8230;] Il faut qu&rsquo;il y ait un moratoire sur les taxes avant toute discussion, c&rsquo;est la seule fa\u00e7on de rendre cr\u00e9dible cette discussion [&#8230;] Ensuite, nous voulons que la m\u00e9thode change\u00a0\u00bb. \u00ab\u00a0Jupiter, c&rsquo;est fini. Il faut qu&rsquo;il descende de l&rsquo;Olympe\u00a0\u00bb, a-t-il lanc\u00e9.<br><strong>Laurent Wauquiez (LR)\u00a0:<\/strong>\u00a0\u00ab\u00a0Le pr\u00e9sident de la R\u00e9publique ne peut pas continuer \u00e0 rester silencieux\u00a0\u00bb, a d\u00e9clar\u00e9 le pr\u00e9sident des R\u00e9publicains, en sortant de son entretien.\u00a0Par ailleurs, \u00ab\u00a0il faut rendre la parole aux Fran\u00e7ais. Et pour cela il faut organiser un r\u00e9f\u00e9rendum\u00a0\u00bb, a-t-il r\u00e9affirm\u00e9.\u00a0Seule une annulation de la hausse des taxes pr\u00e9vues au 1er\u00a0janvier \u00ab\u00a0permettra de retrouver de l&rsquo;apaisement dans un pays\u00a0\u00bb, a-t-il insist\u00e9. \u00ab\u00a0Qu&rsquo;il y ait discussion \u00e0 l&rsquo;Assembl\u00e9e, pourquoi pas, mais \u00e0 condition d&rsquo;y annoncer des choses et que \u00e7a puisse ensuite \u00eatre sanctionn\u00e9 par un vote, que chacun puisse s&rsquo;exprimer\u00a0\u00bb, a de son c\u00f4t\u00e9 d\u00e9clar\u00e9 le pr\u00e9sident du groupe LR au Palais-Bourbon, Christian Jacob.<\/p>\n","protected":false},"excerpt":{"rendered":"<p>Edouard Philippe re\u00e7oit ce lundi \u00e0 Matignon les responsables des partis, pr\u00e9alable \u00e0 l&rsquo;annonce de nouvelles \u00ab&nbsp;mesures&nbsp;\u00bb pour tenter d&rsquo;apaiser la crise des \u00ab&nbsp;gilets jaunes&nbsp;\u00bb. Un d\u00e9bat aura lieu \u00e0 l&rsquo;Assembl\u00e9e nationale mercredi et au S\u00e9nat jeudi. Edouard Philippe \u00e0 la manoeuvre pour tenter de trouver une solution \u00e0\u00a0\u00a0la crise des \u00ab Gilets jaunes \u00bb\u00a0. [&hellip;]<\/p>\n","protected":false},"author":2,"featured_media":10806,"comment_status":"open","ping_status":"open","sticky":false,"template":"","format":"standard","meta":{"_jetpack_memberships_contains_paid_content":false,"footnotes":"","jetpack_publicize_message":"","jetpack_publicize_feature_enabled":true,"jetpack_social_post_already_shared":true,"jetpack_social_options":{"image_generator_settings":{"template":"highway","default_image_id":0,"font":"","enabled":false},"version":2},"_wpas_customize_per_network":false},"categories":[405],"tags":[],"class_list":["post-10805","post","type-post","status-publish","format-standard","has-post-thumbnail","hentry","category-actu-france-monde"],"jetpack_publicize_connections":[],"jetpack_featured_media_url":"https:\/\/i0.wp.com\/www.iceagetv.com\/radiosite\/wp-content\/uploads\/2018\/12\/Gilets-jaunes.jpg?fit=1000%2C533&ssl=1","jetpack_sharing_enabled":true,"_links":{"self":[{"href":"https:\/\/www.iceagetv.com\/radiosite\/wp-json\/wp\/v2\/posts\/10805","targetHints":{"allow":["GET"]}}],"collection":[{"href":"https:\/\/www.iceagetv.com\/radiosite\/wp-json\/wp\/v2\/posts"}],"about":[{"href":"https:\/\/www.iceagetv.com\/radiosite\/wp-json\/wp\/v2\/types\/post"}],"author":[{"embeddable":true,"href":"https:\/\/www.iceagetv.com\/radiosite\/wp-json\/wp\/v2\/users\/2"}],"replies":[{"embeddable":true,"href":"https:\/\/www.iceagetv.com\/radiosite\/wp-json\/wp\/v2\/comments?post=10805"}],"version-history":[{"count":1,"href":"https:\/\/www.iceagetv.com\/radiosite\/wp-json\/wp\/v2\/posts\/10805\/revisions"}],"predecessor-version":[{"id":10807,"href":"https:\/\/www.iceagetv.com\/radiosite\/wp-json\/wp\/v2\/posts\/10805\/revisions\/10807"}],"wp:featuredmedia":[{"embeddable":true,"href":"https:\/\/www.iceagetv.com\/radiosite\/wp-json\/wp\/v2\/media\/10806"}],"wp:attachment":[{"href":"https:\/\/www.iceagetv.com\/radiosite\/wp-json\/wp\/v2\/media?parent=10805"}],"wp:term":[{"taxonomy":"category","embeddable":true,"href":"https:\/\/www.iceagetv.com\/radiosite\/wp-json\/wp\/v2\/categories?post=10805"},{"taxonomy":"post_tag","embeddable":true,"href":"https:\/\/www.iceagetv.com\/radiosite\/wp-json\/wp\/v2\/tags?post=10805"}],"curies":[{"name":"wp","href":"https:\/\/api.w.org\/{rel}","templated":true}]}}