{"id":10816,"date":"2018-12-04T18:01:30","date_gmt":"2018-12-04T18:01:30","guid":{"rendered":"http:\/\/www.iceagetv.com\/radiosite\/?p=10816"},"modified":"2018-12-04T18:01:40","modified_gmt":"2018-12-04T18:01:40","slug":"les-mesures-annoncees-par-edouard-philippe-pour-tenter-dapaiser-la-colere-des-gilets-jaunes","status":"publish","type":"post","link":"https:\/\/www.iceagetv.com\/radiosite\/les-mesures-annoncees-par-edouard-philippe-pour-tenter-dapaiser-la-colere-des-gilets-jaunes\/","title":{"rendered":"Les mesures annonc\u00e9es par \u00c9douard Philippe pour tenter d&rsquo;apaiser la col\u00e8re des \u00ab\u00a0gilets jaunes\u00a0\u00bb"},"content":{"rendered":"\n<h2 class=\"wp-block-heading\">Taxes sur les carburants, contr\u00f4le technique, tarifs de l&rsquo;\u00e9lectricit\u00e9 et du gaz\u2026 Le Premier ministre a annonc\u00e9 mardi une s\u00e9rie de mesures, plusieurs semaines apr\u00e8s le d\u00e9but du mouvement des \u00ab\u00a0gilets jaunes\u00a0\u00bb.<\/h2>\n\n\n\n<p>Des annonces pour tenter d&rsquo;apaiser la situation, plus de deux semaines apr\u00e8s la premi\u00e8re journ\u00e9e de mobilisation des \u00ab\u00a0gilets jaunes\u00a0\u00bb. Dans une allocution t\u00e9l\u00e9vis\u00e9e, mardi midi, le Premier ministre a indiqu\u00e9 que le gouvernement allait prendre plusieurs mesures en faveur du pouvoir d&rsquo;achat des Fran\u00e7ais. \u00ab\u00a0Aucune taxe ne m\u00e9rite de mettre en danger l&rsquo;unit\u00e9 de la nation\u00a0\u00bb, a-t-il affirm\u00e9, et \u00ab\u00a0ces d\u00e9cisions doivent ramener la s\u00e9r\u00e9nit\u00e9 dans le pays\u00a0\u00bb.\u00a0<\/p>\n\n\n\n<h3 class=\"wp-block-heading\">Un moratoire sur la hausse des taxes affectant le carburant<\/h3>\n\n\n\n<p>C&rsquo;est l&rsquo;une des causes les plus directes de la mobilisation des \u00ab\u00a0gilets jaunes\u00a0\u00bb :\u00a0<a href=\"https:\/\/www.europe1.fr\/politique\/gilets-jaunes-edouard-philippe-va-annoncer-un-moratoire-sur-la-hausse-de-la-taxe-sur-les-carburants-3813392\">la hausse des taxes sur les carburants, pr\u00e9vue le 1er janvier, est suspendue pendant six mois<\/a>, a annonc\u00e9 Edouard Philippe. Elles devaient augmenter de 6,5 centimes pour le diesel et de 2,9 centimes pour l&rsquo;essence. Dans le m\u00eame temps, la convergence de la fiscalit\u00e9 du diesel et de l&rsquo;essence et la hausse de la fiscalit\u00e9 sur le gazole entrepreneur non routier, le GNR, sont report\u00e9es de six mois.<\/p>\n\n\n\n<h3 class=\"wp-block-heading\">Le report du renforcement du contr\u00f4le technique<\/h3>\n\n\n\n<p>Le Premier ministre a annonc\u00e9 le report de six mois du renforcement des conditions pour le contr\u00f4le technique des automobiles. Il \u00e9tait lui aussi pr\u00e9vu au 1er janvier et consistait notamment en un abaissement des seuils autoris\u00e9s en mati\u00e8re de pollution des v\u00e9hicules diesel.<\/p>\n\n\n\n<h3 class=\"wp-block-heading\">Pas de hausse des tarifs du gaz et de l&rsquo;\u00e9lectricit\u00e9 cet hiver<\/h3>\n\n\n\n<p>Enfin, ni les tarifs de l&rsquo;\u00e9lectricit\u00e9, ni ceux du gaz n&rsquo;augmenteront, comme c&rsquo;\u00e9tait pr\u00e9vu, \u00ab\u00a0durant la concertation et donc durant l&rsquo;hiver qui s&rsquo;annonce\u00a0\u00bb, a d\u00e9velopp\u00e9 le chef du gouvernement. Ces tarifs devaient initialement augmenter de 5,8% pour les tarifs r\u00e9glement\u00e9s du gaz au 1er janvier et de 2% \u00e0 4% au 1er f\u00e9vrier, selon\u00a0<a rel=\"noreferrer noopener\" href=\"https:\/\/www.lopinion.fr\/edition\/economie\/tarifs-l-electricite-hausse-1er-fevrier-qui-fait-trembler-gouvernement-170155\" target=\"_blank\"><em>L&rsquo;Opinion<\/em><\/a>.<\/p>\n\n\n\n<h3 class=\"wp-block-heading\">Un \u00ab\u00a0vaste d\u00e9bat sur l&rsquo;imp\u00f4t\u00a0\u00bb en janvier et en f\u00e9vrier<\/h3>\n\n\n\n<p>En parall\u00e8le de ces annonces \u00e0 effet quasi-imm\u00e9diat, le Premier ministre a annonc\u00e9 la tenue, du 15 janvier au 1er mars, d&rsquo;un \u00ab\u00a0large d\u00e9bat sur les imp\u00f4ts et les d\u00e9penses publiques\u00a0\u00bb, une concertation qui \u00ab\u00a0ne doit ressembler \u00e0 aucune autre. Il s&rsquo;agit d&rsquo;un dialogue au niveau national, mais le d\u00e9bat doit avoir lieu au plus pr\u00e8s des Fran\u00e7ais. Il faut d\u00e9finir une organisation pour que tous les Fran\u00e7ais puissent s\u2019exprimer, d\u00e9multiplier les fa\u00e7ons de participer. Ce d\u00e9bat devra d\u00e9boucher sur des solutions concr\u00e8tes.\u00a0\u00bb<\/p>\n","protected":false},"excerpt":{"rendered":"<p>Taxes sur les carburants, contr\u00f4le technique, tarifs de l&rsquo;\u00e9lectricit\u00e9 et du gaz\u2026 Le Premier ministre a annonc\u00e9 mardi une s\u00e9rie de mesures, plusieurs semaines apr\u00e8s le d\u00e9but du mouvement des \u00ab\u00a0gilets jaunes\u00a0\u00bb. Des annonces pour tenter d&rsquo;apaiser la situation, plus de deux semaines apr\u00e8s la premi\u00e8re journ\u00e9e de mobilisation des \u00ab\u00a0gilets jaunes\u00a0\u00bb. Dans une allocution [&hellip;]<\/p>\n","protected":false},"author":2,"featured_media":10817,"comment_status":"open","ping_status":"open","sticky":false,"template":"","format":"standard","meta":{"_jetpack_memberships_contains_paid_content":false,"footnotes":"","jetpack_publicize_message":"","jetpack_publicize_feature_enabled":true,"jetpack_social_post_already_shared":true,"jetpack_social_options":{"image_generator_settings":{"template":"highway","default_image_id":0,"font":"","enabled":false},"version":2},"_wpas_customize_per_network":false},"categories":[405],"tags":[],"class_list":["post-10816","post","type-post","status-publish","format-standard","has-post-thumbnail","hentry","category-actu-france-monde"],"jetpack_publicize_connections":[],"jetpack_featured_media_url":"https:\/\/i0.wp.com\/www.iceagetv.com\/radiosite\/wp-content\/uploads\/2018\/12\/Les-mesures-annonc%C3%A9es-par-%C3%89douard-Philippe.jpg?fit=680%2C294&ssl=1","jetpack_sharing_enabled":true,"_links":{"self":[{"href":"https:\/\/www.iceagetv.com\/radiosite\/wp-json\/wp\/v2\/posts\/10816","targetHints":{"allow":["GET"]}}],"collection":[{"href":"https:\/\/www.iceagetv.com\/radiosite\/wp-json\/wp\/v2\/posts"}],"about":[{"href":"https:\/\/www.iceagetv.com\/radiosite\/wp-json\/wp\/v2\/types\/post"}],"author":[{"embeddable":true,"href":"https:\/\/www.iceagetv.com\/radiosite\/wp-json\/wp\/v2\/users\/2"}],"replies":[{"embeddable":true,"href":"https:\/\/www.iceagetv.com\/radiosite\/wp-json\/wp\/v2\/comments?post=10816"}],"version-history":[{"count":1,"href":"https:\/\/www.iceagetv.com\/radiosite\/wp-json\/wp\/v2\/posts\/10816\/revisions"}],"predecessor-version":[{"id":10818,"href":"https:\/\/www.iceagetv.com\/radiosite\/wp-json\/wp\/v2\/posts\/10816\/revisions\/10818"}],"wp:featuredmedia":[{"embeddable":true,"href":"https:\/\/www.iceagetv.com\/radiosite\/wp-json\/wp\/v2\/media\/10817"}],"wp:attachment":[{"href":"https:\/\/www.iceagetv.com\/radiosite\/wp-json\/wp\/v2\/media?parent=10816"}],"wp:term":[{"taxonomy":"category","embeddable":true,"href":"https:\/\/www.iceagetv.com\/radiosite\/wp-json\/wp\/v2\/categories?post=10816"},{"taxonomy":"post_tag","embeddable":true,"href":"https:\/\/www.iceagetv.com\/radiosite\/wp-json\/wp\/v2\/tags?post=10816"}],"curies":[{"name":"wp","href":"https:\/\/api.w.org\/{rel}","templated":true}]}}