{"id":10893,"date":"2018-12-14T11:40:07","date_gmt":"2018-12-14T11:40:07","guid":{"rendered":"http:\/\/www.iceagetv.com\/radiosite\/?p=10893"},"modified":"2018-12-14T11:40:16","modified_gmt":"2018-12-14T11:40:16","slug":"cherif-chekatt-le-terroriste-de-strasbourg-tue-par-la-police","status":"publish","type":"post","link":"https:\/\/www.iceagetv.com\/radiosite\/cherif-chekatt-le-terroriste-de-strasbourg-tue-par-la-police\/","title":{"rendered":"Ch\u00e9rif Chekatt, le terroriste de Strasbourg, tu\u00e9 par la police"},"content":{"rendered":"\n<p><strong>Fin de cavale<\/strong>. Des policiers ont tu\u00e9 jeudi soir, au terme de 48 heures de traque, Ch\u00e9rif Chekatt, qui a fait mardi au moins trois morts et 13 bless\u00e9s \u00e0 Strasbourg dans le quartier du march\u00e9 de No\u00ebl. Le ministre de l&rsquo;Int\u00e9rieur, Christophe Castaner, arriv\u00e9 quelques heures plus t\u00f4t dans la capitale alsacienne, a confirm\u00e9 que le terroriste de 29 ans avait \u00e9t\u00e9 \u00ab\u00a0neutralis\u00e9\u00a0\u00bb par des hommes de la Brigade sp\u00e9cialis\u00e9e de terrain (BST) de la ville.&nbsp;<\/p>\n\n\n\n<p><strong>\u2022 Le d\u00e9roul\u00e9 de l&rsquo;intervention<\/strong>. Un \u00e9quipage compos\u00e9 de trois policiers a aper\u00e7u \u00e0 21 heures \u00ab\u00a0un individu qui d\u00e9ambulait sur la voie publique\u00a0\u00bb dans une rue du quartier de Neudorf, a-t-il expliqu\u00e9 lors d&rsquo;une br\u00e8ve d\u00e9claration \u00e0 la presse \u00e0 la pr\u00e9fecture. \u00ab\u00a0Cet individu correspondait au signalement de la personne recherch\u00e9e depuis mardi soir\u00a0\u00bb, a-t-il poursuivi. \u00ab\u00a0Ils l&rsquo;ont interpell\u00e9 et au moment de cette interpellation pour l&rsquo;arr\u00eater, ce dernier s&rsquo;est retourn\u00e9, faisant face aux fonctionnaires de police en tirant. Ils ont alors imm\u00e9diatement ripost\u00e9 et ont neutralis\u00e9 l&rsquo;assaillant.\u00a0\u00bb<br><strong>\u2022 Un \u00absoldat\u00bb de l&rsquo;EI.<\/strong>\u00a0L&rsquo;agence de propagande de l&rsquo;Etat islamique, Amaq, l&rsquo;a pr\u00e9sent\u00e9 comme un de ses \u00ab\u00a0soldats\u00a0\u00bb sur son site internet, sans fournir de preuve. Amaq affirme que Ch\u00e9rif Chekatt avait r\u00e9pondu \u00ab\u00a0\u00e0 des appels \u00e0 cibler des citoyens des pays de la coalition\u00a0\u00bb internationale au Moyen-Orient. Ce d\u00e9linquant multir\u00e9cidiviste et violent dont la radicalisation pr\u00e9sum\u00e9e a \u00e9t\u00e9 d\u00e9tect\u00e9e en prison, n&rsquo;avait jamais jusque-l\u00e0 montr\u00e9 de vell\u00e9it\u00e9 de passer \u00e0 l&rsquo;acte. Toutefois selon le procureur de la R\u00e9publique de Paris, des t\u00e9moins l&rsquo;ont entendu crier \u00ab\u00a0Allah Akbar !\u00a0\u00bb, cri de ralliement des djihadistes, lors de son \u00e9quip\u00e9e meurtri\u00e8re de mardi soir.<br><strong>\u2022 Une enqu\u00eate \u00e9tendue.\u00a0<\/strong>La section antiterroriste du parquet de Paris a ouvert une enqu\u00eate pour assassinats et tentatives d&rsquo;assassinats en relation avec une entreprise terroriste et l&rsquo;a \u00e9tendu jeudi soir au chef de tentatives de meurtre sur personne d\u00e9positaire de l&rsquo;autorit\u00e9 publique en relation avec une entreprise terroriste. Le parquet a par ailleurs annonc\u00e9 qu&rsquo;une cinqui\u00e8me personne avait \u00e9t\u00e9 plac\u00e9e en garde \u00e0 vue jeudi dans le cadre de l&rsquo;enqu\u00eate. Quatre autres personnes &#8211; le p\u00e8re, la m\u00e8re et deux fr\u00e8res du tueur &#8211; sont pour leur part en garde \u00e0 vue depuis la nuit de mardi \u00e0 mercredi. Deux soeurs ont par ailleurs \u00e9t\u00e9 entendues jeudi \u00e0 Paris en audition libre par des enqu\u00eateurs et des perquisitions ont \u00e9t\u00e9 men\u00e9es en r\u00e9gion parisienne, a-t-on appris de source judiciaire.<br><strong>\u2022 Le march\u00e9 de No\u00ebl va rouvrir.<\/strong>\u00a0Jeudi soir, le maire de Strasbourg, Roland Ries, a fait part de son \u00ab\u00a0tr\u00e8s grand soulagement\u00a0\u00bb. Le march\u00e9 de No\u00ebl de Strasbourg va rouvrir vendredi \u00ab\u00a0pour ne pas c\u00e9der devant la peur, pour montrer que Strasbourg, que la France sont plus forts que ceux qui veulent l&rsquo;attaquer\u00a0\u00bb a dit Christophe Castaner devant la presse, juste avant l&rsquo;annonce de la mort de Ch\u00e9rif Chekatt.\u00a0Les horaires et le dispositif s\u00e9curitaire seront modifi\u00e9s, et le nombre de points d&rsquo;entr\u00e9es r\u00e9duit de 19 \u00e0 15, a-t-il pr\u00e9cis\u00e9.\u00a0<\/p>\n","protected":false},"excerpt":{"rendered":"<p>Fin de cavale. Des policiers ont tu\u00e9 jeudi soir, au terme de 48 heures de traque, Ch\u00e9rif Chekatt, qui a fait mardi au moins trois morts et 13 bless\u00e9s \u00e0 Strasbourg dans le quartier du march\u00e9 de No\u00ebl. Le ministre de l&rsquo;Int\u00e9rieur, Christophe Castaner, arriv\u00e9 quelques heures plus t\u00f4t dans la capitale alsacienne, a confirm\u00e9 [&hellip;]<\/p>\n","protected":false},"author":2,"featured_media":10894,"comment_status":"open","ping_status":"open","sticky":false,"template":"","format":"standard","meta":{"_jetpack_memberships_contains_paid_content":false,"footnotes":"","jetpack_publicize_message":"","jetpack_publicize_feature_enabled":true,"jetpack_social_post_already_shared":true,"jetpack_social_options":{"image_generator_settings":{"template":"highway","default_image_id":0,"font":"","enabled":false},"version":2},"_wpas_customize_per_network":false},"categories":[405],"tags":[],"class_list":["post-10893","post","type-post","status-publish","format-standard","has-post-thumbnail","hentry","category-actu-france-monde"],"jetpack_publicize_connections":[],"jetpack_featured_media_url":"https:\/\/i0.wp.com\/www.iceagetv.com\/radiosite\/wp-content\/uploads\/2018\/12\/Ch%C3%A9rif-Chekatt.jpg?fit=680%2C382&ssl=1","jetpack_sharing_enabled":true,"_links":{"self":[{"href":"https:\/\/www.iceagetv.com\/radiosite\/wp-json\/wp\/v2\/posts\/10893","targetHints":{"allow":["GET"]}}],"collection":[{"href":"https:\/\/www.iceagetv.com\/radiosite\/wp-json\/wp\/v2\/posts"}],"about":[{"href":"https:\/\/www.iceagetv.com\/radiosite\/wp-json\/wp\/v2\/types\/post"}],"author":[{"embeddable":true,"href":"https:\/\/www.iceagetv.com\/radiosite\/wp-json\/wp\/v2\/users\/2"}],"replies":[{"embeddable":true,"href":"https:\/\/www.iceagetv.com\/radiosite\/wp-json\/wp\/v2\/comments?post=10893"}],"version-history":[{"count":1,"href":"https:\/\/www.iceagetv.com\/radiosite\/wp-json\/wp\/v2\/posts\/10893\/revisions"}],"predecessor-version":[{"id":10895,"href":"https:\/\/www.iceagetv.com\/radiosite\/wp-json\/wp\/v2\/posts\/10893\/revisions\/10895"}],"wp:featuredmedia":[{"embeddable":true,"href":"https:\/\/www.iceagetv.com\/radiosite\/wp-json\/wp\/v2\/media\/10894"}],"wp:attachment":[{"href":"https:\/\/www.iceagetv.com\/radiosite\/wp-json\/wp\/v2\/media?parent=10893"}],"wp:term":[{"taxonomy":"category","embeddable":true,"href":"https:\/\/www.iceagetv.com\/radiosite\/wp-json\/wp\/v2\/categories?post=10893"},{"taxonomy":"post_tag","embeddable":true,"href":"https:\/\/www.iceagetv.com\/radiosite\/wp-json\/wp\/v2\/tags?post=10893"}],"curies":[{"name":"wp","href":"https:\/\/api.w.org\/{rel}","templated":true}]}}