{"id":10919,"date":"2018-12-18T17:18:22","date_gmt":"2018-12-18T17:18:22","guid":{"rendered":"http:\/\/www.iceagetv.com\/radiosite\/?p=10919"},"modified":"2018-12-18T17:18:27","modified_gmt":"2018-12-18T17:18:27","slug":"gilets-jaunes-le-gouvernement-renonce-a-une-partie-des-premieres-mesures-annoncees-mi-novembre","status":"publish","type":"post","link":"https:\/\/www.iceagetv.com\/radiosite\/gilets-jaunes-le-gouvernement-renonce-a-une-partie-des-premieres-mesures-annoncees-mi-novembre\/","title":{"rendered":"Gilets jaunes\u00a0\u00bb : le gouvernement renonce \u00e0 une partie des premi\u00e8res mesures annonc\u00e9es mi-novembre"},"content":{"rendered":"\n<h2 class=\"wp-block-heading\">Une partie des mesures annonc\u00e9es par le gouvernement pour r\u00e9pondre \u00e0 la crise des \u00ab\u00a0gilets jaunes\u00a0\u00bb vont \u00eatre abandonn\u00e9es, en raison de l&rsquo;annulation de la hausse des taxes sur le carburant.&nbsp;<\/h2>\n\n\n\n<p>Le gouvernement compte renoncer \u00e0 une partie des&nbsp;<a href=\"https:\/\/www.europe1.fr\/economie\/carburants-prime-a-la-conversion-cheque-energie-le-plan-du-gouvernement-se-precise-3799157\">mesures annonc\u00e9es par Edouard Philippe mi-novembre<\/a>&nbsp;au d\u00e9but du mouvement des \u00ab\u00a0gilets jaunes\u00a0\u00bb, au motif que certaines d&rsquo;entre elles ne s&rsquo;imposent plus en raison notamment de l&rsquo;annulation de la hausse des taxes sur le carburant, a confirm\u00e9 Matignon mardi \u00e0 l&rsquo;AFP.&nbsp;Depuis la mi-novembre, le gouvernement a annonc\u00e9 \u00ab\u00a0l&rsquo;<a href=\"https:\/\/www.europe1.fr\/politique\/budget-lassemblee-nationale-valide-le-gel-des-taxes-sur-les-carburants-3823514\">annulation de toute hausse des taxes sur l&rsquo;\u00e9nergie<\/a>&nbsp;en 2019&Prime; et \u00ab\u00a0des mesures tr\u00e8s fortes en faveur du pouvoir d&rsquo;achat. Par cons\u00e9quent, certaines mesures d&rsquo;accompagnement annonc\u00e9es le 14 novembre ne seront pas int\u00e9gr\u00e9es au projet de loi de finances\u00a0\u00bb, fait valoir Matignon.<\/p>\n\n\n\n<p><strong>Abandon de l&rsquo;extension du ch\u00e8que \u00e9nergie.<\/strong>&nbsp;Dans le budget 2019 en cours d&rsquo;adoption \u00e0 l&rsquo;Assembl\u00e9e nationale, l&rsquo;ex\u00e9cutif compte notamment renoncer \u00e0&nbsp;<a href=\"https:\/\/www.europe1.fr\/economie\/quest-ce-que-le-cheque-energie-ce-dispositif-quemmanuel-macron-souhaite-ameliorer-3794993\">l&rsquo;extension du ch\u00e8que \u00e9nergie<\/a>&nbsp;\u00e0 deux millions de foyers suppl\u00e9mentaires, a indiqu\u00e9 Matignon, sollicit\u00e9 sur le devenir de ces mesures \u00ab\u00a0d&rsquo;accompagnement\u00a0\u00bb annonc\u00e9es mi-novembre par le Premier ministre. \u00ab\u00a0L&rsquo;extension du ch\u00e8que \u00e9nergie \u00e0 2 millions de nouveaux b\u00e9n\u00e9ficiaires, \u00e0 hauteur de 60 euros annuels en moyenne, ne sera pas r\u00e9alis\u00e9e\u00a0\u00bb, affirme Matignon.<\/p>\n\n\n\n<p>Autres mesures abandonn\u00e9es : le rel\u00e8vement du bar\u00e8me kilom\u00e9trique et le doublement de la prime \u00e0 la conversion pour les gros rouleurs. \u00ab\u00a0Les cr\u00e9dits pr\u00e9vus dans le projet de loi de finances pour la prime \u00e0 la conversion ne seront pas diminu\u00e9s, compte tenu du&nbsp;<a href=\"https:\/\/www.europe1.fr\/economie\/automobile-la-prime-a-la-conversion-victime-de-son-succes-3768035\">fort dynamisme de ce dispositif<\/a>\u00ab\u00a0, souligne Matignon. \u00ab\u00a0En revanche, dans le contexte des n\u00e9gociations, le rel\u00e8vement du bar\u00e8me kilom\u00e9trique et le doublement de la prime \u00e0 la conversion pour les actifs qui se d\u00e9placent beaucoup ne feront pas partie du budget\u00a0\u00bb, explique-t-on de m\u00eame source.<\/p>\n\n\n\n<p><strong>130 millions d&rsquo;euros d&rsquo;\u00e9conomies.<\/strong>&nbsp;L&rsquo;\u00e9conomie totale pour les finances publiques s&rsquo;\u00e9l\u00e8ve \u00e0 130 millions d&rsquo;euros sur les 500 millions que devaient co\u00fbter ces premi\u00e8res mesures au total. La hausse de 50 euros en moyenne du ch\u00e8que \u00e9nergie au 1er janvier pour les b\u00e9n\u00e9ficiaires actuels (environ 3,6 millions de foyers) ainsi que la \u00ab\u00a0surprime\u00a0\u00bb \u00e0 la conversion des voitures pour les foyers modestes sont en revanche maintenues. Depuis l&rsquo;ex\u00e9cutif a annonc\u00e9&nbsp;<a href=\"https:\/\/www.europe1.fr\/politique\/gilets-jaunes-referendum-dinitiative-citoyenne-smic-edouard-philippe-precise-la-reponse-du-gouvernement-3822086\">diverses mesures de pouvoir d&rsquo;achat<\/a>&nbsp;pour plus de 10 milliards d&rsquo;euros.<\/p>\n\n\n\n<p>Matignon rappelle avoir \u00ab\u00a0invit\u00e9 les partenaires sociaux \u00e0 engager une n\u00e9gociation sur la prime mobilit\u00e9\u00a0\u00bb et que&nbsp;<a href=\"https:\/\/www.europe1.fr\/politique\/gilets-jaunes-macron-mobilise-pour-lancer-la-grande-concertation-3822950\">le prochain \u00ab\u00a0grand d\u00e9bat national\u00a0\u00bb<\/a>&nbsp;sera l&rsquo;occasion \u00e0 \u00e9couter \u00ab\u00a0l&rsquo;avis des Fran\u00e7ais sur les dispositifs d&rsquo;accompagnement \u00e0 la transition \u00e9nerg\u00e9tique, pour les am\u00e9liorer et les rendre plus efficaces\u00a0\u00bb.<\/p>\n","protected":false},"excerpt":{"rendered":"<p>Une partie des mesures annonc\u00e9es par le gouvernement pour r\u00e9pondre \u00e0 la crise des \u00ab\u00a0gilets jaunes\u00a0\u00bb vont \u00eatre abandonn\u00e9es, en raison de l&rsquo;annulation de la hausse des taxes sur le carburant.&nbsp; Le gouvernement compte renoncer \u00e0 une partie des&nbsp;mesures annonc\u00e9es par Edouard Philippe mi-novembre&nbsp;au d\u00e9but du mouvement des \u00ab\u00a0gilets jaunes\u00a0\u00bb, au motif que certaines d&rsquo;entre [&hellip;]<\/p>\n","protected":false},"author":2,"featured_media":10920,"comment_status":"open","ping_status":"open","sticky":false,"template":"","format":"standard","meta":{"_jetpack_memberships_contains_paid_content":false,"footnotes":"","jetpack_publicize_message":"","jetpack_publicize_feature_enabled":true,"jetpack_social_post_already_shared":true,"jetpack_social_options":{"image_generator_settings":{"template":"highway","default_image_id":0,"font":"","enabled":false},"version":2},"_wpas_customize_per_network":false},"categories":[405],"tags":[],"class_list":["post-10919","post","type-post","status-publish","format-standard","has-post-thumbnail","hentry","category-actu-france-monde"],"jetpack_publicize_connections":[],"jetpack_featured_media_url":"https:\/\/i0.wp.com\/www.iceagetv.com\/radiosite\/wp-content\/uploads\/2018\/12\/Gilets-jaunes-1.jpg?fit=622%2C311&ssl=1","jetpack_sharing_enabled":true,"_links":{"self":[{"href":"https:\/\/www.iceagetv.com\/radiosite\/wp-json\/wp\/v2\/posts\/10919","targetHints":{"allow":["GET"]}}],"collection":[{"href":"https:\/\/www.iceagetv.com\/radiosite\/wp-json\/wp\/v2\/posts"}],"about":[{"href":"https:\/\/www.iceagetv.com\/radiosite\/wp-json\/wp\/v2\/types\/post"}],"author":[{"embeddable":true,"href":"https:\/\/www.iceagetv.com\/radiosite\/wp-json\/wp\/v2\/users\/2"}],"replies":[{"embeddable":true,"href":"https:\/\/www.iceagetv.com\/radiosite\/wp-json\/wp\/v2\/comments?post=10919"}],"version-history":[{"count":1,"href":"https:\/\/www.iceagetv.com\/radiosite\/wp-json\/wp\/v2\/posts\/10919\/revisions"}],"predecessor-version":[{"id":10921,"href":"https:\/\/www.iceagetv.com\/radiosite\/wp-json\/wp\/v2\/posts\/10919\/revisions\/10921"}],"wp:featuredmedia":[{"embeddable":true,"href":"https:\/\/www.iceagetv.com\/radiosite\/wp-json\/wp\/v2\/media\/10920"}],"wp:attachment":[{"href":"https:\/\/www.iceagetv.com\/radiosite\/wp-json\/wp\/v2\/media?parent=10919"}],"wp:term":[{"taxonomy":"category","embeddable":true,"href":"https:\/\/www.iceagetv.com\/radiosite\/wp-json\/wp\/v2\/categories?post=10919"},{"taxonomy":"post_tag","embeddable":true,"href":"https:\/\/www.iceagetv.com\/radiosite\/wp-json\/wp\/v2\/tags?post=10919"}],"curies":[{"name":"wp","href":"https:\/\/api.w.org\/{rel}","templated":true}]}}