{"id":10928,"date":"2018-12-18T19:32:32","date_gmt":"2018-12-18T19:32:32","guid":{"rendered":"http:\/\/www.iceagetv.com\/radiosite\/?p=10928"},"modified":"2018-12-18T19:32:39","modified_gmt":"2018-12-18T19:32:39","slug":"le-premier-ministre-belge-demissionne-apres-le-depart-des-nationalistes-flamands","status":"publish","type":"post","link":"https:\/\/www.iceagetv.com\/radiosite\/le-premier-ministre-belge-demissionne-apres-le-depart-des-nationalistes-flamands\/","title":{"rendered":"Le Premier ministre belge d\u00e9missionne apr\u00e8s le d\u00e9part des nationalistes flamands"},"content":{"rendered":"\n<p>Le Premier ministre belge Charles Michel a annonc\u00e9 sa d\u00e9mission devant la chambre des d\u00e9put\u00e9s, prenant acte du fait que son appel \u00e0 rester en place apr\u00e8s la d\u00e9mission des ministres nationalistes flamands n&rsquo;avait pas \u00e9t\u00e9 entendu.<\/p>\n\n\n\n<p>\u00abJe prends [&#8230;] la d\u00e9cision de pr\u00e9senter ma d\u00e9mission et mon intention est de me rendre chez le roi imm\u00e9diatement\u00bb, a annonc\u00e9 le Premier ministre belge Charles Michel ce 18 d\u00e9cembre, \u00e0 l&rsquo;issue d&rsquo;un d\u00e9bat \u00e0 la Chambre et sous la menace d&rsquo;une motion de d\u00e9fiance d\u00e9pos\u00e9e par la gauche.<br>Une dizaine de jours plus t\u00f4t, les ministres nationalistes flamands de la N-VA avaient annonc\u00e9 leur d\u00e9missionner de la coalition au pouvoir en Belgique depuis quatre ans, en raison d&rsquo;une divergence profonde sur\u00a0<a href=\"https:\/\/francais.rt.com\/international\/55729-pacte-onu-sur-migration-mondialistaion-travailleurs-est-elle-marche\">Pacte de l&rsquo;ONU sur les migrations, dit Pacte de Marrakech<\/a>.<\/p>\n","protected":false},"excerpt":{"rendered":"<p>Le Premier ministre belge Charles Michel a annonc\u00e9 sa d\u00e9mission devant la chambre des d\u00e9put\u00e9s, prenant acte du fait que son appel \u00e0 rester en place apr\u00e8s la d\u00e9mission des ministres nationalistes flamands n&rsquo;avait pas \u00e9t\u00e9 entendu. \u00abJe prends [&#8230;] la d\u00e9cision de pr\u00e9senter ma d\u00e9mission et mon intention est de me rendre chez le [&hellip;]<\/p>\n","protected":false},"author":2,"featured_media":10929,"comment_status":"open","ping_status":"open","sticky":false,"template":"","format":"standard","meta":{"_jetpack_memberships_contains_paid_content":false,"footnotes":"","jetpack_publicize_message":"","jetpack_publicize_feature_enabled":true,"jetpack_social_post_already_shared":true,"jetpack_social_options":{"image_generator_settings":{"template":"highway","default_image_id":0,"font":"","enabled":false},"version":2},"_wpas_customize_per_network":false},"categories":[405],"tags":[],"class_list":["post-10928","post","type-post","status-publish","format-standard","has-post-thumbnail","hentry","category-actu-france-monde"],"jetpack_publicize_connections":[],"jetpack_featured_media_url":"https:\/\/i0.wp.com\/www.iceagetv.com\/radiosite\/wp-content\/uploads\/2018\/12\/Le-Premier-ministre-belge-d%C3%A9missionne-apr%C3%A8s-le-d%C3%A9part-des-nationalistes-flamands.jpg?fit=790%2C444&ssl=1","jetpack_sharing_enabled":true,"_links":{"self":[{"href":"https:\/\/www.iceagetv.com\/radiosite\/wp-json\/wp\/v2\/posts\/10928","targetHints":{"allow":["GET"]}}],"collection":[{"href":"https:\/\/www.iceagetv.com\/radiosite\/wp-json\/wp\/v2\/posts"}],"about":[{"href":"https:\/\/www.iceagetv.com\/radiosite\/wp-json\/wp\/v2\/types\/post"}],"author":[{"embeddable":true,"href":"https:\/\/www.iceagetv.com\/radiosite\/wp-json\/wp\/v2\/users\/2"}],"replies":[{"embeddable":true,"href":"https:\/\/www.iceagetv.com\/radiosite\/wp-json\/wp\/v2\/comments?post=10928"}],"version-history":[{"count":1,"href":"https:\/\/www.iceagetv.com\/radiosite\/wp-json\/wp\/v2\/posts\/10928\/revisions"}],"predecessor-version":[{"id":10930,"href":"https:\/\/www.iceagetv.com\/radiosite\/wp-json\/wp\/v2\/posts\/10928\/revisions\/10930"}],"wp:featuredmedia":[{"embeddable":true,"href":"https:\/\/www.iceagetv.com\/radiosite\/wp-json\/wp\/v2\/media\/10929"}],"wp:attachment":[{"href":"https:\/\/www.iceagetv.com\/radiosite\/wp-json\/wp\/v2\/media?parent=10928"}],"wp:term":[{"taxonomy":"category","embeddable":true,"href":"https:\/\/www.iceagetv.com\/radiosite\/wp-json\/wp\/v2\/categories?post=10928"},{"taxonomy":"post_tag","embeddable":true,"href":"https:\/\/www.iceagetv.com\/radiosite\/wp-json\/wp\/v2\/tags?post=10928"}],"curies":[{"name":"wp","href":"https:\/\/api.w.org\/{rel}","templated":true}]}}