{"id":10950,"date":"2018-12-21T12:10:54","date_gmt":"2018-12-21T12:10:54","guid":{"rendered":"http:\/\/www.iceagetv.com\/radiosite\/?p=10950"},"modified":"2018-12-21T12:11:03","modified_gmt":"2018-12-21T12:11:03","slug":"arrestation-de-peter-cherif-il-fallait-absolument-trouver-des-commanditaires-pour-que-lenquete-prenne-son-sens","status":"publish","type":"post","link":"https:\/\/www.iceagetv.com\/radiosite\/arrestation-de-peter-cherif-il-fallait-absolument-trouver-des-commanditaires-pour-que-lenquete-prenne-son-sens\/","title":{"rendered":"Arrestation de Peter Cherif : \u00ab\u00a0Il fallait absolument trouver des commanditaires pour que l&rsquo;enqu\u00eate prenne son sens\u00a0\u00bb"},"content":{"rendered":"\n<p><em>Il fallait absolument trouver des commanditaires, trouver des organisateurs pour que l&rsquo;enqu\u00eate prenne son sens\u00a0\u00bb<\/em>, a affirm\u00e9 vendredi 21 d\u00e9cembre sur franceinfo Me G\u00e9rard Chemla, avocat notamment de la F\u00e9d\u00e9ration nationale des victimes d&rsquo;attentats et d&rsquo;accidents collectifs (Fenvac). Il a r\u00e9agi \u00e0 l&rsquo;annonce de&nbsp;<a href=\"https:\/\/www.francetvinfo.fr\/economie\/medias\/charlie-hebdo\/le-jihadiste-francais-peter-cherif-commanditaire-presume-de-l-attentat-de-charlie-hebdo-arrete-a-djibouti_3110181.html\" target=\"_blank\" rel=\"noreferrer noopener\">l&rsquo;arrestation jeudi du jihadiste fran\u00e7ais Peter Cherif<\/a>, proche des fr\u00e8res Kouachi, auteurs de l&rsquo;attentat de&nbsp;<a href=\"https:\/\/www.francetvinfo.fr\/economie\/medias\/charlie-hebdo\/\" target=\"_blank\" rel=\"noreferrer noopener\">Charlie Hebdo<\/a>&nbsp;en&nbsp;<a href=\"https:\/\/www.francetvinfo.fr\/faits-divers\/attaque-au-siege-de-charlie-hebdo\/\" target=\"_blank\" rel=\"noreferrer noopener\">janvier 2015<\/a>.<\/p>\n\n\n\n<p>Il y a tout juste un mois, les juges d&rsquo;instruction parisiens avaient annonc\u00e9&nbsp;<a href=\"https:\/\/www.francetvinfo.fr\/economie\/medias\/charlie-hebdo\/info-france-inter-l-enquete-sur-les-attentats-de-janvier-2015-est-terminee_3043511.html\" target=\"_blank\" rel=\"noreferrer noopener\">la fin de leurs investigations<\/a>, ouvrant la voie \u00e0 un proc\u00e8s en 2020. Mais l&rsquo;arrestation de Peter Cherif, 36 ans, plus connu sous le pseudonyme d&rsquo;Abou Hamza, pourrait changer la donne.<\/p>\n\n\n\n<p><strong>franceinfo : Que repr\u00e9sente cette arrestation pour vous&nbsp;?<\/strong><\/p>\n\n\n\n<p><strong>G\u00e9rard Chemla<\/strong>&nbsp;: C&rsquo;est une prise importante, parce qu&rsquo;on sait que c&rsquo;est un terroriste fran\u00e7ais, on sait qu&rsquo;il avait demand\u00e9 que cet attentat ait lieu et on sait qu&rsquo;il avait des liens avec Sa\u00efd Kouachi. Apr\u00e8s, est-ce que c&rsquo;est une prise importante uniquement dans ce dossier ou dans d&rsquo;autres aussi, ce ne sont que les enqu\u00eates qui pourront le dire. Le d\u00e9bat qu&rsquo;on va avoir, c&rsquo;est de savoir si la justice a les moyens de le confondre. Dans d&rsquo;autres attentats, on voit le nom d&rsquo;Abou Hamza [pseudonyme de Peter Cherif]. Il faut le situer et regarder les \u00e9l\u00e9ments qu&rsquo;on a contre lui. Ce type ne doit pas une nouvelle fois passer entre les mailles du filet judiciaire.<\/p>\n\n\n\n<p><strong>Qu&rsquo;est-ce qui vous inqui\u00e8te&nbsp;?<\/strong><\/p>\n\n\n\n<p>\u00c0 ce stade, on a une arrestation. On sait que jusqu&rsquo;en 2012, on a la preuve de liens entre Sa\u00efd Kouachi et lui, mais je ne suis pas certain qu&rsquo;\u00e0 ce stade, on ait les moyens d&rsquo;affirmer qu&rsquo;une accusation contre lui est \u00e9tablie. Il est \u00e9vident qu&rsquo;il va y avoir une recherche de preuves parce que la justice ne pourra pas se contenter de le renvoyer devant une cour d&rsquo;assises sur des pr\u00e9somptions. C&rsquo;est vrai qu&rsquo;on va avoir un t\u00e9lescopage en termes de calendrier, parce que nous savons que le dossier de janvier 2015 venait de nous \u00eatre annonc\u00e9 comme termin\u00e9. Donc il va falloir que les juges se posent la question de savoir si on a des \u00e9l\u00e9ments qui permettent de rattacher avec solidit\u00e9 Abou Hamza \u00e0 ce dossier-l\u00e0.<\/p>\n\n\n\n<p><strong>Que vont-apporter ces \u00e9l\u00e9ments&nbsp;?<\/strong><\/p>\n\n\n\n<p>Il faut regarder avec attention ce qu&rsquo;on peut rattacher comme \u00e9l\u00e9ments avec cet homme-l\u00e0. S&rsquo;il y a des \u00e9l\u00e9ments, il faut prendre du temps. Pour l&rsquo;instant, dans le dossier de janvier 2015, on a des morts des deux c\u00f4t\u00e9s, ce qui veut dire qu&rsquo;on ne juge que des seconds couteaux qui n&rsquo;ont pas particip\u00e9 de fa\u00e7on directe. On n&rsquo;a pas un auteur. Si on peut voir le commanditaire, celui qui tire les ficelles, \u00e0 ce moment-l\u00e0 on donnerait \u00e0 ce proc\u00e8s une dimension totalement diff\u00e9rente. On ne peut pas en faire l&rsquo;\u00e9conomie. Il est \u00e9vident que les victimes vont demander \u00e0 ce que l&rsquo;on recherche avec attention quels ont \u00e9t\u00e9 les liens entre Peter Cherif et les fr\u00e8res Kouachi. Il ne faut pas se pr\u00e9cipiter et se dire que l\u2019on doit passer par une phase judiciaire qui doit se faire avec mesure et prudence. Donc, on doit laisser un peu de temps aux enqu\u00eateurs et au juge pour \u00e9tablir autre chose que des pr\u00e9somptions. Pour l&rsquo;instant on sait que c&rsquo;est un meneur d&rsquo;une n\u00e9buleuse terroriste. On peut se dire que \u00e7a peut lancer l&rsquo;enqu\u00eate.<\/p>\n","protected":false},"excerpt":{"rendered":"<p>Il fallait absolument trouver des commanditaires, trouver des organisateurs pour que l&rsquo;enqu\u00eate prenne son sens\u00a0\u00bb, a affirm\u00e9 vendredi 21 d\u00e9cembre sur franceinfo Me G\u00e9rard Chemla, avocat notamment de la F\u00e9d\u00e9ration nationale des victimes d&rsquo;attentats et d&rsquo;accidents collectifs (Fenvac). Il a r\u00e9agi \u00e0 l&rsquo;annonce de&nbsp;l&rsquo;arrestation jeudi du jihadiste fran\u00e7ais Peter Cherif, proche des fr\u00e8res Kouachi, auteurs [&hellip;]<\/p>\n","protected":false},"author":2,"featured_media":10951,"comment_status":"open","ping_status":"open","sticky":false,"template":"","format":"standard","meta":{"_jetpack_memberships_contains_paid_content":false,"footnotes":"","jetpack_publicize_message":"","jetpack_publicize_feature_enabled":true,"jetpack_social_post_already_shared":true,"jetpack_social_options":{"image_generator_settings":{"template":"highway","default_image_id":0,"font":"","enabled":false},"version":2},"_wpas_customize_per_network":false},"categories":[405],"tags":[],"class_list":["post-10950","post","type-post","status-publish","format-standard","has-post-thumbnail","hentry","category-actu-france-monde"],"jetpack_publicize_connections":[],"jetpack_featured_media_url":"https:\/\/i0.wp.com\/www.iceagetv.com\/radiosite\/wp-content\/uploads\/2018\/12\/Peter-Cherif.jpg?fit=1196%2C450&ssl=1","jetpack_sharing_enabled":true,"_links":{"self":[{"href":"https:\/\/www.iceagetv.com\/radiosite\/wp-json\/wp\/v2\/posts\/10950","targetHints":{"allow":["GET"]}}],"collection":[{"href":"https:\/\/www.iceagetv.com\/radiosite\/wp-json\/wp\/v2\/posts"}],"about":[{"href":"https:\/\/www.iceagetv.com\/radiosite\/wp-json\/wp\/v2\/types\/post"}],"author":[{"embeddable":true,"href":"https:\/\/www.iceagetv.com\/radiosite\/wp-json\/wp\/v2\/users\/2"}],"replies":[{"embeddable":true,"href":"https:\/\/www.iceagetv.com\/radiosite\/wp-json\/wp\/v2\/comments?post=10950"}],"version-history":[{"count":1,"href":"https:\/\/www.iceagetv.com\/radiosite\/wp-json\/wp\/v2\/posts\/10950\/revisions"}],"predecessor-version":[{"id":10952,"href":"https:\/\/www.iceagetv.com\/radiosite\/wp-json\/wp\/v2\/posts\/10950\/revisions\/10952"}],"wp:featuredmedia":[{"embeddable":true,"href":"https:\/\/www.iceagetv.com\/radiosite\/wp-json\/wp\/v2\/media\/10951"}],"wp:attachment":[{"href":"https:\/\/www.iceagetv.com\/radiosite\/wp-json\/wp\/v2\/media?parent=10950"}],"wp:term":[{"taxonomy":"category","embeddable":true,"href":"https:\/\/www.iceagetv.com\/radiosite\/wp-json\/wp\/v2\/categories?post=10950"},{"taxonomy":"post_tag","embeddable":true,"href":"https:\/\/www.iceagetv.com\/radiosite\/wp-json\/wp\/v2\/tags?post=10950"}],"curies":[{"name":"wp","href":"https:\/\/api.w.org\/{rel}","templated":true}]}}