{"id":10986,"date":"2018-12-24T10:09:00","date_gmt":"2018-12-24T10:09:00","guid":{"rendered":"http:\/\/www.iceagetv.com\/radiosite\/?p=10986"},"modified":"2018-12-24T10:09:08","modified_gmt":"2018-12-24T10:09:08","slug":"noel-les-sujets-dactualite-a-eviter-le-soir-du-reveillon","status":"publish","type":"post","link":"https:\/\/www.iceagetv.com\/radiosite\/noel-les-sujets-dactualite-a-eviter-le-soir-du-reveillon\/","title":{"rendered":"No\u00ebl : les sujets d&rsquo;actualit\u00e9 \u00e0 \u00e9viter le soir du r\u00e9veillon"},"content":{"rendered":"\n<p>Gilets jaunes, PMA pour toutes, hommage \u00e0 P\u00e9tain\u2026 Voici les d\u00e9bats de 2018 que l&rsquo;on vous conseille de ne pas mettre sur la table si vous voulez que votre soir\u00e9e de No\u00ebl se d\u00e9roule pour le mieux.<\/p>\n\n\n\n<p>Le r\u00e9veillon de No\u00ebl, c&rsquo;est le plaisir de se retrouver en famille mais \u00e9galement la rencontre d&rsquo;opinions divergentes\u2026 Gare aux sujets qui f\u00e2chent.&nbsp;<em>Le Figaro<\/em>&nbsp;dresse la liste des pol\u00e9miques de 2018 \u00e0 \u00e9viter lors du repas de f\u00eate.<\/p>\n\n\n\n<h2 class=\"wp-block-heading\">Le mouvement des \u00abgilets jaunes\u00bb<\/h2>\n\n\n\n<p><a href=\"http:\/\/www.lefigaro.fr\/actualite-france\/2018\/12\/22\/01016-20181222ARTFIG00118-gilets-jaunes-une-fin-de-semaine-marquee-par-des-actions-choquantes-et-polemiques.php\">Depuis la mi-novembre, le mouvement \u00abgilets jaunes\u00bb<\/a>&nbsp;est un sujet br\u00fblant. Attention \u00e0 ne pas l&rsquo;\u00e9voquer \u00e0 table si deux membres de la famille ont des opinions divergentes! Si la majorit\u00e9 des Fran\u00e7ais &#8211;&nbsp;<a href=\"https:\/\/elabe.fr\/wp-content\/uploads\/2018\/12\/rapport_20181205_elabe_bfmtv_les-francais-les-gilets-jaunes-et-les-mesures-annoncees-par-edouard-philippe.pdf\">72%, selon un sondage Elabe publi\u00e9 le 5 d\u00e9cembre<\/a>&nbsp;&#8211; soutient cette \u00abr\u00e9volte du peuple\u00bb, d&rsquo;autres se sentent entrav\u00e9s dans leur libert\u00e9 de mouvement \u00e0 cause des blocages et d\u00e9noncent les violences qui ont eu lieu lors des manifestations chaque samedi depuis le 17 novembre. Si la revendication premi\u00e8re visait la hausse des taxes du carburant, elle s&rsquo;est vite \u00e9tendue au pouvoir d&rsquo;achat, \u00e0 la suppression de l&rsquo;ISF et au SMIC\u2026 Un mois apr\u00e8s le d\u00e9but du mouvement, Emmanuel Macron a annonc\u00e9 le 10 d\u00e9cembre plusieurs mesures, notamment celle d&rsquo;augmenter le SMIC de 100&nbsp;euros \u00e0 partir du 5 f\u00e9vrier&nbsp;via une prime d&rsquo;activit\u00e9 \u00e9largie.<strong>\u00bb<\/strong><\/p>\n\n\n\n<p>R\u00e9clam\u00e9 par les \u00abgilets jaunes\u00bb, le r\u00e9f\u00e9rendum d&rsquo;initiative (RIC), un moyen de consulter le peuple en dehors des \u00e9ch\u00e9ances \u00e9lectorales, populaire fera l&rsquo;objet d&rsquo;un grand d\u00e9bat. Les cons\u00e9quences d&rsquo;un tel r\u00e9f\u00e9rendum posent question. Pour le politologue Olivier Rouquan, interrog\u00e9 par&nbsp;<em><a href=\"https:\/\/www.liberation.fr\/france\/2018\/12\/16\/le-referendum-d-initiative-citoyenne-ric-correspond-a-un-besoin-de-democratie-plus-vivante_1698211?fbclid=IwAR16LacvR6UF9PLkvoysGZwhrF4h_8WLTyZXmkq5mbq7INg2rgKrT15FYJ8\" target=\"_blank\" rel=\"noreferrer noopener\">Lib\u00e9ration<\/a>&nbsp;<\/em>, cela pourrait \u00ababoutir \u00e0 une instabilit\u00e9 permanente et cr\u00e9er une crise de la confiance\u00bb.<strong>\u00bb<\/strong><\/p>\n\n\n\n<h2 class=\"wp-block-heading\">Le pacte de Marrakech<\/h2>\n\n\n\n<p>Les d\u00e9bats autour de l&rsquo;immigration sont souvent explosifs en famille, surtout si, autour du repas, il y a des soutiens du mouvement \u00abgilets jaunes\u00bb. Le&nbsp;<a href=\"https:\/\/undocs.org\/fr\/A\/CONF.231\/3\" target=\"_blank\" rel=\"noreferrer noopener\">pacte de Marrakech<\/a>, ratifi\u00e9 par Emmanuel Macron le 10 d\u00e9cembre dernier, a r\u00e9volt\u00e9 une partie des \u00abgilets jaunes\u00bb.<strong>L<\/strong><\/p>\n\n\n\n<p>D&rsquo;apr\u00e8s l&rsquo;ONU, il y aurait, en 2017, 257,7 millions de migrants dans le monde. Ce pacte aurait pour but d&rsquo;encadrer les migrations et d\u00e9finir une feuille de route commune. Dans le texte, il est notamment expliqu\u00e9 qu&rsquo;il doit faciliter la cr\u00e9ation de \u00abconditions favorables qui permettent \u00e0 tous les migrants d&rsquo;enrichir nos soci\u00e9t\u00e9s gr\u00e2ce \u00e0 leurs capacit\u00e9s humaines, \u00e9conomiques et sociales\u00bb.<\/p>\n\n\n\n<p><a href=\"https:\/\/www.rassemblementnational.fr\/videos\/conference-de-presse-de-marine-le-pen-le-pacte-de-marrakech\/\" target=\"_blank\" rel=\"noreferrer noopener\">Du c\u00f4t\u00e9 de l&rsquo;extr\u00eame droite,<\/a>&nbsp;on pointe une \u00abtrahison silencieuse\u00bb et une \u00absubmersion organis\u00e9e de notre pays\u00bb. Pour Marine Le Pen, le pacte doit \u00aboffrir un statut aux 225 millions de migrants dont les parcours seront promus, organis\u00e9s et prot\u00e9g\u00e9s par le droit international\u00bb. Et nombreux sont les \u00abgilets jaunes\u00bb \u00e0 d\u00e9noncer une \u00abtrahison\u00bb et un \u00ababandon de la France\u00bb.<strong>\u00bb<\/strong><\/p>\n\n\n\n<h2 class=\"wp-block-heading\">Les 80 km\/h<\/h2>\n\n\n\n<p>La limitation de vitesse \u00e0 80 km\/h est toujours contest\u00e9e par les automobilistes et motards, qui d\u00e9noncent notamment le \u00abracket\u00bb de l&rsquo;\u00c9tat. Le sujet est \u00e0 \u00e9viter si vous vous trouvez assis \u00e0 cot\u00e9 d&rsquo;un fou de vitesse ou d&rsquo;un \u00abgilet jaune\u00bb&#8230; Mise en place en juillet dernier, la baisse de la vitesse de 90 \u00e0 80 km\/h sur les routes secondaires r\u00e9volte encore.<\/p>\n\n\n\n<p>Au centre du d\u00e9bat notamment, les b\u00e9n\u00e9fices sur le nombre de morts sur les routes. En instaurant cette baisse de la vitesse, le gouvernement esp\u00e8re sauver jusqu&rsquo;\u00e0 400 vies par an. Au mois d&rsquo;ao\u00fbt,&nbsp;<a href=\"http:\/\/www.lefigaro.fr\/flash-actu\/2018\/11\/15\/97001-20181115FILWWW00068-forte-baisse-du-nombre-de-morts-sur-les-routes-en-octobre.php\">une r\u00e9gression de 15,5% des morts sur les routes<\/a>&nbsp;a \u00e9t\u00e9 enregistr\u00e9e. Un record depuis 1954. Mais d&rsquo;apr\u00e8s le Comit\u00e9 ind\u00e9pendant d&rsquo;\u00e9valuation \u00ables calculs montrent que (&#8230;) moins d&rsquo;une centaine de d\u00e9c\u00e8s sont susceptibles d&rsquo;\u00eatre \u00e9vit\u00e9s sur le r\u00e9seau \u00e0 80 km\/h\u00bb<\/p>\n","protected":false},"excerpt":{"rendered":"<p>Gilets jaunes, PMA pour toutes, hommage \u00e0 P\u00e9tain\u2026 Voici les d\u00e9bats de 2018 que l&rsquo;on vous conseille de ne pas mettre sur la table si vous voulez que votre soir\u00e9e de No\u00ebl se d\u00e9roule pour le mieux. Le r\u00e9veillon de No\u00ebl, c&rsquo;est le plaisir de se retrouver en famille mais \u00e9galement la rencontre d&rsquo;opinions divergentes\u2026 [&hellip;]<\/p>\n","protected":false},"author":2,"featured_media":10987,"comment_status":"open","ping_status":"open","sticky":false,"template":"","format":"standard","meta":{"_jetpack_memberships_contains_paid_content":false,"footnotes":"","jetpack_publicize_message":"","jetpack_publicize_feature_enabled":true,"jetpack_social_post_already_shared":true,"jetpack_social_options":{"image_generator_settings":{"template":"highway","default_image_id":0,"font":"","enabled":false},"version":2},"_wpas_customize_per_network":false},"categories":[68],"tags":[],"class_list":["post-10986","post","type-post","status-publish","format-standard","has-post-thumbnail","hentry","category-actu-culturelle"],"jetpack_publicize_connections":[],"jetpack_featured_media_url":"https:\/\/i0.wp.com\/www.iceagetv.com\/radiosite\/wp-content\/uploads\/2018\/12\/les-sujets-dactualit%C3%A9-%C3%A0-%C3%A9viter-le-soir-du-r%C3%A9veillon.jpg?fit=680%2C382&ssl=1","jetpack_sharing_enabled":true,"_links":{"self":[{"href":"https:\/\/www.iceagetv.com\/radiosite\/wp-json\/wp\/v2\/posts\/10986","targetHints":{"allow":["GET"]}}],"collection":[{"href":"https:\/\/www.iceagetv.com\/radiosite\/wp-json\/wp\/v2\/posts"}],"about":[{"href":"https:\/\/www.iceagetv.com\/radiosite\/wp-json\/wp\/v2\/types\/post"}],"author":[{"embeddable":true,"href":"https:\/\/www.iceagetv.com\/radiosite\/wp-json\/wp\/v2\/users\/2"}],"replies":[{"embeddable":true,"href":"https:\/\/www.iceagetv.com\/radiosite\/wp-json\/wp\/v2\/comments?post=10986"}],"version-history":[{"count":1,"href":"https:\/\/www.iceagetv.com\/radiosite\/wp-json\/wp\/v2\/posts\/10986\/revisions"}],"predecessor-version":[{"id":10988,"href":"https:\/\/www.iceagetv.com\/radiosite\/wp-json\/wp\/v2\/posts\/10986\/revisions\/10988"}],"wp:featuredmedia":[{"embeddable":true,"href":"https:\/\/www.iceagetv.com\/radiosite\/wp-json\/wp\/v2\/media\/10987"}],"wp:attachment":[{"href":"https:\/\/www.iceagetv.com\/radiosite\/wp-json\/wp\/v2\/media?parent=10986"}],"wp:term":[{"taxonomy":"category","embeddable":true,"href":"https:\/\/www.iceagetv.com\/radiosite\/wp-json\/wp\/v2\/categories?post=10986"},{"taxonomy":"post_tag","embeddable":true,"href":"https:\/\/www.iceagetv.com\/radiosite\/wp-json\/wp\/v2\/tags?post=10986"}],"curies":[{"name":"wp","href":"https:\/\/api.w.org\/{rel}","templated":true}]}}