{"id":11029,"date":"2018-12-28T12:28:47","date_gmt":"2018-12-28T12:28:47","guid":{"rendered":"http:\/\/www.iceagetv.com\/radiosite\/?p=11029"},"modified":"2018-12-28T12:28:53","modified_gmt":"2018-12-28T12:28:53","slug":"dominik-paris-remporte-la-descente-comme-en-2017-double-italien-avec-la-2e-place-dinnerhofer","status":"publish","type":"post","link":"https:\/\/www.iceagetv.com\/radiosite\/dominik-paris-remporte-la-descente-comme-en-2017-double-italien-avec-la-2e-place-dinnerhofer\/","title":{"rendered":"Dominik Paris remporte la descente comme en 2017, doubl\u00e9 italien avec la 2e place d&rsquo;Innerhofer"},"content":{"rendered":"\n<h2 class=\"wp-block-heading\">BORMIO &#8211; On n&rsquo;y a vu que du vert-blanc-rouge en Lombardie. Dans la station italienne, les skieurs transalpins se sont r\u00e9gal\u00e9s avec un doubl\u00e9 sur la descente vendredi. Dominik Paris, comme la saison pass\u00e9e, s&rsquo;est impos\u00e9 \u00e0 Bormio, devant son compatriote Christof Innerhofer. Beat Feuz compl\u00e8te le podium et fait une belle op\u00e9ration pour le globe de la sp\u00e9cialit\u00e9. Johan Clarey termine 7e.<\/h2>\n\n\n\n<p>Les Italiens aiment toujours autant la Stelvio. Comme l&rsquo;an dernier, c&rsquo;est Dominik Paris qui s&rsquo;est impos\u00e9 ce vendredi lors de la descente de Bormio. Sur une piste verglac\u00e9e et terrible physiquement, il a devanc\u00e9 son compatriote Christof Innerhofer (+ 0\u00a0\u00bb36) et le Suisse Beat Feuz (+ 0\u00a0\u00bb52) pour s&rsquo;offrir un 10e succ\u00e8s en Coupe du monde, son 3e en Lombardie. Le meilleur Fran\u00e7ais, Johann Clarey, prend une belle 7e place.<a href=\"https:\/\/www.eurosport.fr\/ski-alpin\/bormio\/2018-2019\/live-descente-messieurs_mtc1074748\/live.shtml\">Le film de la descente<\/a><\/p>\n\n\n\n<p>Bormio a toujours \u00e9t\u00e9 une course magnifique et une piste terrible. Mais, verglac\u00e9e comme l&rsquo;\u00e9tait cette semaine, c&rsquo;est un enfer pour les skieurs. Consid\u00e9r\u00e9e par beaucoup comme la plus dure vu les conditions climatiques, la Stelvio nous aura r\u00e9serv\u00e9 des surprises, comme toujours. Touch\u00e9 au genou depuis quelques semaines,\u00a0<a href=\"https:\/\/www.eurosport.fr\/ski-alpin\/aksel-lund-svindal_prs33360\/person.shtml\">Aksel Lund Svindal<\/a>\u00a0n&rsquo;a jamais \u00e9t\u00e9 dans le bon tempo (11e, + 1\u00a0\u00bb71), \u00e0 l&rsquo;image des Norv\u00e9giens avec la 8e place de Kilde et surtout l&rsquo;abandon de Jansurd, sorti apr\u00e8s une trentaine de secondes de course. Mais, comme on s&rsquo;y attendait, elle aura souri aux sp\u00e9cialistes des pistes verglac\u00e9es.<\/p>\n\n\n\n<h2 class=\"wp-block-heading\">Clarey sauve le bilan des Bleus<\/h2>\n\n\n\n<p>Consid\u00e9r\u00e9s comme les deux meilleurs dans ces conditions, Christof Innerhoer et Vincent Kriechmayr ont largement r\u00e9pondu aux attentes. Mais l&rsquo;Italien (2e, + 0\u00a0\u00bb36) comme l&rsquo;Autrichien (5e, + 0\u00a0\u00bb96) ont \u00e9t\u00e9 battus, malgr\u00e9 un ski tr\u00e8s pos\u00e9. Moyen lors des entra\u00eenements, Beat Feuz s&rsquo;est parfaitement r\u00e9veill\u00e9 en course pour sauver son dossard rouge de leader de la sp\u00e9cialit\u00e9 gr\u00e2ce \u00e0 une belle 3e place (+ 0\u00a0\u00bb52). Mais il n&rsquo;y avait rien \u00e0 faire face \u00e0 Dominik Paris. Ultra solide physiquement, tr\u00e8s pr\u00e9cis et l&rsquo;un des seuls \u00e0 aller chercher la trajectoire la plus directe, l&rsquo;Italien a fait la diff\u00e9rence sur le bas, \u00e0 la sortie du San Pietro, pour d\u00e9crocher son premier succ\u00e8s de la saison, son 10e en carri\u00e8re. Et d\u00e9j\u00e0 son 3e sur la Stelvio, apr\u00e8s 2012 et 2017.<\/p>\n\n\n\n<p>Un vainqueur identique \u00e0 l&rsquo;an dernier et un meilleur Fran\u00e7ais au m\u00eame classement \u00e9galement. En 2017, Adrien Th\u00e9aux avait pris la 7e place mais le skieur de Val Thorens a confirm\u00e9 ses difficult\u00e9s actuelles en descente avec une d\u00e9cevante 19e place (+ 2\u00a0\u00bb42), juste derri\u00e8re le revenant Brice Roger (17e, + 2\u00a0\u00bb27). Finalement, comme depuis le d\u00e9but de la saison, c&rsquo;est de Johann Clarey qu&rsquo;est venue l&rsquo;\u00e9claircie tricolore en descente. Parti avec le dossard 16, le skieur de Tignes a su faire jeu \u00e9gal avec les meilleurs sur la premi\u00e8re partie du trac\u00e9 avant de souffrir physiquement sur le bas. Mais avec sa 7e place (+ 1\u00a0\u00bb39), Clarey s&rsquo;offre un nouveau top 10, son 3e en 4e descente. L&rsquo;homme fort en vitesse c\u00f4t\u00e9 Tricolore, c&rsquo;est bien lui.<\/p>\n\n\n\n<p><\/p>\n","protected":false},"excerpt":{"rendered":"<p>BORMIO &#8211; On n&rsquo;y a vu que du vert-blanc-rouge en Lombardie. Dans la station italienne, les skieurs transalpins se sont r\u00e9gal\u00e9s avec un doubl\u00e9 sur la descente vendredi. Dominik Paris, comme la saison pass\u00e9e, s&rsquo;est impos\u00e9 \u00e0 Bormio, devant son compatriote Christof Innerhofer. Beat Feuz compl\u00e8te le podium et fait une belle op\u00e9ration pour le [&hellip;]<\/p>\n","protected":false},"author":2,"featured_media":11030,"comment_status":"open","ping_status":"open","sticky":false,"template":"","format":"standard","meta":{"_jetpack_memberships_contains_paid_content":false,"footnotes":"","jetpack_publicize_message":"","jetpack_publicize_feature_enabled":true,"jetpack_social_post_already_shared":true,"jetpack_social_options":{"image_generator_settings":{"template":"highway","default_image_id":0,"font":"","enabled":false},"version":2},"_wpas_customize_per_network":false},"categories":[18],"tags":[],"class_list":["post-11029","post","type-post","status-publish","format-standard","has-post-thumbnail","hentry","category-actu-sport"],"jetpack_publicize_connections":[],"jetpack_featured_media_url":"https:\/\/i0.wp.com\/www.iceagetv.com\/radiosite\/wp-content\/uploads\/2018\/12\/Dominik-Paris.jpg?fit=1950%2C1096&ssl=1","jetpack_sharing_enabled":true,"_links":{"self":[{"href":"https:\/\/www.iceagetv.com\/radiosite\/wp-json\/wp\/v2\/posts\/11029","targetHints":{"allow":["GET"]}}],"collection":[{"href":"https:\/\/www.iceagetv.com\/radiosite\/wp-json\/wp\/v2\/posts"}],"about":[{"href":"https:\/\/www.iceagetv.com\/radiosite\/wp-json\/wp\/v2\/types\/post"}],"author":[{"embeddable":true,"href":"https:\/\/www.iceagetv.com\/radiosite\/wp-json\/wp\/v2\/users\/2"}],"replies":[{"embeddable":true,"href":"https:\/\/www.iceagetv.com\/radiosite\/wp-json\/wp\/v2\/comments?post=11029"}],"version-history":[{"count":1,"href":"https:\/\/www.iceagetv.com\/radiosite\/wp-json\/wp\/v2\/posts\/11029\/revisions"}],"predecessor-version":[{"id":11031,"href":"https:\/\/www.iceagetv.com\/radiosite\/wp-json\/wp\/v2\/posts\/11029\/revisions\/11031"}],"wp:featuredmedia":[{"embeddable":true,"href":"https:\/\/www.iceagetv.com\/radiosite\/wp-json\/wp\/v2\/media\/11030"}],"wp:attachment":[{"href":"https:\/\/www.iceagetv.com\/radiosite\/wp-json\/wp\/v2\/media?parent=11029"}],"wp:term":[{"taxonomy":"category","embeddable":true,"href":"https:\/\/www.iceagetv.com\/radiosite\/wp-json\/wp\/v2\/categories?post=11029"},{"taxonomy":"post_tag","embeddable":true,"href":"https:\/\/www.iceagetv.com\/radiosite\/wp-json\/wp\/v2\/tags?post=11029"}],"curies":[{"name":"wp","href":"https:\/\/api.w.org\/{rel}","templated":true}]}}