{"id":11032,"date":"2018-12-29T14:21:58","date_gmt":"2018-12-29T14:21:58","guid":{"rendered":"http:\/\/www.iceagetv.com\/radiosite\/?p=11032"},"modified":"2018-12-29T14:22:06","modified_gmt":"2018-12-29T14:22:06","slug":"le-parquet-de-paris-ouvre-une-enquete-pour-abus-de-confiance-apres-les-revelations-sur-les-passeports-diplomatiques-dalexandre-benalla","status":"publish","type":"post","link":"https:\/\/www.iceagetv.com\/radiosite\/le-parquet-de-paris-ouvre-une-enquete-pour-abus-de-confiance-apres-les-revelations-sur-les-passeports-diplomatiques-dalexandre-benalla\/","title":{"rendered":"Le parquet de Paris ouvre une enqu\u00eate pour \u00ab\u00a0abus de confiance\u00a0\u00bb, apr\u00e8s les r\u00e9v\u00e9lations sur les passeports diplomatiques d&rsquo;Alexandre Benalla."},"content":{"rendered":"\n<p><strong>Le parquet de Paris ouvre une enqu\u00eate pour \u00ab\u00a0abus de confiance\u00a0\u00bb, apr\u00e8s les r\u00e9v\u00e9lations sur les passeports diplomatiques d&rsquo;Alexandre Benalla.<\/strong><br>Le parquet de Paris indique avoir ouvert une enqu\u00eate, apr\u00e8s le signalement du Quai d&rsquo;Orsay sur\u00a0\u00ab\u00a0des faits susceptibles d&rsquo;\u00eatre reproch\u00e9s \u00e0 Alexandre Benalla en raison de la non restitution et de l&rsquo;usage de deux passeports diplomatiques\u00a0\u00bb.\u00a0Elle a \u00e9t\u00e9 confi\u00e9e \u00e0 la brigade de la r\u00e9pression de la d\u00e9linquance \u00e0 la personne de Paris.<\/p>\n\n\n\n<p>La crise qui couvait depuis le d\u00e9but de la semaine apr\u00e8s les r\u00e9v\u00e9lations sur les activit\u00e9s en Afrique d&rsquo;Alexandre Benalla a explos\u00e9 vendredi avec la confrontation entre l\u2019\u00c9lys\u00e9e et l&rsquo;ancien collaborateur d&rsquo;Emmanuel Macron, qui a dit maintenir&nbsp;des \u00ab\u00a0relations\u00a0\u00bb et des \u00ab\u00a0\u00e9changes r\u00e9guliers\u00a0\u00bb avec \u00ab\u00a0certains membres de la pr\u00e9sidence\u00a0\u00bb, dans une lettre adress\u00e9e au cabinet d&rsquo;Emmanuel Macron, dont l&rsquo;AFP a obtenu copie.<\/p>\n\n\n\n<figure><iframe allowfullscreen=\"\"><\/iframe><\/figure>\n\n\n\n<p>M. Benalla reproche \u00e0 Patrick Strzoda, directeur du cabinet d&rsquo;Emmanuel Macron \u00e0 qui la lettre est adress\u00e9e, de ne pas lui avoir \u00ab\u00a0transmis directement (ses) interrogations\u00a0\u00bb au lieu de \u00ab\u00a0les porter sur la place publique\u00a0\u00bb, \u00ab\u00a0au regard des relations que j&rsquo;entretiens avec certains membres de la pr\u00e9sidence, et des \u00e9changes r\u00e9guliers que j&rsquo;ai avec eux\u00a0\u00bb.<\/p>\n\n\n\n<p>M. Strzoda l&rsquo;avait somm\u00e9 de s&rsquo;expliquer sur \u00ab\u00a0d&rsquo;\u00e9ventuelles missions personnelles et priv\u00e9es\u00a0\u00bb men\u00e9es \u00ab\u00a0comme consultant\u00a0\u00bb alors qu&rsquo;il \u00e9tait \u00ab\u00a0en fonction \u00e0 l\u2019\u00c9lys\u00e9e\u00a0\u00bb.<\/p>\n\n\n\n<p>Il lui r\u00e9pond qu&rsquo;il n&rsquo;avait \u00ab\u00a0jamais effectu\u00e9 de missions personnelles et priv\u00e9es\u00a0\u00bb durant ses fonctions \u00e0 l\u2019\u00c9lis\u00e9e et n\u2019avoir \u00ab\u00a0a fortiori jamais re\u00e7u directement ni indirectement de r\u00e9mun\u00e9rations en r\u00e9sultant\u00a0\u00bb. En outre dans ses activit\u00e9s actuelles, il ne s&rsquo;est \u00ab\u00a0jamais pr\u00e9valu d&rsquo;une quelconque recommandation ou appui de la pr\u00e9sidence de la R\u00e9publique dans le cadre de (s)es nouvelles activit\u00e9s, et le pr\u00e9tendre serait purement mensonger\u00a0\u00bb et \u00ab\u00a0diffamatoire\u00a0\u00bb, affirme-t-il.<\/p>\n\n\n\n<p>L\u2019\u00c9lys\u00e9e a repouss\u00e9 sur le Quai d&rsquo;Orsay, disant avoir, d\u00e8s son renvoi pour motif disciplinaire en juillet, \u00ab\u00a0demand\u00e9 aux administrations comp\u00e9tentes\u00a0\u00bb de r\u00e9cup\u00e9rer les passeports.<\/p>\n\n\n\n<p>Le Quai d&rsquo;Orsay a annonc\u00e9 dans la foul\u00e9e l&rsquo;intention de Jean-Yves Le Drian de saisir le parquet, \u00ab\u00a0sur le fondement de l&rsquo;article 40 du code de proc\u00e9dure p\u00e9nale\u00a0\u00bb qui enjoint tout repr\u00e9sentant des autorit\u00e9s de le faire s&rsquo;il a connaissance d&rsquo;un crime ou d&rsquo;un d\u00e9lit. Le minist\u00e8re affirme avoir r\u00e9clam\u00e9 en juillet, puis en septembre la restitution des deux passeports. Le signalement aupr\u00e8s du procureur de la R\u00e9publique \u00e9tait en cours d&rsquo;analyse vendredi soir, a indiqu\u00e9 \u00e0 l&rsquo;AFP une source judiciaire.<\/p>\n","protected":false},"excerpt":{"rendered":"<p>Le parquet de Paris ouvre une enqu\u00eate pour \u00ab\u00a0abus de confiance\u00a0\u00bb, apr\u00e8s les r\u00e9v\u00e9lations sur les passeports diplomatiques d&rsquo;Alexandre Benalla.Le parquet de Paris indique avoir ouvert une enqu\u00eate, apr\u00e8s le signalement du Quai d&rsquo;Orsay sur\u00a0\u00ab\u00a0des faits susceptibles d&rsquo;\u00eatre reproch\u00e9s \u00e0 Alexandre Benalla en raison de la non restitution et de l&rsquo;usage de deux passeports diplomatiques\u00a0\u00bb.\u00a0Elle [&hellip;]<\/p>\n","protected":false},"author":2,"featured_media":11033,"comment_status":"open","ping_status":"open","sticky":false,"template":"","format":"standard","meta":{"_jetpack_memberships_contains_paid_content":false,"footnotes":"","jetpack_publicize_message":"","jetpack_publicize_feature_enabled":true,"jetpack_social_post_already_shared":true,"jetpack_social_options":{"image_generator_settings":{"template":"highway","default_image_id":0,"font":"","enabled":false},"version":2},"_wpas_customize_per_network":false},"categories":[405],"tags":[],"class_list":["post-11032","post","type-post","status-publish","format-standard","has-post-thumbnail","hentry","category-actu-france-monde"],"jetpack_publicize_connections":[],"jetpack_featured_media_url":"https:\/\/i0.wp.com\/www.iceagetv.com\/radiosite\/wp-content\/uploads\/2018\/12\/bennalla.jpg?fit=760%2C327&ssl=1","jetpack_sharing_enabled":true,"_links":{"self":[{"href":"https:\/\/www.iceagetv.com\/radiosite\/wp-json\/wp\/v2\/posts\/11032","targetHints":{"allow":["GET"]}}],"collection":[{"href":"https:\/\/www.iceagetv.com\/radiosite\/wp-json\/wp\/v2\/posts"}],"about":[{"href":"https:\/\/www.iceagetv.com\/radiosite\/wp-json\/wp\/v2\/types\/post"}],"author":[{"embeddable":true,"href":"https:\/\/www.iceagetv.com\/radiosite\/wp-json\/wp\/v2\/users\/2"}],"replies":[{"embeddable":true,"href":"https:\/\/www.iceagetv.com\/radiosite\/wp-json\/wp\/v2\/comments?post=11032"}],"version-history":[{"count":1,"href":"https:\/\/www.iceagetv.com\/radiosite\/wp-json\/wp\/v2\/posts\/11032\/revisions"}],"predecessor-version":[{"id":11034,"href":"https:\/\/www.iceagetv.com\/radiosite\/wp-json\/wp\/v2\/posts\/11032\/revisions\/11034"}],"wp:featuredmedia":[{"embeddable":true,"href":"https:\/\/www.iceagetv.com\/radiosite\/wp-json\/wp\/v2\/media\/11033"}],"wp:attachment":[{"href":"https:\/\/www.iceagetv.com\/radiosite\/wp-json\/wp\/v2\/media?parent=11032"}],"wp:term":[{"taxonomy":"category","embeddable":true,"href":"https:\/\/www.iceagetv.com\/radiosite\/wp-json\/wp\/v2\/categories?post=11032"},{"taxonomy":"post_tag","embeddable":true,"href":"https:\/\/www.iceagetv.com\/radiosite\/wp-json\/wp\/v2\/tags?post=11032"}],"curies":[{"name":"wp","href":"https:\/\/api.w.org\/{rel}","templated":true}]}}