{"id":11038,"date":"2018-12-29T14:29:36","date_gmt":"2018-12-29T14:29:36","guid":{"rendered":"http:\/\/www.iceagetv.com\/radiosite\/?p=11038"},"modified":"2018-12-29T14:29:43","modified_gmt":"2018-12-29T14:29:43","slug":"gilets-jaunes-mobilisation-en-demi-teinte-pour-lacte-7","status":"publish","type":"post","link":"https:\/\/www.iceagetv.com\/radiosite\/gilets-jaunes-mobilisation-en-demi-teinte-pour-lacte-7\/","title":{"rendered":"Gilets jaunes : mobilisation en demi-teinte pour l\u2019acte 7"},"content":{"rendered":"\n<h2 class=\"wp-block-heading\">La mobilisation varie de quelques dizaines de personnes \u00e0 plusieurs milliers en fonction des villes.<\/h2>\n\n\n\n<p>Le mouvement des&nbsp;<a href=\"http:\/\/www.leparisien.fr\/economie\/nouvelles-mobilisations-de-gilets-jaunes-prevues-samedi-au-nouvel-an-et-en-janvier-28-12-2018-7977450.php\" target=\"_blank\" rel=\"noreferrer noopener\">Gilets jaunes<\/a>&nbsp;se poursuit ce week-end. Apr\u00e8s un acte 6 qui a \u00e9t\u00e9 le&nbsp;<a href=\"http:\/\/www.leparisien.fr\/economie\/direct-acte-6-des-gilets-jaunes-plusieurs-centaines-de-manifestants-a-paris-22-12-2018-7975002.php\" target=\"_blank\" rel=\"noreferrer noopener\">moins f\u00e9d\u00e9rateur<\/a>&nbsp;depuis le d\u00e9but des mobilisations le 17 novembre, les rassemblements sont pour l\u2019instant, \u00e0 de rares exceptions, assez limit\u00e9s ce samedi. Quelques heurts ont eu lieu vers le si\u00e8ge de BFM.<\/p>\n\n\n\n<p><strong>Quelques perturbations sur les routes.<\/strong>\u00a0Quatre \u00e9changeurs ont \u00e9t\u00e9 ferm\u00e9s sur l\u2019A7 et l\u2019A9 et \u00abquelques manifestations\u00bb ont eu lieu dans la matin\u00e9e, a indiqu\u00e9 Vinci Autoroutes dans un communiqu\u00e9.<\/p>\n\n\n\n<p>ans la majorit\u00e9 des cas, seules quelques dizaines de personnes sont mobilis\u00e9es par lieu de rassemblement ce samedi. Une cinquantaine de Gilets jaunes se sont ainsi retrouv\u00e9s \u00e0 un rond-point au Mans (Sarthe), selon&nbsp;<a href=\"https:\/\/www.francebleu.fr\/infos\/societe\/le-mans-une-cinquantaine-de-gilets-jaunes-au-rond-point-de-l-oceane-1546080419\" target=\"_blank\" rel=\"noreferrer noopener\">France bleu<\/a>. La mobilisation est semblable \u00e0 Avignon (Vaucluse), o\u00f9 des Gilets jaunes alternent entre l\u2019occupation d\u2019un rond-point aux abords de l\u2019A7 et une pr\u00e9sence dans la galerie commerciale d\u2019Avignon-Nord, rapporte&nbsp;<a href=\"https:\/\/www.laprovence.com\/actu\/en-direct\/5304679\/avignon-nord-les-gilets-jaunes-evacues-de-la-galerie-commerciale.html\" target=\"_blank\" rel=\"noreferrer noopener\">\u00ab la Provence \u00bb<\/a>.<\/p>\n\n\n\n<p><strong>La dissimulation comme strat\u00e9gie, des heurts vers BFM.<\/strong>\u00a0Afin de surprendre les forces de l\u2019ordre, les lieux et\/ou parcours des rassemblements n\u2019ont parfois pas \u00e9t\u00e9 diffus\u00e9s \u00e0 l\u2019avance. C\u2019est notamment le cas \u00e0 Paris, o\u00f9 plusieurs centaines de Gilets jaunes se sont rassembl\u00e9s devant le si\u00e8ge de BFMTV pour d\u00e9noncer le traitement de l\u2019information par la cha\u00eene. En d\u00e9but d\u2019apr\u00e8s-midi, des incidents sont survenus aux abords de ce m\u00e9dia. Des manifestants ont envahi la voie de circulation du tramway et jet\u00e9 des projectiles sur les forces de l&rsquo;ordre, qui ont r\u00e9pliqu\u00e9 par des tirs de gaz lacrymog\u00e8ne et proc\u00e9d\u00e9 \u00e0 plusieurs interpellations. La situation est rapidement revenue au calme vers 14 heures.<br>Un autre rassemblement a ensuite pris forme aux abords de France T\u00e9l\u00e9visions.<\/p>\n\n\n\n<p>Auparavant, quelques-uns se sont regroup\u00e9s sur le haut des Champs-Elys\u00e9es. Des tensions ont eu lieu avec les forces de l\u2019ordre quand ils ont voulu descendre l\u2019avenue.<\/p>\n\n\n\n<p>Le secret autour des rassemblements est aussi en vigueur dans d\u2019autres villes marqu\u00e9es par des violences ces derni\u00e8res semaines comme Bordeaux (Gironde) ou Toulouse (Haute-Garonne). A Bordeaux, le lieu de d\u00e9part \u00e9tait connu, rien d\u2019autre ; \u00e0 Toulouse, rien \u00e0 part le fait que le rassemblement devait se tenir dans le centre n\u2019a \u00e9t\u00e9 diffus\u00e9.<\/p>\n\n\n\n<p><strong>1 000 \u00e0 2 000 personnes \u00e0 Marseille.&nbsp;<\/strong>Pr\u00e8s d\u2019un millier de Gilets jaunes se sont rassembl\u00e9s \u00e0 partir de 10 heures devant l\u2019Arc de Triomphe de Marseille (Bouches-du-Rh\u00f4ne), selon l\u2019AFP. Les manifestants, venus de plusieurs points de blocage dans la r\u00e9gion, se sont r\u00e9unis Porte d\u2019Aix, dans le centre de la ville.&nbsp;<a href=\"https:\/\/www.francebleu.fr\/infos\/societe\/gilets-jaunes-pres-de-2-000-personnes-rassemblees-a-marseille-1546081767\" target=\"_blank\" rel=\"noreferrer noopener\">France bleu<\/a>&nbsp;a \u00e9valu\u00e9 la mobilisation \u00e0 un peu moins de 2 000 personnes. Vers 14h30, environ 300 personnes \u00e9taient sur le Vieux-Port.<\/p>\n\n\n\n<p>Priscilla Ludosky, cette automobiliste d\u2019Ile-de-France consid\u00e9r\u00e9e comme l\u2019une des initiatrices du mouvement avec&nbsp;<a href=\"http:\/\/www.leparisien.fr\/economie\/votre-argent\/gilets-jaunes-la-petition-de-priscillia-ludosky-depasse-le-million-de-signatures-29-11-2018-7957536.php\" target=\"_blank\" rel=\"noreferrer noopener\">sa p\u00e9tition contre la hausse des taxes sur les carburants<\/a>, est venue les soutenir. \u00ab Nous ne sommes pas une bande d\u2019anarchistes assoiff\u00e9s de sang et de casse comme le gouvernement et certains de ses collabos veulent nous pr\u00e9senter \u00bb, a d\u00e9clar\u00e9 un orateur au micro, rapporte l\u2019AFP.<\/p>\n\n\n\n<p>Une \u00e9quipe de BFMTV a \u00e9t\u00e9 expuls\u00e9e au d\u00e9but du rassemblement sous les hu\u00e9es et les cris de \u00ab menteurs \u00bb.<\/p>\n\n\n\n<p><strong>Plusieurs milliers de personnes \u00e0 Bordeaux.<\/strong>\u00a0Place de la Bourse, \u00e0 Bordeaux, plusieurs milliers de personnes ont commenc\u00e9 \u00e0 se rassembler en d\u00e9but d\u2019apr\u00e8s-midi.<\/p>\n\n\n\n<p><strong>Tensions \u00e0 Rouen et incendie devant la Banque de France.<\/strong>&nbsp;Entre 800 et 1 000 personnes se sont rassembl\u00e9es \u00e0 Rouen (Seine-Maritime), d\u2019apr\u00e8s&nbsp;<a href=\"https:\/\/twitter.com\/fbleuhnormandie\" target=\"_blank\" rel=\"noreferrer noopener\">France Bleu<\/a>. Quelques \u00e9bauches de barricades ont \u00e9t\u00e9 dress\u00e9es dans les rues de la ville et les forces de l\u2019ordre ont notamment fait usage de gaz lacrymog\u00e8ne.<\/p>\n\n\n\n<p>Plusieurs incendies ont \u00e9t\u00e9 d\u00e9clench\u00e9s dont un assez important \u00e0 l\u2019entr\u00e9e de la Banque de France, dont l\u2019entr\u00e9e est calcin\u00e9e.<\/p>\n","protected":false},"excerpt":{"rendered":"<p>La mobilisation varie de quelques dizaines de personnes \u00e0 plusieurs milliers en fonction des villes. Le mouvement des&nbsp;Gilets jaunes&nbsp;se poursuit ce week-end. Apr\u00e8s un acte 6 qui a \u00e9t\u00e9 le&nbsp;moins f\u00e9d\u00e9rateur&nbsp;depuis le d\u00e9but des mobilisations le 17 novembre, les rassemblements sont pour l\u2019instant, \u00e0 de rares exceptions, assez limit\u00e9s ce samedi. Quelques heurts ont eu [&hellip;]<\/p>\n","protected":false},"author":2,"featured_media":11039,"comment_status":"open","ping_status":"open","sticky":false,"template":"","format":"standard","meta":{"_jetpack_memberships_contains_paid_content":false,"footnotes":"","jetpack_publicize_message":"","jetpack_publicize_feature_enabled":true,"jetpack_social_post_already_shared":true,"jetpack_social_options":{"image_generator_settings":{"template":"highway","default_image_id":0,"font":"","enabled":false},"version":2},"_wpas_customize_per_network":false},"categories":[405],"tags":[],"class_list":["post-11038","post","type-post","status-publish","format-standard","has-post-thumbnail","hentry","category-actu-france-monde"],"jetpack_publicize_connections":[],"jetpack_featured_media_url":"https:\/\/i0.wp.com\/www.iceagetv.com\/radiosite\/wp-content\/uploads\/2018\/12\/Gilets-jaunes-7.jpg?fit=1000%2C625&ssl=1","jetpack_sharing_enabled":true,"_links":{"self":[{"href":"https:\/\/www.iceagetv.com\/radiosite\/wp-json\/wp\/v2\/posts\/11038","targetHints":{"allow":["GET"]}}],"collection":[{"href":"https:\/\/www.iceagetv.com\/radiosite\/wp-json\/wp\/v2\/posts"}],"about":[{"href":"https:\/\/www.iceagetv.com\/radiosite\/wp-json\/wp\/v2\/types\/post"}],"author":[{"embeddable":true,"href":"https:\/\/www.iceagetv.com\/radiosite\/wp-json\/wp\/v2\/users\/2"}],"replies":[{"embeddable":true,"href":"https:\/\/www.iceagetv.com\/radiosite\/wp-json\/wp\/v2\/comments?post=11038"}],"version-history":[{"count":1,"href":"https:\/\/www.iceagetv.com\/radiosite\/wp-json\/wp\/v2\/posts\/11038\/revisions"}],"predecessor-version":[{"id":11040,"href":"https:\/\/www.iceagetv.com\/radiosite\/wp-json\/wp\/v2\/posts\/11038\/revisions\/11040"}],"wp:featuredmedia":[{"embeddable":true,"href":"https:\/\/www.iceagetv.com\/radiosite\/wp-json\/wp\/v2\/media\/11039"}],"wp:attachment":[{"href":"https:\/\/www.iceagetv.com\/radiosite\/wp-json\/wp\/v2\/media?parent=11038"}],"wp:term":[{"taxonomy":"category","embeddable":true,"href":"https:\/\/www.iceagetv.com\/radiosite\/wp-json\/wp\/v2\/categories?post=11038"},{"taxonomy":"post_tag","embeddable":true,"href":"https:\/\/www.iceagetv.com\/radiosite\/wp-json\/wp\/v2\/tags?post=11038"}],"curies":[{"name":"wp","href":"https:\/\/api.w.org\/{rel}","templated":true}]}}