{"id":11048,"date":"2018-12-30T16:05:49","date_gmt":"2018-12-30T16:05:49","guid":{"rendered":"http:\/\/www.iceagetv.com\/radiosite\/?p=11048"},"modified":"2018-12-30T16:05:55","modified_gmt":"2018-12-30T16:05:55","slug":"le-debut-des-soldes-dhiver-maintenu-au-9-janvier-malgre-la-volonte-de-certaines-unions-de-commercants-de-les-avancer-dune-semaine","status":"publish","type":"post","link":"https:\/\/www.iceagetv.com\/radiosite\/le-debut-des-soldes-dhiver-maintenu-au-9-janvier-malgre-la-volonte-de-certaines-unions-de-commercants-de-les-avancer-dune-semaine\/","title":{"rendered":"Le d\u00e9but des soldes d&rsquo;hiver maintenu au 9 janvier, malgr\u00e9 la volont\u00e9 de certaines unions de commer\u00e7ants de les avancer d&rsquo;une semaine"},"content":{"rendered":"\n<p>Le d\u00e9but des soldes d&rsquo;hiver est maintenu au 9 janvier, a annonc\u00e9 la secr\u00e9taire d&rsquo;Etat \u00e0 l&rsquo;Economie, Agn\u00e8s Pannier-Runacher, pr\u00e9cisant qu&rsquo;une \u00ab\u00a0majorit\u00e9 de f\u00e9d\u00e9rations de commer\u00e7ants consult\u00e9es\u00a0\u00bb \u00e9tait contre l&rsquo;avancement de la date pr\u00e9vue.<\/p>\n\n\n\n<p>Certaines unions de commer\u00e7ants souhaitaient avancer d&rsquo;une semaine les soldes d&rsquo;hiver, notamment pour tenter de compenser les pertes li\u00e9es au mouvement des \u00ab\u00a0gilets jaunes\u00a0\u00bb.<\/p>\n\n\n\n<p>Le gouvernement avait annonc\u00e9 avoir lanc\u00e9 une consultation des associations des commerces ind\u00e9pendants \u00ab\u00a0pour conna\u00eetre leur point de vue\u00a0\u00bb.<\/p>\n\n\n\n<figure><iframe allowfullscreen=\"\"><\/iframe><\/figure>\n\n\n\n<p>\u00ab\u00a0Avancer la date des soldes d&rsquo;hiver n&rsquo;est pas souhait\u00e9 par une majorit\u00e9 de f\u00e9d\u00e9rations de commer\u00e7ants consult\u00e9es par le Gouvernement. Le d\u00e9but des soldes est donc maintenu au 9 janvier, date \u00e0 laquelle les commerces se sont pr\u00e9par\u00e9s depuis plusieurs semaines\u00a0\u00bb, a \u00e9crit la secr\u00e9taire d&rsquo;Etat sur son compte Twitter.<\/p>\n\n\n\n<p>La plupart des associations se sont prononc\u00e9es contre l&rsquo;avancement de la date notamment pour des raisons pratiques.<\/p>\n\n\n\n<p>\u00ab\u00a0Il faudrait en effet, d&rsquo;ici le 2 janvier, modifier toute la logistique et les transports pr\u00e9vus, refaire toutes les affiches, changer l&rsquo;organisation interne. Le tout en 5 jours, dont un jour f\u00e9ri\u00e9 et un dimanche\u00a0\u00bb, avait indiqu\u00e9 jeudi \u00e0 l&rsquo;AFP Jacques Creyssel, d\u00e9l\u00e9gu\u00e9 g\u00e9n\u00e9ral de la F\u00e9d\u00e9ration du commerce et de la distribution (FCD).<\/p>\n\n\n\n<p>Il s&rsquo;\u00e9tait toutefois dit ouvert \u00e0 une r\u00e9flexion pour avancer la date des soldes \u00e0 partir de l&rsquo;an prochain.<\/p>\n","protected":false},"excerpt":{"rendered":"<p>Le d\u00e9but des soldes d&rsquo;hiver est maintenu au 9 janvier, a annonc\u00e9 la secr\u00e9taire d&rsquo;Etat \u00e0 l&rsquo;Economie, Agn\u00e8s Pannier-Runacher, pr\u00e9cisant qu&rsquo;une \u00ab\u00a0majorit\u00e9 de f\u00e9d\u00e9rations de commer\u00e7ants consult\u00e9es\u00a0\u00bb \u00e9tait contre l&rsquo;avancement de la date pr\u00e9vue. Certaines unions de commer\u00e7ants souhaitaient avancer d&rsquo;une semaine les soldes d&rsquo;hiver, notamment pour tenter de compenser les pertes li\u00e9es au mouvement [&hellip;]<\/p>\n","protected":false},"author":2,"featured_media":11049,"comment_status":"open","ping_status":"open","sticky":false,"template":"","format":"standard","meta":{"_jetpack_memberships_contains_paid_content":false,"footnotes":"","jetpack_publicize_message":"","jetpack_publicize_feature_enabled":true,"jetpack_social_post_already_shared":true,"jetpack_social_options":{"image_generator_settings":{"template":"highway","default_image_id":0,"font":"","enabled":false},"version":2},"_wpas_customize_per_network":false},"categories":[405],"tags":[],"class_list":["post-11048","post","type-post","status-publish","format-standard","has-post-thumbnail","hentry","category-actu-france-monde"],"jetpack_publicize_connections":[],"jetpack_featured_media_url":"https:\/\/i0.wp.com\/www.iceagetv.com\/radiosite\/wp-content\/uploads\/2018\/12\/Le-d%C3%A9but-des-soldes-dhiver-maintenu-au-9-janvier.jpg?fit=750%2C324&ssl=1","jetpack_sharing_enabled":true,"_links":{"self":[{"href":"https:\/\/www.iceagetv.com\/radiosite\/wp-json\/wp\/v2\/posts\/11048","targetHints":{"allow":["GET"]}}],"collection":[{"href":"https:\/\/www.iceagetv.com\/radiosite\/wp-json\/wp\/v2\/posts"}],"about":[{"href":"https:\/\/www.iceagetv.com\/radiosite\/wp-json\/wp\/v2\/types\/post"}],"author":[{"embeddable":true,"href":"https:\/\/www.iceagetv.com\/radiosite\/wp-json\/wp\/v2\/users\/2"}],"replies":[{"embeddable":true,"href":"https:\/\/www.iceagetv.com\/radiosite\/wp-json\/wp\/v2\/comments?post=11048"}],"version-history":[{"count":1,"href":"https:\/\/www.iceagetv.com\/radiosite\/wp-json\/wp\/v2\/posts\/11048\/revisions"}],"predecessor-version":[{"id":11050,"href":"https:\/\/www.iceagetv.com\/radiosite\/wp-json\/wp\/v2\/posts\/11048\/revisions\/11050"}],"wp:featuredmedia":[{"embeddable":true,"href":"https:\/\/www.iceagetv.com\/radiosite\/wp-json\/wp\/v2\/media\/11049"}],"wp:attachment":[{"href":"https:\/\/www.iceagetv.com\/radiosite\/wp-json\/wp\/v2\/media?parent=11048"}],"wp:term":[{"taxonomy":"category","embeddable":true,"href":"https:\/\/www.iceagetv.com\/radiosite\/wp-json\/wp\/v2\/categories?post=11048"},{"taxonomy":"post_tag","embeddable":true,"href":"https:\/\/www.iceagetv.com\/radiosite\/wp-json\/wp\/v2\/tags?post=11048"}],"curies":[{"name":"wp","href":"https:\/\/api.w.org\/{rel}","templated":true}]}}