{"id":11062,"date":"2018-12-31T15:48:27","date_gmt":"2018-12-31T15:48:27","guid":{"rendered":"http:\/\/www.iceagetv.com\/radiosite\/?p=11062"},"modified":"2018-12-31T15:48:34","modified_gmt":"2018-12-31T15:48:34","slug":"nuit-du-nouvel-an-un-dispositif-de-securite-renforce-a-paris-et-en-regions","status":"publish","type":"post","link":"https:\/\/www.iceagetv.com\/radiosite\/nuit-du-nouvel-an-un-dispositif-de-securite-renforce-a-paris-et-en-regions\/","title":{"rendered":"Nuit du Nouvel An : un dispositif de s\u00e9curit\u00e9 renforc\u00e9 \u00e0 Paris et en r\u00e9gions"},"content":{"rendered":"\n<p>Une vigilance particuli\u00e8re doit entourer&nbsp;<a href=\"https:\/\/www.francetvinfo.fr\/monde\/nouvel-an-2019\/\" target=\"_blank\" rel=\"noreferrer noopener\">les festivit\u00e9s du Nouvel An<\/a>&nbsp;\u00e0 Paris et en r\u00e9gions. Et pour cause&nbsp;: des&nbsp;<a href=\"https:\/\/www.francetvinfo.fr\/economie\/transports\/gilets-jaunes\/\" target=\"_blank\" rel=\"noreferrer noopener\">\u00ab\u00a0gilets jaunes\u00a0\u00bb<\/a>&nbsp;comptent se m\u00ealer \u00e0 la foule venue c\u00e9l\u00e9brer l&rsquo;ann\u00e9e nouvelle.&nbsp;Sur les r\u00e9seaux sociaux, des appels \u00e0 manifester ont \u00e9t\u00e9 lanc\u00e9s pour&nbsp;<a href=\"https:\/\/www.francetvinfo.fr\/economie\/transports\/gilets-jaunes\/direct-gilets-jaunes-reveillon-31-decembre-emmanuel-macron-voeux-champs-elysees-paris-saint-sylvestre_3124103.html\" target=\"_blank\" rel=\"noreferrer noopener\">des rassemblements<\/a>&nbsp;\u00e0 Paris, Bordeaux et Nice, notamment.<\/p>\n\n\n\n<p>Dans ces conditions, la s\u00e9curit\u00e9 est renforc\u00e9e pour ce passage \u00e0 2019.&nbsp;<em>\u00ab\u00a0La s\u00e9curit\u00e9, le bon ordre, ce n&rsquo;est pas l&rsquo;ennemi de la f\u00eate, cela en est la condition et les mesures que nous mettons en \u0153uvre sont pr\u00e9cis\u00e9ment destin\u00e9es \u00e0 assurer cette s\u00e9curit\u00e9\u00a0\u00bb,<\/em>&nbsp;a d\u00e9clar\u00e9 sur&nbsp;<a href=\"https:\/\/www.lci.fr\/politique\/quelle-securite-pour-le-reveillon-michel-delpuech-invite-politique-du-31-decembre-2018-2108873.html\" target=\"_blank\" rel=\"noreferrer noopener\">LCI<\/a>&nbsp;le pr\u00e9fet de police, Michel Delpuech, \u00e9voquant notamment des contr\u00f4les pr\u00e9ventifs dans les gares et sur les axes routiers. Franceinfo fait le point sur ce dispositif de s\u00e9curit\u00e9.&nbsp;<\/p>\n\n\n\n<h2 class=\"wp-block-heading\">Pr\u00e8s de 148 000 membres des forces de l&rsquo;ordre mobilis\u00e9s<\/h2>\n\n\n\n<p>Pr\u00e8s de 148 000 personnels, forces de l&rsquo;ordre, de s\u00e9curit\u00e9 civile et militaires de l&rsquo;op\u00e9ration Sentinelle sont mobilis\u00e9s sur l&rsquo;ensemble du territoire, a pr\u00e9cis\u00e9 dimanche le ministre de l&rsquo;Int\u00e9rieur, Christophe Castaner, dans un communiqu\u00e9. C&rsquo;est l\u00e9g\u00e8rement plus que le&nbsp;31 d\u00e9cembre&nbsp;2017, o\u00f9 pr\u00e8s de 140&nbsp;000 agents avaient \u00e9t\u00e9 d\u00e9ploy\u00e9s.&nbsp;<\/p>\n\n\n\n<p>A Paris, la mobilisation est de l&rsquo;ordre de 12\u00a0000 policiers \u00e0 partir de la fin d&rsquo;apr\u00e8s-midi, a d\u00e9clar\u00e9 lundi sur\u00a0<a rel=\"noreferrer noopener\" href=\"https:\/\/www.lci.fr\/politique\/quelle-securite-pour-le-reveillon-michel-delpuech-invite-politique-du-31-decembre-2018-2108873.html\" target=\"_blank\">LCI<\/a>\u00a0le pr\u00e9fet de police, Michel Delpuech.\u00a0S&rsquo;y ajouteront 6\u00a0000 gendarmes, militaires, pompiers et secouristes.<\/p>\n\n\n\n<h2 class=\"wp-block-heading\">Les p\u00e9tards interdits dans certains d\u00e9partements<\/h2>\n\n\n\n<p>De nombreuses pr\u00e9fectures ont pris des arr\u00eat\u00e9s pour interdire\u00a0<a rel=\"noreferrer noopener\" href=\"https:\/\/www.francetvinfo.fr\/monde\/nouvel-an-2019\/nuit-du-nouvel-an-la-prefecture-de-police-de-paris-met-en-garde-contre-l-utilisation-de-petards_3124261.html\" target=\"_blank\">l&rsquo;usage de p\u00e9tards<\/a>\u00a0sur la voie\u00a0publique le soir du Nouvel An. C&rsquo;est le cas notamment dans le Nord, le Pas-de-Calais ou le Calvados. A Paris, la pr\u00e9fecture de police a mis en garde contre l&rsquo;utilisation de p\u00e9tards.<\/p>\n\n\n\n<h2 class=\"wp-block-heading\">Un p\u00e9rim\u00e8tre de protection install\u00e9 sur les Champs-Elys\u00e9es<\/h2>\n\n\n\n<p>Un spectacle son et lumi\u00e8res pr\u00e9vu sur les Champs-Elys\u00e9es a \u00e9t\u00e9 maintenu, malgr\u00e9 les craintes de d\u00e9gradations similaires \u00e0 celles commises ces derni\u00e8res semaines en marge du mouvement des \u00ab\u00a0gilets jaunes\u00a0\u00bb.<\/p>\n\n\n\n<p>Un p\u00e9rim\u00e8tre de protection comprenant des points de filtrage doit \u00eatre install\u00e9 d\u00e8s 16&nbsp;heures autour de la c\u00e9l\u00e8bre avenue, o\u00f9 plusieurs centaines de milliers de personnes sont attendues dans la soir\u00e9e.<\/p>\n","protected":false},"excerpt":{"rendered":"<p>Une vigilance particuli\u00e8re doit entourer&nbsp;les festivit\u00e9s du Nouvel An&nbsp;\u00e0 Paris et en r\u00e9gions. Et pour cause&nbsp;: des&nbsp;\u00ab\u00a0gilets jaunes\u00a0\u00bb&nbsp;comptent se m\u00ealer \u00e0 la foule venue c\u00e9l\u00e9brer l&rsquo;ann\u00e9e nouvelle.&nbsp;Sur les r\u00e9seaux sociaux, des appels \u00e0 manifester ont \u00e9t\u00e9 lanc\u00e9s pour&nbsp;des rassemblements&nbsp;\u00e0 Paris, Bordeaux et Nice, notamment. Dans ces conditions, la s\u00e9curit\u00e9 est renforc\u00e9e pour ce passage \u00e0 [&hellip;]<\/p>\n","protected":false},"author":2,"featured_media":11063,"comment_status":"open","ping_status":"open","sticky":false,"template":"","format":"standard","meta":{"_jetpack_memberships_contains_paid_content":false,"footnotes":"","jetpack_publicize_message":"","jetpack_publicize_feature_enabled":true,"jetpack_social_post_already_shared":true,"jetpack_social_options":{"image_generator_settings":{"template":"highway","default_image_id":0,"font":"","enabled":false},"version":2},"_wpas_customize_per_network":false},"categories":[405],"tags":[],"class_list":["post-11062","post","type-post","status-publish","format-standard","has-post-thumbnail","hentry","category-actu-france-monde"],"jetpack_publicize_connections":[],"jetpack_featured_media_url":"https:\/\/i0.wp.com\/www.iceagetv.com\/radiosite\/wp-content\/uploads\/2018\/12\/Nuit-du-Nouvel-An.jpg?fit=1197%2C450&ssl=1","jetpack_sharing_enabled":true,"_links":{"self":[{"href":"https:\/\/www.iceagetv.com\/radiosite\/wp-json\/wp\/v2\/posts\/11062","targetHints":{"allow":["GET"]}}],"collection":[{"href":"https:\/\/www.iceagetv.com\/radiosite\/wp-json\/wp\/v2\/posts"}],"about":[{"href":"https:\/\/www.iceagetv.com\/radiosite\/wp-json\/wp\/v2\/types\/post"}],"author":[{"embeddable":true,"href":"https:\/\/www.iceagetv.com\/radiosite\/wp-json\/wp\/v2\/users\/2"}],"replies":[{"embeddable":true,"href":"https:\/\/www.iceagetv.com\/radiosite\/wp-json\/wp\/v2\/comments?post=11062"}],"version-history":[{"count":1,"href":"https:\/\/www.iceagetv.com\/radiosite\/wp-json\/wp\/v2\/posts\/11062\/revisions"}],"predecessor-version":[{"id":11064,"href":"https:\/\/www.iceagetv.com\/radiosite\/wp-json\/wp\/v2\/posts\/11062\/revisions\/11064"}],"wp:featuredmedia":[{"embeddable":true,"href":"https:\/\/www.iceagetv.com\/radiosite\/wp-json\/wp\/v2\/media\/11063"}],"wp:attachment":[{"href":"https:\/\/www.iceagetv.com\/radiosite\/wp-json\/wp\/v2\/media?parent=11062"}],"wp:term":[{"taxonomy":"category","embeddable":true,"href":"https:\/\/www.iceagetv.com\/radiosite\/wp-json\/wp\/v2\/categories?post=11062"},{"taxonomy":"post_tag","embeddable":true,"href":"https:\/\/www.iceagetv.com\/radiosite\/wp-json\/wp\/v2\/tags?post=11062"}],"curies":[{"name":"wp","href":"https:\/\/api.w.org\/{rel}","templated":true}]}}