{"id":11065,"date":"2018-12-31T15:52:10","date_gmt":"2018-12-31T15:52:10","guid":{"rendered":"http:\/\/www.iceagetv.com\/radiosite\/?p=11065"},"modified":"2018-12-31T15:54:16","modified_gmt":"2018-12-31T15:54:16","slug":"prime-dactivite-pesticides-cheque-energie-ce-qui-change-le-1er-janvier-2019","status":"publish","type":"post","link":"https:\/\/www.iceagetv.com\/radiosite\/prime-dactivite-pesticides-cheque-energie-ce-qui-change-le-1er-janvier-2019\/","title":{"rendered":"Prime d&rsquo;activit\u00e9, pesticides, ch\u00e8que \u00e9nergie&#8230; Ce qui change le 1er janvier 2019"},"content":{"rendered":"\n<p>Nouvelle ann\u00e9e, nouveaux tarifs et nouveaux taux de pr\u00e9l\u00e8vements. Au 1er janvier 2019, quelques bonnes nouvelles sont \u00e0 pr\u00e9voir, dont une s\u00e9rie de mesures qui auront un effet direct sur le pouvoir d&rsquo;achat : la prime d&rsquo;activit\u00e9 revaloris\u00e9e, un coup de pouce aux retrait\u00e9s les plus modestes&#8230; En revanche, le prix du paquet de cigarettes va \u00e0 nouveau augmenter, comme celui du timbre qui va conna\u00eetre une hausse historique.&nbsp;<\/p>\n\n\n\n<h2 class=\"wp-block-heading\">Le pr\u00e9l\u00e8vement \u00e0 la source est mis en place<\/h2>\n\n\n\n<p>Apr\u00e8s avoir \u00e9t\u00e9 repouss\u00e9e d&rsquo;un an, cette grande r\u00e9forme fiscale sera effective d\u00e8s janvier 2019 pour 38 millions de foyers. L&rsquo;imp\u00f4t sera directement pr\u00e9lev\u00e9 par l&#8217;employeur.&nbsp;Les premiers pr\u00e9l\u00e8vements auront lieu \u00e0 la fin du mois, mais \u00e0 tout moment de l&rsquo;ann\u00e9e, le contribuable pourra moduler son taux en cas de changement de revenu ou de perte d&#8217;emploi. A noter que l&rsquo;imp\u00f4t n&rsquo;augmentera pas puisque le calcul du taux d&rsquo;imposition reste le m\u00eame.<\/p>\n\n\n\n<p>La d\u00e9claration de revenus restera obligatoire en 2019.&nbsp;<\/p>\n\n\n\n<h2 class=\"wp-block-heading\">Le&nbsp;smic est&nbsp;revaloris\u00e9 de 1,5%<\/h2>\n\n\n\n<p>Le salaire minimum interprofessionnel de croissance (smic) b\u00e9n\u00e9ficie d&rsquo;une hausse automatique au 1er janvier, qui s&rsquo;appuie sur l&rsquo;inflation. Le salaire brut passe de 9,98 \u00e0 10,03 euros de l&rsquo;heure, soit une augmentation de 1,5%. Pour un salari\u00e9 aux 35&nbsp;heures, le nouveau montant du smic s&rsquo;\u00e9tablit \u00e0 1&nbsp;521,22 euros brut par mois, soit 1&nbsp;204 euros net. Pr\u00e8s de 2 millions de salari\u00e9s sont concern\u00e9s.<\/p>\n\n\n\n<h2 class=\"wp-block-heading\">Un bonus de 90 euros est appliqu\u00e9 \u00e0 la prime d&rsquo;activit\u00e9<\/h2>\n\n\n\n<p>Pour les salari\u00e9s touchant des revenus proches du smic, le gouvernement s&rsquo;est engag\u00e9 \u00e0 augmenter la prime d&rsquo;activit\u00e9 de 90 euros d\u00e8s d\u00e9but 2019. Sont concern\u00e9es les personnes gagnant jusqu&rsquo;\u00e0 1,3 fois le smic. Le Premier ministre, Edouard Philippe, a confirm\u00e9 que le nombre de foyers touchant actuellement cette prime sera \u00e9largi, puisqu&rsquo;il passera, en 2019, de 3,8 \u00e0 5&nbsp;millions de personnes.<\/p>\n\n\n\n<p>Pour en b\u00e9n\u00e9ficier, il ne faut pas oublier d&rsquo;en faire la demande \u00e0 la Caisse d&rsquo;allocations familiales entre le 1er et le 25 janvier 2019. La CAF met \u00e0 disposition un simulateur&nbsp;<a href=\"http:\/\/www.caf.fr\/allocataires\/mes-services-en-ligne\/estimer-vos-droits\/simulation-prime-d-activite\" target=\"_blank\" rel=\"noreferrer noopener\">accessible ici<\/a>&nbsp;pour voir si vous \u00eates \u00e9ligible \u00e0 cette augmentation.<\/p>\n\n\n\n<h2 class=\"wp-block-heading\">La hausse de la CSG est supprim\u00e9e pour&nbsp;une partie des retrait\u00e9s<\/h2>\n\n\n\n<p>Lors de son allocution le 10 d\u00e9cembre, Emmanuel Macron s&rsquo;est engag\u00e9 \u00e0 supprimer d\u00e8s 2019 la hausse de la CSG pour les retrait\u00e9s touchant moins de 2&nbsp;000 euros par mois, ou 3&nbsp;000 euros pour les couples.<\/p>\n\n\n\n<p>Cette augmentation s&rsquo;appliquera virtuellement d\u00e8s janvier, mais ne sera effective qu&rsquo;autour de l&rsquo;\u00e9t\u00e9 2019,&nbsp;<em>\u00ab\u00a0au plus tard le 1er juillet\u00a0\u00bb<\/em>&nbsp;a indiqu\u00e9 la ministre du Travail, Muriel P\u00e9nicaud. Les retrait\u00e9s concern\u00e9s seront alors rembours\u00e9s de la CSG pay\u00e9e&nbsp;d\u00e9but 2019, via&nbsp;<em>\u00ab\u00a0un tr\u00e8s gros ch\u00e8que ou un virement\u00a0\u00bb&nbsp;<\/em>a-t-elle pr\u00e9cis\u00e9 sur<a href=\"https:\/\/www.rtl.fr\/actu\/politique\/muriel-penicaud-est-l-invitee-de-rtl-ce-17-decembre-7795948620\" target=\"_blank\" rel=\"noreferrer noopener\">&nbsp;RTL<\/a>.&nbsp;<\/p>\n\n\n\n<h2 class=\"wp-block-heading\">Un coup de pouce est donn\u00e9 au minimum vieillesse<\/h2>\n\n\n\n<p>D\u00e9sormais appel\u00e9e&nbsp;Aspa (Allocation de solidarit\u00e9 aux personnes \u00e2g\u00e9es), cette allocation augmente de 35 euros pour une personne seule et de 54 euros pour un couple, au 1er janvier 2019.&nbsp;Son montant mensuel passe de 833,20 euros \u00e0 868,20 euros&nbsp;dans le premier cas. Il atteindra&nbsp;1&nbsp;347,88 euros dans le second.&nbsp;<\/p>\n\n\n\n<h2 class=\"wp-block-heading\">Les pensions de retraite augmentent faiblement<\/h2>\n\n\n\n<p>Les pensions de retraite seront&nbsp;\u00e0 peine augment\u00e9es puisqu&rsquo;elles ne seront revaloris\u00e9es que de 0,3% par an, soit&nbsp;nettement en dessous de l&rsquo;inflation, qui se situera entre 1,7 et 2% en 2019.&nbsp;<\/p>\n\n\n\n<h2 class=\"wp-block-heading\">Les cotisations pour les retraites compl\u00e9mentaires augmentent<\/h2>\n\n\n\n<p>Les deux caisses de retraites compl\u00e9mentaires des salari\u00e9s du priv\u00e9, l&rsquo;Agirc (pour les cadres) et l&rsquo;Arrco (pour les non-cadres) vont fusionner d\u00e8s le 1er janvier.&nbsp;Les 10 millions de salari\u00e9s concern\u00e9s cotiseront donc davantage en raison de l&rsquo;augmentation des deux points du \u00ab\u00a0taux de rappel\u00a0\u00bb, comme l&rsquo;explique&nbsp;<em><a href=\"https:\/\/www.20minutes.fr\/economie\/2404831-20181228-retraites-complementaires-pourquoi-salaries-vont-devoir-cotiser-plus-2019\" target=\"_blank\" rel=\"noreferrer noopener\">20 Minutes,<\/a><\/em>&nbsp;puisque celui-ci passera de 125 \u00e0 127&nbsp;%.&nbsp;Ces deux points d&rsquo;augmentation devraient g\u00e9n\u00e9rer un gain de 800 millions d&rsquo;euros par an pour les deux caisses.&nbsp;<\/p>\n\n\n\n<h2 class=\"wp-block-heading\">Les heures suppl\u00e9mentaires sont d\u00e9fiscalis\u00e9es<\/h2>\n\n\n\n<p>En r\u00e9ponse \u00e0 la contestation des \u00ab\u00a0gilets jaunes\u00a0\u00bb, le gouvernement a d\u00e9cid\u00e9 d&rsquo;exon\u00e9rer les heures suppl\u00e9mentaires de cotisations sociales d\u00e8s le 1er janvier (et non plus en septembre), mais \u00e9galement d&rsquo;imp\u00f4t sur le revenu. Selon le gouvernement, cette mesure entra\u00eenera un gain de 500 euros en moyenne pour tous les salari\u00e9s, y compris les fonctionnaires.&nbsp;<\/p>\n\n\n\n<h2 class=\"wp-block-heading\">Le prix des cigarettes augmente<\/h2>\n\n\n\n<p>Comme les ann\u00e9es pr\u00e9c\u00e9dentes, le prix du tabac va \u00e0 nouveau augmenter en 2019 m\u00eame s&rsquo;il ne s&rsquo;agira que de petits ajustements. Selon&nbsp;<em><a href=\"https:\/\/www.capital.fr\/votre-argent\/prix-du-tabac-quelle-hausse-des-cigarettes-pour-debut-2019-marque-par-marque-1301796\" target=\"_blank\" rel=\"noreferrer noopener\">Capital<\/a><\/em>, les paquets de Marlboro Red et Marlboro Gold passeront par exemple de 8 euros \u00e0 8,20 euros et le paquet de Philip Morris Bleue sera \u00e0 8 euros au lieu de 7,90 euros.&nbsp;&nbsp;<\/p>\n\n\n\n<h2 class=\"wp-block-heading\">Le prix du timbre monte en fl\u00e8che&nbsp;<\/h2>\n\n\n\n<p>Vos cartes de nouvelle ann\u00e9e&nbsp;vont co\u00fbter un peu plus cher \u00e0 envoyer. Le prix du timbre va augmenter en moyenne de 10%. Le timbre rouge augmentera de 10 centimes et passera \u00e0 1,05 euro et le timbre vert de 8 centimes pour un prix de 88 centimes. La Poste est en effet confront\u00e9e&nbsp;<em>\u00ab\u00a0depuis plusieurs ann\u00e9es \u00e0 une chute tr\u00e8s importante du nombre de plis adress\u00e9s\u00a0\u00bb<\/em>&nbsp;explique&nbsp;<a href=\"https:\/\/www.europe1.fr\/economie\/Hausse-historique-pour-le-prix-du-timbre-792110\" target=\"_blank\" rel=\"noreferrer noopener\">Europe 1.<\/a>&nbsp;Ce qui l&rsquo;oblige \u00e0 augmenter ses tarifs.&nbsp;<\/p>\n\n\n\n<h2 class=\"wp-block-heading\">Les tarifs du gaz&nbsp;baissent<\/h2>\n\n\n\n<p>Le ministre de la Transition \u00e9cologique, Fran\u00e7ois de Rugy, s&rsquo;est engag\u00e9 \u00e0 baisser les tarifs du gaz de 2% pour le mois de janvier 2019, apr\u00e8s les&nbsp;annonces d&rsquo;Edouard Philippe le 4 d\u00e9cembre en r\u00e9ponse \u00e0 la col\u00e8re des \u00ab\u00a0gilets jaunes\u00a0\u00bb.&nbsp;<\/p>\n\n\n\n<h2 class=\"wp-block-heading\">Le ch\u00e8que \u00e9nergie&nbsp;est \u00e9tendu et revaloris\u00e9<\/h2>\n\n\n\n<p>Le ch\u00e8que \u00e9nergie, un dispositif qui sert \u00e0 payer les factures \u00e9nerg\u00e9tiques (gaz, \u00e9lectricit\u00e9, fioul&#8230;) pour se chauffer, va augmenter de 50 euros pour atteindre un montant moyen de 200 euros l&rsquo;ann\u00e9e prochaine. Le nombre de foyers b\u00e9n\u00e9ficiaires&nbsp;va \u00e9galement augmenter pour passer \u00e0 5,6 millions (contre 3,6 millions en 2018).&nbsp;<\/p>\n\n\n\n<h2 class=\"wp-block-heading\">Les&nbsp;changements de fen\u00eatres sont en partie rembours\u00e9s&nbsp;<\/h2>\n\n\n\n<p>Fran\u00e7ois de Rugy a \u00e9galement annonc\u00e9 vouloir \u00ab\u00a0r\u00e9\u00e9largir\u00a0\u00bb le cr\u00e9dit d&rsquo;imp\u00f4t transition \u00e9nerg\u00e9tique (CITE) aux changements de fen\u00eatres. Ainsi, pour chaque fen\u00eatre chang\u00e9e, 100 euros seront rembours\u00e9s pour le passage de fen\u00eatres du simple au double vitrage.&nbsp;<\/p>\n\n\n\n<h2 class=\"wp-block-heading\">Une aide&nbsp;de 500 euros est vers\u00e9e aux apprentis pour passer le permis<\/h2>\n\n\n\n<p>Les jeunes en apprentissage&nbsp;recevront 500 euros pour financer leur permis de conduire et ce, sans conditions de ressources. Cette somme&nbsp;<em>\u00ab\u00a0pourrait concerner entre 150 000 et 200 000 apprentis ayant plus de 18 ans\u00a0\u00bb,<\/em>&nbsp;pr\u00e9cise&nbsp;<em><a href=\"http:\/\/www.leparisien.fr\/economie\/apprentis-une-aide-de-500-eur-pour-passer-le-permis-de-conduire-09-02-2018-7549785.php\" target=\"_blank\" rel=\"noreferrer noopener\">Le Parisien<\/a><\/em>.<\/p>\n\n\n\n<h2 class=\"wp-block-heading\">La prime \u00e0 la conversion automobile est doubl\u00e9e pour les m\u00e9nages modestes<\/h2>\n\n\n\n<p>Lanc\u00e9e en janvier 2018, la prime \u00e0 la conversion automobile passera \u00e0 4&nbsp;000&nbsp;euros d\u00e8s janvier 2019 pour les 20% de m\u00e9nages les plus modestes&nbsp;et les actifs non imposables qui font plus de 60 kilom\u00e8tres par jour pour se rendre au travail. Davantage de primes seront distribu\u00e9es :&nbsp;<em>\u00ab\u00a0un million sur tout le quinquennat&nbsp;contre seulement 500&nbsp;000 primes annonc\u00e9es au d\u00e9part par l\u2019ancien ministre de la Transition \u00e9cologique, Nicolas Hulot\u00a0\u00bb,<\/em>note&nbsp;<a href=\"https:\/\/auto.bfmtv.com\/actualite\/prime-a-la-conversion-ce-qui-va-changer-en-2019-1565816.html\" target=\"_blank\" rel=\"noreferrer noopener\">BFMTV<\/a>.&nbsp;<\/p>\n\n\n\n<h2 class=\"wp-block-heading\">Les pesticides sont interdits pour les particuliers&nbsp;<\/h2>\n\n\n\n<p>Si vous utilisiez du Roundup pour vous d\u00e9barrasser des pissenlits autour de chez vous, il va falloir&nbsp;trouver des solutions alternatives. Vot\u00e9e en 2017, la&nbsp;loi de transition \u00e9nerg\u00e9tique pour la croissance verte, dite loi Labb\u00e9, interdit l&rsquo;achat, l&rsquo;usage et le stockage de pesticides pour les jardins des particuliers d\u00e8s janvier.&nbsp;<\/p>\n\n\n\n<h2 class=\"wp-block-heading\">Le prix des proth\u00e8ses auditives est plafonn\u00e9&nbsp;<\/h2>\n\n\n\n<p>A partir du 1er janvier, le remboursement minimum pour les proth\u00e8ses auditives par la S\u00e9curit\u00e9 sociale et les mutuelles passera de 199 \u00e0 300 euros. De plus, les&nbsp;audioproth\u00e9sistes ne pourront pas facturer les appareils auditifs plus de 1&nbsp;300 euros. Ce prix&nbsp;sera progressivement abaiss\u00e9 \u00e0 950 euros en 2021.&nbsp;<\/p>\n\n\n\n<h2 class=\"wp-block-heading\">La \u00ab\u00a0taxe Gafa\u00a0\u00bb entre en vigueur&nbsp;<\/h2>\n\n\n\n<p>D\u00e8s 2019,&nbsp;une taxe sera pr\u00e9lev\u00e9e sur plusieurs grandes entreprises du num\u00e9rique rassembl\u00e9es sous l&rsquo;acronyme Gafa&nbsp;(Google, Apple, Facebook et Amazon). Faute d&rsquo;avoir convaincu l&rsquo;Union europ\u00e9enne, la France l&rsquo;instaurera seule. Le ministre&nbsp;de l&rsquo;Economie, Bruno Le Maire, estime que la recette totale pourrait atteindre 500 millions d&rsquo;euros et permettra ainsi de financer&nbsp;<em>\u00ab\u00a0en partie&nbsp;les mesures sociales annonc\u00e9es par Emmanuel Macron pour r\u00e9pondre \u00e0 la crise des &lsquo;gilets jaunes'\u00a0\u00bb&nbsp;<\/em>d\u00e9crivent&nbsp;<em><a href=\"https:\/\/www.lesechos.fr\/tech-medias\/hightech\/0600411265586-2018-annee-noire-pour-les-gafa-2232733.php\" target=\"_blank\" rel=\"noreferrer noopener\">Les Echos<\/a><\/em>.&nbsp;<\/p>\n","protected":false},"excerpt":{"rendered":"<p>Nouvelle ann\u00e9e, nouveaux tarifs et nouveaux taux de pr\u00e9l\u00e8vements. Au 1er janvier 2019, quelques bonnes nouvelles sont \u00e0 pr\u00e9voir, dont une s\u00e9rie de mesures qui auront un effet direct sur le pouvoir d&rsquo;achat : la prime d&rsquo;activit\u00e9 revaloris\u00e9e, un coup de pouce aux retrait\u00e9s les plus modestes&#8230; En revanche, le prix du paquet de cigarettes [&hellip;]<\/p>\n","protected":false},"author":2,"featured_media":11067,"comment_status":"open","ping_status":"open","sticky":false,"template":"","format":"standard","meta":{"_jetpack_memberships_contains_paid_content":false,"footnotes":"","jetpack_publicize_message":"","jetpack_publicize_feature_enabled":true,"jetpack_social_post_already_shared":true,"jetpack_social_options":{"image_generator_settings":{"template":"highway","default_image_id":0,"font":"","enabled":false},"version":2},"_wpas_customize_per_network":false},"categories":[405],"tags":[],"class_list":["post-11065","post","type-post","status-publish","format-standard","has-post-thumbnail","hentry","category-actu-france-monde"],"jetpack_publicize_connections":[],"jetpack_featured_media_url":"https:\/\/i0.wp.com\/www.iceagetv.com\/radiosite\/wp-content\/uploads\/2018\/12\/1er-janvier-2019.jpg?fit=1197%2C450&ssl=1","jetpack_sharing_enabled":true,"_links":{"self":[{"href":"https:\/\/www.iceagetv.com\/radiosite\/wp-json\/wp\/v2\/posts\/11065","targetHints":{"allow":["GET"]}}],"collection":[{"href":"https:\/\/www.iceagetv.com\/radiosite\/wp-json\/wp\/v2\/posts"}],"about":[{"href":"https:\/\/www.iceagetv.com\/radiosite\/wp-json\/wp\/v2\/types\/post"}],"author":[{"embeddable":true,"href":"https:\/\/www.iceagetv.com\/radiosite\/wp-json\/wp\/v2\/users\/2"}],"replies":[{"embeddable":true,"href":"https:\/\/www.iceagetv.com\/radiosite\/wp-json\/wp\/v2\/comments?post=11065"}],"version-history":[{"count":2,"href":"https:\/\/www.iceagetv.com\/radiosite\/wp-json\/wp\/v2\/posts\/11065\/revisions"}],"predecessor-version":[{"id":11068,"href":"https:\/\/www.iceagetv.com\/radiosite\/wp-json\/wp\/v2\/posts\/11065\/revisions\/11068"}],"wp:featuredmedia":[{"embeddable":true,"href":"https:\/\/www.iceagetv.com\/radiosite\/wp-json\/wp\/v2\/media\/11067"}],"wp:attachment":[{"href":"https:\/\/www.iceagetv.com\/radiosite\/wp-json\/wp\/v2\/media?parent=11065"}],"wp:term":[{"taxonomy":"category","embeddable":true,"href":"https:\/\/www.iceagetv.com\/radiosite\/wp-json\/wp\/v2\/categories?post=11065"},{"taxonomy":"post_tag","embeddable":true,"href":"https:\/\/www.iceagetv.com\/radiosite\/wp-json\/wp\/v2\/tags?post=11065"}],"curies":[{"name":"wp","href":"https:\/\/api.w.org\/{rel}","templated":true}]}}