{"id":11069,"date":"2019-01-01T14:21:20","date_gmt":"2019-01-01T14:21:20","guid":{"rendered":"http:\/\/www.iceagetv.com\/radiosite\/?p=11069"},"modified":"2019-01-01T14:21:26","modified_gmt":"2019-01-01T14:21:26","slug":"le-prelevement-a-la-source-une-mise-en-oeuvre-redoutee","status":"publish","type":"post","link":"https:\/\/www.iceagetv.com\/radiosite\/le-prelevement-a-la-source-une-mise-en-oeuvre-redoutee\/","title":{"rendered":"Le pr\u00e9l\u00e8vement \u00e0 la source, une mise en \u0153uvre redout\u00e9e"},"content":{"rendered":"\n<p>C\u2019est la r\u00e9forme qui ne peut plus \u00eatre repouss\u00e9e. Le 1<sup>er<\/sup>\u00a0janvier 2019, le pr\u00e9l\u00e8vement \u00e0 la source entrer en vigueur et trente jours plus tard, les contribuables d\u00e9couvriront sur leur fiche de salaire ce qu\u2019il leur reste pour vivre une fois l\u2019imp\u00f4t sur le revenu soustrait. Depuis des mois, Bercy se pr\u00e9pare \u00e0 cette \u00e9ch\u00e9ance \u00e0 hauts risques. Le ministre de l\u2019action et des comptes publics, G\u00e9rald Darmanin, n\u2019a pas le droit \u00e0 l\u2019erreur, tant le sujet est politiquement inflammable.<\/p>\n\n\n\n<p>A l\u2019Elys\u00e9e, on mesure les risques, mais on affirme que&nbsp;<em>\u00ab&nbsp;tout a \u00e9t\u00e9 fait pour que la r\u00e9forme se r\u00e9alise dans les meilleures conditions&nbsp;\u00bb<\/em>.&nbsp;<em>\u00ab&nbsp;Nous sommes pr\u00eats<\/em>, assure M.&nbsp;Darmanin au&nbsp;<em>Monde. Il y aura sans doute des erreurs, mais certainement moins que dans l\u2019ancien syst\u00e8me de l\u2019imp\u00f4t \u201c\u00e0 la papa\u201d, qui en a g\u00e9n\u00e9r\u00e9 3&nbsp;millions en&nbsp;2018&nbsp;! Les agents des finances publiques seront l\u00e0 pour les r\u00e9soudre, ils font un travail formidable.&nbsp;\u00bb<\/em>&nbsp;Quant au sentiment de gagner moins que pourraient avoir les Fran\u00e7ais en d\u00e9couvrant leur r\u00e9mun\u00e9ration nette fin janvier, apr\u00e8s retenue de l\u2019imp\u00f4t, l\u2019ex\u00e9cutif veut croire que le travail de p\u00e9dagogie effectu\u00e9 suffira \u00e0 l\u2019emp\u00eacher.<\/p>\n\n\n\n<p>La relation avec l\u2019administration et le pouvoir d\u2019achat sont deux \u00e9cueils potentiellement d\u00e9flagratoires, comme l\u2019a notamment montr\u00e9 ces derni\u00e8res semaines la mobilisation des \u00ab&nbsp;gilets jaunes&nbsp;\u00bb. Emmanuel Macron le sait. Au lendemain de son \u00e9lection, il avait d\u2019ailleurs d\u00e9cid\u00e9 de repousser d\u2019un an la mise en place du pr\u00e9l\u00e8vement \u00e0 la source, initialement pr\u00e9vue pour janvier&nbsp;2018. Fin ao\u00fbt, le chef de l\u2019Etat avait envisag\u00e9 de la reporter une nouvelle fois, jugeant que les garanties apport\u00e9es par Bercy n\u2019\u00e9taient pas suffisantes.<\/p>\n","protected":false},"excerpt":{"rendered":"<p>C\u2019est la r\u00e9forme qui ne peut plus \u00eatre repouss\u00e9e. Le 1er\u00a0janvier 2019, le pr\u00e9l\u00e8vement \u00e0 la source entrer en vigueur et trente jours plus tard, les contribuables d\u00e9couvriront sur leur fiche de salaire ce qu\u2019il leur reste pour vivre une fois l\u2019imp\u00f4t sur le revenu soustrait. Depuis des mois, Bercy se pr\u00e9pare \u00e0 cette \u00e9ch\u00e9ance [&hellip;]<\/p>\n","protected":false},"author":2,"featured_media":11070,"comment_status":"open","ping_status":"open","sticky":false,"template":"","format":"standard","meta":{"_jetpack_memberships_contains_paid_content":false,"footnotes":"","jetpack_publicize_message":"","jetpack_publicize_feature_enabled":true,"jetpack_social_post_already_shared":true,"jetpack_social_options":{"image_generator_settings":{"template":"highway","default_image_id":0,"font":"","enabled":false},"version":2},"_wpas_customize_per_network":false},"categories":[405],"tags":[],"class_list":["post-11069","post","type-post","status-publish","format-standard","has-post-thumbnail","hentry","category-actu-france-monde"],"jetpack_publicize_connections":[],"jetpack_featured_media_url":"https:\/\/i0.wp.com\/www.iceagetv.com\/radiosite\/wp-content\/uploads\/2019\/01\/Le-pr%C3%A9l%C3%A8vement-%C3%A0-la-source.jpg?fit=688%2C459&ssl=1","jetpack_sharing_enabled":true,"_links":{"self":[{"href":"https:\/\/www.iceagetv.com\/radiosite\/wp-json\/wp\/v2\/posts\/11069","targetHints":{"allow":["GET"]}}],"collection":[{"href":"https:\/\/www.iceagetv.com\/radiosite\/wp-json\/wp\/v2\/posts"}],"about":[{"href":"https:\/\/www.iceagetv.com\/radiosite\/wp-json\/wp\/v2\/types\/post"}],"author":[{"embeddable":true,"href":"https:\/\/www.iceagetv.com\/radiosite\/wp-json\/wp\/v2\/users\/2"}],"replies":[{"embeddable":true,"href":"https:\/\/www.iceagetv.com\/radiosite\/wp-json\/wp\/v2\/comments?post=11069"}],"version-history":[{"count":1,"href":"https:\/\/www.iceagetv.com\/radiosite\/wp-json\/wp\/v2\/posts\/11069\/revisions"}],"predecessor-version":[{"id":11071,"href":"https:\/\/www.iceagetv.com\/radiosite\/wp-json\/wp\/v2\/posts\/11069\/revisions\/11071"}],"wp:featuredmedia":[{"embeddable":true,"href":"https:\/\/www.iceagetv.com\/radiosite\/wp-json\/wp\/v2\/media\/11070"}],"wp:attachment":[{"href":"https:\/\/www.iceagetv.com\/radiosite\/wp-json\/wp\/v2\/media?parent=11069"}],"wp:term":[{"taxonomy":"category","embeddable":true,"href":"https:\/\/www.iceagetv.com\/radiosite\/wp-json\/wp\/v2\/categories?post=11069"},{"taxonomy":"post_tag","embeddable":true,"href":"https:\/\/www.iceagetv.com\/radiosite\/wp-json\/wp\/v2\/tags?post=11069"}],"curies":[{"name":"wp","href":"https:\/\/api.w.org\/{rel}","templated":true}]}}