{"id":11087,"date":"2019-01-03T08:07:10","date_gmt":"2019-01-03T08:07:10","guid":{"rendered":"http:\/\/www.iceagetv.com\/radiosite\/?p=11087"},"modified":"2019-01-03T08:07:12","modified_gmt":"2019-01-03T08:07:12","slug":"le-gilet-jaune-eric-drouet-arrete-a-paris","status":"publish","type":"post","link":"https:\/\/www.iceagetv.com\/radiosite\/le-gilet-jaune-eric-drouet-arrete-a-paris\/","title":{"rendered":"Le \u00abgilet jaune\u00bb \u00c9ric Drouet arr\u00eat\u00e9 \u00e0 Paris"},"content":{"rendered":"\n<p>Interpell\u00e9 mercredi soir pr\u00e8s des Champs-\u00c9lys\u00e9es, le trentenaire, qui s&rsquo;est impos\u00e9 comme un leader des \u00abgilets jaunes\u00bb, a \u00e9t\u00e9 plac\u00e9 en garde \u00e0 vue pour \u00aborganisation d&rsquo;une manifestation sans d\u00e9claration pr\u00e9alable\u00bb.<\/p>\n\n\n\n<p>\u00c9ric Drouet \u00e0 nouveau confront\u00e9 \u00e0 la justice. Ce mercredi soir, le trentenaire a \u00e9t\u00e9 interpell\u00e9 rue Royale (VIIIe arrondissement) puis plac\u00e9 en garde \u00e0 vue pour \u00aborganisation d&rsquo;une manifestation sans d\u00e9claration pr\u00e9alable\u00bb, selon le parquet de Paris. D&rsquo;apr\u00e8s une source polici\u00e8re, le leader controvers\u00e9 des \u00abgilets jaunes\u00bb a \u00e9t\u00e9 arr\u00eat\u00e9 alors qu&rsquo;il se dirigeait vers les Champs-\u00c9lys\u00e9es, o\u00f9 il avait appel\u00e9 d&rsquo;autres sympathisants \u00e0 se rassembler.<\/p>\n\n\n\n<p>Un peu plus t\u00f4t dans l&rsquo;apr\u00e8s-midi, ce chauffeur routier originaire de Melun (Seine-et-Marne) avait appel\u00e9 dans une vid\u00e9o sur Facebook \u00e0 mener une \u00abaction\u00bb sur la c\u00e9l\u00e8bre art\u00e8re parisienne. \u00abCe soir, on va pas faire une grosse action mais on veut choquer l&rsquo;opinion publique. Je sais pas s&rsquo;il y en aura qui seront avec nous sur les Champs [&#8230;] On va tous y aller sans gilets\u00bb, disait-il.<\/p>\n\n\n\n<p>Vers 19 heures, quelques dizaines de personnes s&rsquo;\u00e9taient rassembl\u00e9es devant le McDonald&rsquo;s des Champs-\u00c9lys\u00e9es, \u00e0 proximit\u00e9 de l&rsquo;Arc de triomphe, et attendaient \u00c9ric Drouet, sans toutefois avoir enfil\u00e9 leurs gilets, a constat\u00e9 une journaliste de l&rsquo;AFP. Outre le trentenaire, d&rsquo;autres \u00abgilets jaunes\u00bb ont \u00e9t\u00e9 interpell\u00e9s pour v\u00e9rification d&rsquo;identit\u00e9, a pr\u00e9cis\u00e9 la pr\u00e9fecture.<\/p>\n\n\n\n<h2 class=\"wp-block-heading\">Jean-Luc M\u00e9lenchon, soutien d&rsquo;\u00c9ric Drouet<\/h2>\n\n\n\n<p>\u00c9ric Drouet s&rsquo;est rapidement impos\u00e9 comme une des figures du mouvement contestataire. Le 8 d\u00e9cembre, il avait suscit\u00e9 une controverse en appelant sur BFMTV \u00e0 \u00abrentrer\u00bb dans l&rsquo;\u00c9lys\u00e9e. S&rsquo;il s&rsquo;en est ensuite d\u00e9fendu, sa d\u00e9claration a sur le coup sembl\u00e9 appeler au renversement des institutions, ce qui lui a valu une audition par la police judiciaire de Versailles.<br>Le 22 d\u00e9cembre, \u00c9ric Drouet avait \u00e9t\u00e9 interpell\u00e9 lors de l&rsquo;\u00abacte VI\u00bb des manifestations des \u00abgilets jaunes\u00bb \u00e0 Paris puis plac\u00e9 en garde \u00e0 vue pour \u00abport d&rsquo;arme prohib\u00e9\u00bb, en l&rsquo;occurrence un b\u00e2ton, et \u00abparticipation \u00e0 un groupement en vue de commettre des violences ou des d\u00e9gradations\u00bb. Plac\u00e9 sous contr\u00f4le judiciaire avec interdiction de d\u00e9tenir une arme, il compara\u00eetra le 5 juin devant un tribunal correctionnel.<br><a href=\"http:\/\/www.lefigaro.fr\/politique\/2019\/01\/02\/01002-20190102ARTFIG00202-melenchon-encense-le-gilet-jaune-eric-drouet-la-gauche-deroutee.php\">Soutien affich\u00e9 du chauffeur routier<\/a>, Jean-Luc M\u00e9lenchon a r\u00e9agi \u00e0 cette nouvelle arrestation sur Twitter. \u00abDe nouveau \u00c9ric Drouet interpell\u00e9. Pourquoi? Abus de pouvoir. Une Police politique cible et harc\u00e8le d\u00e9sormais les animateurs du mouvement gilet jaune. [&#8230;] Assez de violences, de condamnations et d&rsquo;interpellations contre les gilets jaunes! Lib\u00e9rez \u00c9ric Drouet. Fichez la paix aux porte-voix du peuple.<\/p>\n","protected":false},"excerpt":{"rendered":"<p>Interpell\u00e9 mercredi soir pr\u00e8s des Champs-\u00c9lys\u00e9es, le trentenaire, qui s&rsquo;est impos\u00e9 comme un leader des \u00abgilets jaunes\u00bb, a \u00e9t\u00e9 plac\u00e9 en garde \u00e0 vue pour \u00aborganisation d&rsquo;une manifestation sans d\u00e9claration pr\u00e9alable\u00bb. \u00c9ric Drouet \u00e0 nouveau confront\u00e9 \u00e0 la justice. Ce mercredi soir, le trentenaire a \u00e9t\u00e9 interpell\u00e9 rue Royale (VIIIe arrondissement) puis plac\u00e9 en garde [&hellip;]<\/p>\n","protected":false},"author":2,"featured_media":11088,"comment_status":"open","ping_status":"open","sticky":false,"template":"","format":"standard","meta":{"_jetpack_memberships_contains_paid_content":false,"footnotes":"","jetpack_publicize_message":"","jetpack_publicize_feature_enabled":true,"jetpack_social_post_already_shared":true,"jetpack_social_options":{"image_generator_settings":{"template":"highway","default_image_id":0,"font":"","enabled":false},"version":2},"_wpas_customize_per_network":false},"categories":[405],"tags":[],"class_list":["post-11087","post","type-post","status-publish","format-standard","has-post-thumbnail","hentry","category-actu-france-monde"],"jetpack_publicize_connections":[],"jetpack_featured_media_url":"https:\/\/i0.wp.com\/www.iceagetv.com\/radiosite\/wp-content\/uploads\/2019\/01\/%C3%89ric-Drouet.jpg?fit=680%2C382&ssl=1","jetpack_sharing_enabled":true,"_links":{"self":[{"href":"https:\/\/www.iceagetv.com\/radiosite\/wp-json\/wp\/v2\/posts\/11087","targetHints":{"allow":["GET"]}}],"collection":[{"href":"https:\/\/www.iceagetv.com\/radiosite\/wp-json\/wp\/v2\/posts"}],"about":[{"href":"https:\/\/www.iceagetv.com\/radiosite\/wp-json\/wp\/v2\/types\/post"}],"author":[{"embeddable":true,"href":"https:\/\/www.iceagetv.com\/radiosite\/wp-json\/wp\/v2\/users\/2"}],"replies":[{"embeddable":true,"href":"https:\/\/www.iceagetv.com\/radiosite\/wp-json\/wp\/v2\/comments?post=11087"}],"version-history":[{"count":1,"href":"https:\/\/www.iceagetv.com\/radiosite\/wp-json\/wp\/v2\/posts\/11087\/revisions"}],"predecessor-version":[{"id":11089,"href":"https:\/\/www.iceagetv.com\/radiosite\/wp-json\/wp\/v2\/posts\/11087\/revisions\/11089"}],"wp:featuredmedia":[{"embeddable":true,"href":"https:\/\/www.iceagetv.com\/radiosite\/wp-json\/wp\/v2\/media\/11088"}],"wp:attachment":[{"href":"https:\/\/www.iceagetv.com\/radiosite\/wp-json\/wp\/v2\/media?parent=11087"}],"wp:term":[{"taxonomy":"category","embeddable":true,"href":"https:\/\/www.iceagetv.com\/radiosite\/wp-json\/wp\/v2\/categories?post=11087"},{"taxonomy":"post_tag","embeddable":true,"href":"https:\/\/www.iceagetv.com\/radiosite\/wp-json\/wp\/v2\/tags?post=11087"}],"curies":[{"name":"wp","href":"https:\/\/api.w.org\/{rel}","templated":true}]}}