{"id":11105,"date":"2019-01-04T12:21:01","date_gmt":"2019-01-04T12:21:01","guid":{"rendered":"http:\/\/www.iceagetv.com\/radiosite\/?p=11105"},"modified":"2019-01-04T12:21:04","modified_gmt":"2019-01-04T12:21:04","slug":"bresil-les-terres-amerindiennes-menacees-par-le-gouvernement-de-jair-bolsonaro","status":"publish","type":"post","link":"https:\/\/www.iceagetv.com\/radiosite\/bresil-les-terres-amerindiennes-menacees-par-le-gouvernement-de-jair-bolsonaro\/","title":{"rendered":"Br\u00e9sil : les terres am\u00e9rindiennes menac\u00e9es par le gouvernement de Jair Bolsonaro"},"content":{"rendered":"\n<p>Le pr\u00e9sident br\u00e9silien Jair Bolsonaro a pris une mesure pol\u00e9mique par ordonnance d\u00e8s le premier jour de son mandat, en pla\u00e7ant sous la tutelle du minist\u00e8re de l&rsquo;Agriculture la d\u00e9marcation des terres attribu\u00e9es aux peuples autochtones.<\/p>\n\n\n\n<p>\n\nLe minist\u00e8re aura sous sa responsabilit\u00e9 \u00ab\u00a0<em>la r\u00e9forme agraire, la r\u00e9gularisation de la propri\u00e9t\u00e9 dans les zones rurales (&#8230;) et les terres indig\u00e8nes<\/em>\u00ab\u00a0, indique l&rsquo;ordonnance publi\u00e9e mardi au Journal Officiel. Auparavant, l&rsquo;attribution de ces territoires r\u00e9serv\u00e9s aux peuples autochtones \u00e9tait r\u00e9gul\u00e9e par la Fondation de l&rsquo;Indien (Funai), organisme publique chapeaut\u00e9 jusqu&rsquo;\u00e0 pr\u00e9sent par le minist\u00e8re de la Justice.<br><\/p>\n\n\n\n<h2 class=\"wp-block-heading\">L&rsquo;app\u00e9tit de l&rsquo;agrobusiness<\/h2>\n\n\n\n<p>La Funai elle-m\u00eame devrait voir son fonctionnement profond\u00e9ment boulevers\u00e9 sous le gouvernement Bolsonaro, qui a pr\u00e9vu de la mettre sous tutelle du nouveau minist\u00e8re de la Femme, de la Famille et des Droits de l&rsquo;Homme. Jair Bolsonaro, investi en grande pompe mardi, a confi\u00e9 le portefeuille de l&rsquo;Agriculture \u00e0 Tereza Cristina da Costa, leader du groupe parlementaire \u00ab\u00a0ruraliste\u00a0\u00bb, qui d\u00e9fend les int\u00e9r\u00eats de l&rsquo;agrobusiness, soutien important du pr\u00e9sident lors de sa campagne.<br><br>Pour les d\u00e9fenseurs de la cause indienne, ce transfert de comp\u00e9tences dans la d\u00e9marcation des terres revient \u00e0&nbsp;<strong><a href=\"https:\/\/la1ere.francetvinfo.fr\/bresil-avenir-amazonie-jeu-si-jair-bolsonaro-est-elu-641832.html\" target=\"_blank\" rel=\"noreferrer noopener\">livrer les territoires ancestraux \u00e0 l&rsquo;app\u00e9tit vorace de l&rsquo;agrobusiness.<\/a><\/strong>&nbsp;\u00ab\u00a0<em>Vous avez vu ? Le d\u00e9mant\u00e8lement a d\u00e9but\u00e9. La Funai n&rsquo;est plus responsable de l&rsquo;identification, de la d\u00e9limitation et de la d\u00e9marcation des terres indig\u00e8nes<\/em>\u00ab\u00a0, a d\u00e9plor\u00e9 sur Twitter la leader indienne Sonia Guajajara, candidate \u00e0 la vice-pr\u00e9sidence sur le ticket de Guilherme Boulos (extr\u00eame gauche).<br><\/p>\n\n\n\n<h2 class=\"wp-block-heading\">Craintes de sanctions commerciales<\/h2>\n\n\n\n<p>Jair Bolsonaro avait \u00e9galement l&rsquo;intention de fusionner les minist\u00e8re de l&rsquo;Agriculture et de l&rsquo;Environnement, mais a fait machine arri\u00e8re en raison du toll\u00e9 provoqu\u00e9 par cette perspective. Des repr\u00e9sentants du lobby de l&rsquo;agrobusines ont eux-m\u00eames manifest\u00e9 leur inqui\u00e9tude, craignant des sanctions commerciales sur les produits agricoles br\u00e9siliens de la part de pays soucieux de la pr\u00e9servation de l&rsquo;environnement.<br><br>\u00ab\u00a0<em>D\u00e8s la campagne, nous avons toujours eu l&rsquo;id\u00e9e de placer tout ce qui tourne autour de l&rsquo;agrobusiness, qui aujourd&rsquo;hui porte \u00e0 bout de bras l&rsquo;\u00e9conomie br\u00e9silienne, sous le giron du minist\u00e8re de l&rsquo;Agriculture<\/em>\u00ab\u00a0, a affirm\u00e9 mercredi \u00e0 des journalistes Onyx Lorenzoni, chef du gouvernement Bolsonaro. \u00ab\u00a0<em>L&rsquo;Environnement aurait aussi d\u00fb y \u00eatre r\u00e9uni<\/em>&nbsp;(sous tutelle de l&rsquo;Agriculture, ndlr).&nbsp;<em>Nous n&rsquo;avons pas pu faire certaines choses, mais, avec le temps, tout finit par fonctionner<\/em>\u00ab\u00a0.\n\n<\/p>\n\n\n\n<p><br><\/p>\n","protected":false},"excerpt":{"rendered":"<p>Le pr\u00e9sident br\u00e9silien Jair Bolsonaro a pris une mesure pol\u00e9mique par ordonnance d\u00e8s le premier jour de son mandat, en pla\u00e7ant sous la tutelle du minist\u00e8re de l&rsquo;Agriculture la d\u00e9marcation des terres attribu\u00e9es aux peuples autochtones. Le minist\u00e8re aura sous sa responsabilit\u00e9 \u00ab\u00a0la r\u00e9forme agraire, la r\u00e9gularisation de la propri\u00e9t\u00e9 dans les zones rurales (&#8230;) [&hellip;]<\/p>\n","protected":false},"author":2,"featured_media":11106,"comment_status":"open","ping_status":"open","sticky":false,"template":"","format":"standard","meta":{"_jetpack_memberships_contains_paid_content":false,"footnotes":"","jetpack_publicize_message":"","jetpack_publicize_feature_enabled":true,"jetpack_social_post_already_shared":true,"jetpack_social_options":{"image_generator_settings":{"template":"highway","default_image_id":0,"font":"","enabled":false},"version":2},"_wpas_customize_per_network":false},"categories":[2585],"tags":[],"class_list":["post-11105","post","type-post","status-publish","format-standard","has-post-thumbnail","hentry","category-actu-outre-mer"],"jetpack_publicize_connections":[],"jetpack_featured_media_url":"https:\/\/i0.wp.com\/www.iceagetv.com\/radiosite\/wp-content\/uploads\/2019\/01\/les-terres-am%C3%A9rindiennes.jpg?fit=660%2C372&ssl=1","jetpack_sharing_enabled":true,"_links":{"self":[{"href":"https:\/\/www.iceagetv.com\/radiosite\/wp-json\/wp\/v2\/posts\/11105","targetHints":{"allow":["GET"]}}],"collection":[{"href":"https:\/\/www.iceagetv.com\/radiosite\/wp-json\/wp\/v2\/posts"}],"about":[{"href":"https:\/\/www.iceagetv.com\/radiosite\/wp-json\/wp\/v2\/types\/post"}],"author":[{"embeddable":true,"href":"https:\/\/www.iceagetv.com\/radiosite\/wp-json\/wp\/v2\/users\/2"}],"replies":[{"embeddable":true,"href":"https:\/\/www.iceagetv.com\/radiosite\/wp-json\/wp\/v2\/comments?post=11105"}],"version-history":[{"count":1,"href":"https:\/\/www.iceagetv.com\/radiosite\/wp-json\/wp\/v2\/posts\/11105\/revisions"}],"predecessor-version":[{"id":11107,"href":"https:\/\/www.iceagetv.com\/radiosite\/wp-json\/wp\/v2\/posts\/11105\/revisions\/11107"}],"wp:featuredmedia":[{"embeddable":true,"href":"https:\/\/www.iceagetv.com\/radiosite\/wp-json\/wp\/v2\/media\/11106"}],"wp:attachment":[{"href":"https:\/\/www.iceagetv.com\/radiosite\/wp-json\/wp\/v2\/media?parent=11105"}],"wp:term":[{"taxonomy":"category","embeddable":true,"href":"https:\/\/www.iceagetv.com\/radiosite\/wp-json\/wp\/v2\/categories?post=11105"},{"taxonomy":"post_tag","embeddable":true,"href":"https:\/\/www.iceagetv.com\/radiosite\/wp-json\/wp\/v2\/tags?post=11105"}],"curies":[{"name":"wp","href":"https:\/\/api.w.org\/{rel}","templated":true}]}}