{"id":11124,"date":"2019-01-07T19:26:08","date_gmt":"2019-01-07T19:26:08","guid":{"rendered":"http:\/\/www.iceagetv.com\/radiosite\/?p=11124"},"modified":"2019-01-07T19:26:15","modified_gmt":"2019-01-07T19:26:15","slug":"gilets-jaunes-lex-boxeur-soupconne-davoir-frappe-deux-gendarmes-sest-rendu","status":"publish","type":"post","link":"https:\/\/www.iceagetv.com\/radiosite\/gilets-jaunes-lex-boxeur-soupconne-davoir-frappe-deux-gendarmes-sest-rendu\/","title":{"rendered":"Gilets jaunes : l\u2019ex-boxeur soup\u00e7onn\u00e9 d\u2019avoir frapp\u00e9 deux gendarmes s\u2019est rendu"},"content":{"rendered":"\n<h2 class=\"wp-block-heading\">L\u2019homme, qui s\u2019en \u00e9tait pris violemment \u00e0 deux gendarmes sur un pont parisien, avait rapidement \u00e9t\u00e9 identifi\u00e9.<\/h2>\n\n\n\n<p>Habill\u00e9 de noir, les mains gant\u00e9es mais le visage \u00e0 d\u00e9couvert, il avait&nbsp;<a href=\"http:\/\/www.leparisien.fr\/faits-divers\/gilets-jaunes-un-homme-filme-en-train-de-boxer-un-gendarme-a-paris-05-01-2019-7981521.php\" target=\"_blank\" class=\"\" rel=\"noreferrer noopener\">agress\u00e9 samedi matin \u00e0 mains nues un gendarme mobile<\/a>, sur la passerelle Leopold-S\u00e9dar-Senghor, avant de s\u2019attaquer \u00e0 coups de pied \u00e0 un autre militaire, sous les objectifs de plusieurs cam\u00e9ras pendant l\u2019<a href=\"http:\/\/videos.leparisien.fr\/video\/acte-8-des-gilets-jaunes-les-forces-de-l-ordre-evacuent-un-pont-a-paris-05-01-2019-x704e0q\" target=\"_blank\" class=\"\" rel=\"noreferrer noopener\">acte 8 des Gilets jaunes<\/a>. Ce lundi matin, le suspect s\u2019est pr\u00e9sent\u00e9 de lui-m\u00eame devant les enqu\u00eateurs de la s\u00fbret\u00e9 territoriale de Paris, a appris le Parisien aupr\u00e8s du parquets. L\u2019homme a \u00e9t\u00e9 aussit\u00f4t plac\u00e9 en garde \u00e0 vue.<\/p>\n\n\n\n<p>Un peu plus t\u00f4t, le ministre de l\u2019Int\u00e9rieur Christophe Castaner, en avait fait l\u2019annonce sur Twitter.<\/p>\n\n\n\n<p>D\u00e8s le samedi soir, l\u2019individu avait \u00e9t\u00e9 identifi\u00e9 par les services de la Direction op\u00e9rationnelle des services techniques et logistiques (Dostl). Les policiers \u00e9taient sur la piste d\u2019un boxeur professionnel, champion de France poids lourds-l\u00e9gers \u00e0 plusieurs reprises dans les ann\u00e9es 2000, Christophe Dettinger.<\/p>\n\n\n\n<p>Cette identification et sa qualit\u00e9 de boxeur professionnel donnaient un \u00e9clairage sur la mani\u00e8re dont le gendarme mobile avait \u00e9t\u00e9 rou\u00e9 de coups \u00e0 mains nues.<\/p>\n\n\n\n<p>Les faits sont survenus alors que l\u2019agresseur empruntait la passerelle, samedi vers 15 heures, avec un flot de Gilets jaunes qui tentaient de gagner l\u2019autre rive. Coiff\u00e9 d\u2019un bonnet sombre, il ne portait aucun gilet jaune ni sigle d\u2019appartenance \u00e0 un mouvement.<\/p>\n\n\n\n<p>Sur la vid\u00e9o, on le voyait s\u2019avancer, d\u00e9termin\u00e9, vers les gendarmes mobiles, qui reculaient en se prot\u00e9geant avec leurs boucliers. Puis il attaquait l\u2019un d\u2019eux, le frappant sur son bouclier et son casque. Sur d\u2019autres images, il s\u2019en prenait aussi \u00e0 un gendarme \u00e0 terre.<\/p>\n\n\n\n<p>Le premier gendarme a eu 2 jours d&rsquo;incapacit\u00e9 totale de travail et a port\u00e9 plainte. Le second s&rsquo;est vu prescrire 15 jours d&rsquo;ITT et a \u00e9galement port\u00e9 plainte.<\/p>\n","protected":false},"excerpt":{"rendered":"<p>L\u2019homme, qui s\u2019en \u00e9tait pris violemment \u00e0 deux gendarmes sur un pont parisien, avait rapidement \u00e9t\u00e9 identifi\u00e9. Habill\u00e9 de noir, les mains gant\u00e9es mais le visage \u00e0 d\u00e9couvert, il avait&nbsp;agress\u00e9 samedi matin \u00e0 mains nues un gendarme mobile, sur la passerelle Leopold-S\u00e9dar-Senghor, avant de s\u2019attaquer \u00e0 coups de pied \u00e0 un autre militaire, sous les [&hellip;]<\/p>\n","protected":false},"author":2,"featured_media":11125,"comment_status":"open","ping_status":"open","sticky":false,"template":"","format":"standard","meta":{"_jetpack_memberships_contains_paid_content":false,"footnotes":"","jetpack_publicize_message":"","jetpack_publicize_feature_enabled":true,"jetpack_social_post_already_shared":true,"jetpack_social_options":{"image_generator_settings":{"template":"highway","default_image_id":0,"font":"","enabled":false},"version":2},"_wpas_customize_per_network":false},"categories":[405],"tags":[],"class_list":["post-11124","post","type-post","status-publish","format-standard","has-post-thumbnail","hentry","category-actu-france-monde"],"jetpack_publicize_connections":[],"jetpack_featured_media_url":"https:\/\/i0.wp.com\/www.iceagetv.com\/radiosite\/wp-content\/uploads\/2019\/01\/Gilets-Jaunes-8-1.jpg?fit=1000%2C625&ssl=1","jetpack_sharing_enabled":true,"_links":{"self":[{"href":"https:\/\/www.iceagetv.com\/radiosite\/wp-json\/wp\/v2\/posts\/11124","targetHints":{"allow":["GET"]}}],"collection":[{"href":"https:\/\/www.iceagetv.com\/radiosite\/wp-json\/wp\/v2\/posts"}],"about":[{"href":"https:\/\/www.iceagetv.com\/radiosite\/wp-json\/wp\/v2\/types\/post"}],"author":[{"embeddable":true,"href":"https:\/\/www.iceagetv.com\/radiosite\/wp-json\/wp\/v2\/users\/2"}],"replies":[{"embeddable":true,"href":"https:\/\/www.iceagetv.com\/radiosite\/wp-json\/wp\/v2\/comments?post=11124"}],"version-history":[{"count":1,"href":"https:\/\/www.iceagetv.com\/radiosite\/wp-json\/wp\/v2\/posts\/11124\/revisions"}],"predecessor-version":[{"id":11126,"href":"https:\/\/www.iceagetv.com\/radiosite\/wp-json\/wp\/v2\/posts\/11124\/revisions\/11126"}],"wp:featuredmedia":[{"embeddable":true,"href":"https:\/\/www.iceagetv.com\/radiosite\/wp-json\/wp\/v2\/media\/11125"}],"wp:attachment":[{"href":"https:\/\/www.iceagetv.com\/radiosite\/wp-json\/wp\/v2\/media?parent=11124"}],"wp:term":[{"taxonomy":"category","embeddable":true,"href":"https:\/\/www.iceagetv.com\/radiosite\/wp-json\/wp\/v2\/categories?post=11124"},{"taxonomy":"post_tag","embeddable":true,"href":"https:\/\/www.iceagetv.com\/radiosite\/wp-json\/wp\/v2\/tags?post=11124"}],"curies":[{"name":"wp","href":"https:\/\/api.w.org\/{rel}","templated":true}]}}