{"id":11159,"date":"2019-01-10T19:39:30","date_gmt":"2019-01-10T19:39:30","guid":{"rendered":"http:\/\/www.iceagetv.com\/radiosite\/?p=11159"},"modified":"2019-01-10T19:39:38","modified_gmt":"2019-01-10T19:39:38","slug":"alexandre-benalla-vincent-crase-christophe-castaner-et-patrick-strzoda-a-nouveau-convoques-par-la-commission-des-lois-du-senat","status":"publish","type":"post","link":"https:\/\/www.iceagetv.com\/radiosite\/alexandre-benalla-vincent-crase-christophe-castaner-et-patrick-strzoda-a-nouveau-convoques-par-la-commission-des-lois-du-senat\/","title":{"rendered":"Alexandre Benalla, Vincent Crase, Christophe Castaner et Patrick Strzoda \u00e0 nouveau convoqu\u00e9s par la commission des lois du S\u00e9nat"},"content":{"rendered":"\n<p>L&rsquo;ancien charg\u00e9 de mission de l&rsquo;Elys\u00e9e se trouve \u00e0\u00a0nouveau dans la tourmente en raison de l&rsquo;utilisation de deux passeports diplomatiques lors de voyages \u00e0 l&rsquo;\u00e9tranger.<\/p>\n\n\n\n<p><a href=\"https:\/\/www.francetvinfo.fr\/politique\/emmanuel-macron\/agression-d-un-manifestant-par-un-collaborateur-de-l-elysee\/\" target=\"_blank\" rel=\"noreferrer noopener\">Alexandre Benalla<\/a>&nbsp;est \u00e0 nouveau r\u00e9clam\u00e9 par les s\u00e9nateurs. L&rsquo;ancien charg\u00e9 de mission de l&rsquo;Elys\u00e9e a \u00e9t\u00e9 convoqu\u00e9 pour une seconde audition lundi 21 janvier par la commission des lois du S\u00e9nat, a-t-on appris jeudi 10 janvier. Le gendarme r\u00e9serviste&nbsp;Vincent Crase, \u00e9galement mis en examen pour \u00ab\u00a0violences en r\u00e9union\u00a0\u00bb notamment, a \u00e9t\u00e9 convoqu\u00e9 \u00e0 la m\u00eame date.&nbsp;<\/p>\n\n\n\n<p>Les parlementaires ont en outre r\u00e9clam\u00e9 une nouvelle audition du ministre de l&rsquo;Int\u00e9rieur Christophe Castaner, et du directeur de cabinet du pr\u00e9sident de la R\u00e9publique Patrick Strzoda. En outre, la commission du S\u00e9nat a \u00e9galement convoqu\u00e9 pour audition mercredi le ministre des Affaires \u00e9trang\u00e8res Jean-Yves Le Drian, dans cette affaire qui porte \u00e9galement&nbsp;<a href=\"https:\/\/www.francetvinfo.fr\/politique\/emmanuel-macron\/agression-d-un-manifestant-par-un-collaborateur-de-l-elysee\/affaire-des-passeports-diplomatiques-trois-questions-sur-les-versions-contradictoires-de-l-elysee-et-d-alexandre-benalla_3121715.html\" target=\"_blank\" rel=\"noreferrer noopener\">sur les passeports diplomatiques<\/a>&nbsp;de l&rsquo;ex-collaborateur d&rsquo;Emmanuel Macron.<\/p>\n","protected":false},"excerpt":{"rendered":"<p>L&rsquo;ancien charg\u00e9 de mission de l&rsquo;Elys\u00e9e se trouve \u00e0\u00a0nouveau dans la tourmente en raison de l&rsquo;utilisation de deux passeports diplomatiques lors de voyages \u00e0 l&rsquo;\u00e9tranger. Alexandre Benalla&nbsp;est \u00e0 nouveau r\u00e9clam\u00e9 par les s\u00e9nateurs. L&rsquo;ancien charg\u00e9 de mission de l&rsquo;Elys\u00e9e a \u00e9t\u00e9 convoqu\u00e9 pour une seconde audition lundi 21 janvier par la commission des lois du [&hellip;]<\/p>\n","protected":false},"author":2,"featured_media":11160,"comment_status":"open","ping_status":"open","sticky":false,"template":"","format":"standard","meta":{"_jetpack_memberships_contains_paid_content":false,"footnotes":"","jetpack_publicize_message":"","jetpack_publicize_feature_enabled":true,"jetpack_social_post_already_shared":true,"jetpack_social_options":{"image_generator_settings":{"template":"highway","default_image_id":0,"font":"","enabled":false},"version":2},"_wpas_customize_per_network":false},"categories":[405],"tags":[2545,2605],"class_list":["post-11159","post","type-post","status-publish","format-standard","has-post-thumbnail","hentry","category-actu-france-monde","tag-alexandre-benalla","tag-vincent-crase"],"jetpack_publicize_connections":[],"jetpack_featured_media_url":"https:\/\/i0.wp.com\/www.iceagetv.com\/radiosite\/wp-content\/uploads\/2019\/01\/Alexandre-Benalla-Vincent-Crase-Christophe-Castaner-et-Patrick-Strzoda.jpg?fit=1197%2C450&ssl=1","jetpack_sharing_enabled":true,"_links":{"self":[{"href":"https:\/\/www.iceagetv.com\/radiosite\/wp-json\/wp\/v2\/posts\/11159","targetHints":{"allow":["GET"]}}],"collection":[{"href":"https:\/\/www.iceagetv.com\/radiosite\/wp-json\/wp\/v2\/posts"}],"about":[{"href":"https:\/\/www.iceagetv.com\/radiosite\/wp-json\/wp\/v2\/types\/post"}],"author":[{"embeddable":true,"href":"https:\/\/www.iceagetv.com\/radiosite\/wp-json\/wp\/v2\/users\/2"}],"replies":[{"embeddable":true,"href":"https:\/\/www.iceagetv.com\/radiosite\/wp-json\/wp\/v2\/comments?post=11159"}],"version-history":[{"count":1,"href":"https:\/\/www.iceagetv.com\/radiosite\/wp-json\/wp\/v2\/posts\/11159\/revisions"}],"predecessor-version":[{"id":11161,"href":"https:\/\/www.iceagetv.com\/radiosite\/wp-json\/wp\/v2\/posts\/11159\/revisions\/11161"}],"wp:featuredmedia":[{"embeddable":true,"href":"https:\/\/www.iceagetv.com\/radiosite\/wp-json\/wp\/v2\/media\/11160"}],"wp:attachment":[{"href":"https:\/\/www.iceagetv.com\/radiosite\/wp-json\/wp\/v2\/media?parent=11159"}],"wp:term":[{"taxonomy":"category","embeddable":true,"href":"https:\/\/www.iceagetv.com\/radiosite\/wp-json\/wp\/v2\/categories?post=11159"},{"taxonomy":"post_tag","embeddable":true,"href":"https:\/\/www.iceagetv.com\/radiosite\/wp-json\/wp\/v2\/tags?post=11159"}],"curies":[{"name":"wp","href":"https:\/\/api.w.org\/{rel}","templated":true}]}}