{"id":11162,"date":"2019-01-10T19:43:03","date_gmt":"2019-01-10T19:43:03","guid":{"rendered":"http:\/\/www.iceagetv.com\/radiosite\/?p=11162"},"modified":"2019-01-10T19:43:09","modified_gmt":"2019-01-10T19:43:09","slug":"tintin-un-jeune-homme-de-90-ans","status":"publish","type":"post","link":"https:\/\/www.iceagetv.com\/radiosite\/tintin-un-jeune-homme-de-90-ans\/","title":{"rendered":"Tintin, un jeune homme de 90 ans"},"content":{"rendered":"\n<p>Une version recoloris\u00e9e, et uniquement num\u00e9rique, de l\u2019album controvers\u00e9 \u00ab\u00a0Tintin au Congo\u00a0\u00bb est lanc\u00e9e \u00e0 l\u2019occasion de l\u2019anniversaire du h\u00e9ros \u00e0 la houppe.<\/p>\n\n\n\n<p>Nick Rodwell, le patron de Moulinsart SA, la soci\u00e9t\u00e9 de droit belge charg\u00e9e de l\u2019exploitation commerciale de l\u2019\u0153uvre d\u2019Herg\u00e9, s\u2019est cass\u00e9 la jambe en tombant d\u2019une \u00e9chelle, dans une forme d\u2019hommage au capitaine Haddock, lequel se retrouve immobilis\u00e9 par un pl\u00e2tre en raison d\u2019une marche d\u2019escalier d\u00e9fectueuse dans&nbsp;<em>Les Bijoux de la Castafiore<\/em>. Immobilis\u00e9, l\u2019\u00e9poux britannique de Fanny Vlamynck, la deuxi\u00e8me femme et veuve d\u2019Herg\u00e9, n\u2019a pu assister \u00e0 la conf\u00e9rence de pr\u00e9sentation du 90<sup>e<\/sup>&nbsp;anniversaire de Tintin, jeudi 10&nbsp;janvier \u00e0 Bruxelles.<\/p>\n\n\n\n<p>Les festivit\u00e9s n\u2019en ont pas moins \u00e9t\u00e9 lanc\u00e9es \u00e0 l\u2019h\u00f4tel de ville de la capitale belge, non loin de l\u00e0 o\u00f9 tout a commenc\u00e9, un 10\u00a0janvier 1929, dans les pages du\u00a0<em>XX<sup>e<\/sup>\u00a0Si\u00e8cle<\/em>, dirig\u00e9 par l\u2019abb\u00e9 Norbert Wallez, o\u00f9 le reporter et son fid\u00e8le Milou partaient enqu\u00eater au\u00a0<em>\u00ab\u00a0pays des Soviets\u00a0\u00bb<\/em>.<br>La principale annonce faite par Moulinsart concerne la nouvelle colorisation de\u00a0<em>Tintin au Congo<\/em>, deuxi\u00e8me volume de la s\u00e9rie, publi\u00e9 pour la premi\u00e8re fois en\u00a01931. Alors que l\u2019histoire a \u00e9t\u00e9 coloris\u00e9e d\u00e8s 1946, c\u2019est bien cette version originelle, en noir et blanc, qui a \u00e9t\u00e9 choisie par Moulinsart, dans la foul\u00e9e de la colorisation de\u00a0<em>Tintin au pays des Soviets<\/em>, propos\u00e9e en\u00a0janvier\u00a02017 en\u00a0co\u00e9dition avec l\u2019\u00e9diteur historique de la s\u00e9rie, Casterman.<\/p>\n\n\n\n<h2 class=\"wp-block-heading\">Caract\u00e8re raciste&nbsp;\u00bb<\/h2>\n\n\n\n<p>La maison d\u2019\u00e9dition franco-belge n\u2019a pas souhait\u00e9 s\u2019associer \u00e0 Moulinsart, cette fois-ci, craignant que soient raviv\u00e9es les nombreuses controverses qui accompagnent r\u00e9guli\u00e8rement&nbsp;<em>Tintin au Congo<\/em>. L\u2019album a \u00e9t\u00e9 l\u2019objet, en effet, de plusieurs recours en justice en raison de son caract\u00e8re raciste et de son contenu id\u00e9ologique, tr\u00e8s en phase avec l\u2019\u00e9poque de la colonisation.<\/p>\n\n\n\n<p>Casterman aurait souhait\u00e9 qu\u2019un\u00a0<em>\u00ab\u00a0appareil critique\u00a0\u00bb<\/em>, sous la forme d\u2019un dossier figurant \u00e0 l\u2019int\u00e9rieur de l\u2019album, accompagne une \u00e9dition papier de ce\u00a0<em>Tintin au Congo<\/em>\u00a0remani\u00e9. Cette nouvelle version \u2013 mise en couleur par le responsable des Studios Herg\u00e9, Michel Bareau, un ancien directeur artistique de Casterman \u2013 ne sera donc publi\u00e9e que num\u00e9riquement, Moulinsart ayant conserv\u00e9 la mainmise sur la commercialisation digitale de Tintin. Disponible en trois langues (anglais, fran\u00e7ais, n\u00e9erlandais), elle sera disponible dans l\u2019application \u00ab\u00a0Les Aventures de Tintin\u00a0\u00bb, sur l\u2019AppStore et Google Play Store.<\/p>\n\n\n\n<p>Plusieurs expositions devraient c\u00e9l\u00e9brer, par ailleurs, le 90<sup>e<\/sup>&nbsp;anniversaire du h\u00e9ros \u00e0 la houppe au cours de l\u2019ann\u00e9e 2019, \u00e0 Barcelone, Lisbonne ou encore S\u00e9oul. L\u2019arl\u00e9sienne d\u2019un deuxi\u00e8me film, r\u00e9alis\u00e9 par Peter Jackson, qui coproduisit&nbsp;<em>Le Secret de la licorne<\/em>, mis en sc\u00e8ne par Steven Spielberg en&nbsp;2011, est \u00e9galement r\u00e9apparue. Beno\u00eet Mouchart, le directeur \u00e9ditorial bande dessin\u00e9e de Casterman, a expliqu\u00e9 jeudi qu\u2019une<em>&nbsp;\u00ab&nbsp;option&nbsp;\u00bb<\/em>&nbsp;avait \u00e9t\u00e9 sign\u00e9e \u00e0 la fin de 2018 par le duo am\u00e9ricano-n\u00e9o-z\u00e9landais. Le deuxi\u00e8me volet pourrait \u00eatre une adaptation du diptyque&nbsp;<em>Les Sept Boules de cristal<\/em>&nbsp;et&nbsp;<em>Le Temple du soleil<\/em>, d\u2019apr\u00e8s Moulinsart qui esp\u00e8re une sortie en salles en&nbsp;2022.<\/p>\n\n\n\n<p>A noter que deux autres personnages iconiques de la bande dessin\u00e9e f\u00eateront un anniversaire d\u00e9cennal en&nbsp;2019&nbsp;: Batman (80&nbsp;ans) et Ast\u00e9rix (60&nbsp;ans). Le premier aura droit \u00e0 une grande exposition au prochain Festival international de la bande dessin\u00e9e d\u2019Angoul\u00eame (24&nbsp;au 27&nbsp;janvier). Le second conna\u00eetra une nouvelle aventure, en&nbsp;octobre, sous la plume de ses repreneurs, Jean-Yves Ferri (sc\u00e9nario) et Didier Conrad (dessin), n\u00e9s tous les deux en&nbsp;1959, comme le c\u00e9l\u00e8bre Gaulois.<\/p>\n","protected":false},"excerpt":{"rendered":"<p>Une version recoloris\u00e9e, et uniquement num\u00e9rique, de l\u2019album controvers\u00e9 \u00ab\u00a0Tintin au Congo\u00a0\u00bb est lanc\u00e9e \u00e0 l\u2019occasion de l\u2019anniversaire du h\u00e9ros \u00e0 la houppe. Nick Rodwell, le patron de Moulinsart SA, la soci\u00e9t\u00e9 de droit belge charg\u00e9e de l\u2019exploitation commerciale de l\u2019\u0153uvre d\u2019Herg\u00e9, s\u2019est cass\u00e9 la jambe en tombant d\u2019une \u00e9chelle, dans une forme d\u2019hommage au [&hellip;]<\/p>\n","protected":false},"author":2,"featured_media":11163,"comment_status":"open","ping_status":"open","sticky":false,"template":"","format":"standard","meta":{"_jetpack_memberships_contains_paid_content":false,"footnotes":"","jetpack_publicize_message":"","jetpack_publicize_feature_enabled":true,"jetpack_social_post_already_shared":true,"jetpack_social_options":{"image_generator_settings":{"template":"highway","default_image_id":0,"font":"","enabled":false},"version":2},"_wpas_customize_per_network":false},"categories":[68],"tags":[],"class_list":["post-11162","post","type-post","status-publish","format-standard","has-post-thumbnail","hentry","category-actu-culturelle"],"jetpack_publicize_connections":[],"jetpack_featured_media_url":"https:\/\/i0.wp.com\/www.iceagetv.com\/radiosite\/wp-content\/uploads\/2019\/01\/Tintin.jpg?fit=688%2C469&ssl=1","jetpack_sharing_enabled":true,"_links":{"self":[{"href":"https:\/\/www.iceagetv.com\/radiosite\/wp-json\/wp\/v2\/posts\/11162","targetHints":{"allow":["GET"]}}],"collection":[{"href":"https:\/\/www.iceagetv.com\/radiosite\/wp-json\/wp\/v2\/posts"}],"about":[{"href":"https:\/\/www.iceagetv.com\/radiosite\/wp-json\/wp\/v2\/types\/post"}],"author":[{"embeddable":true,"href":"https:\/\/www.iceagetv.com\/radiosite\/wp-json\/wp\/v2\/users\/2"}],"replies":[{"embeddable":true,"href":"https:\/\/www.iceagetv.com\/radiosite\/wp-json\/wp\/v2\/comments?post=11162"}],"version-history":[{"count":1,"href":"https:\/\/www.iceagetv.com\/radiosite\/wp-json\/wp\/v2\/posts\/11162\/revisions"}],"predecessor-version":[{"id":11164,"href":"https:\/\/www.iceagetv.com\/radiosite\/wp-json\/wp\/v2\/posts\/11162\/revisions\/11164"}],"wp:featuredmedia":[{"embeddable":true,"href":"https:\/\/www.iceagetv.com\/radiosite\/wp-json\/wp\/v2\/media\/11163"}],"wp:attachment":[{"href":"https:\/\/www.iceagetv.com\/radiosite\/wp-json\/wp\/v2\/media?parent=11162"}],"wp:term":[{"taxonomy":"category","embeddable":true,"href":"https:\/\/www.iceagetv.com\/radiosite\/wp-json\/wp\/v2\/categories?post=11162"},{"taxonomy":"post_tag","embeddable":true,"href":"https:\/\/www.iceagetv.com\/radiosite\/wp-json\/wp\/v2\/tags?post=11162"}],"curies":[{"name":"wp","href":"https:\/\/api.w.org\/{rel}","templated":true}]}}