{"id":11169,"date":"2019-01-11T12:20:15","date_gmt":"2019-01-11T12:20:15","guid":{"rendered":"http:\/\/www.iceagetv.com\/radiosite\/?p=11169"},"modified":"2019-01-11T12:20:18","modified_gmt":"2019-01-11T12:20:18","slug":"gilets-jaunes-la-prefecture-interdit-les-manifestations-samedi-dans-le-centre-ville-de-bourges","status":"publish","type":"post","link":"https:\/\/www.iceagetv.com\/radiosite\/gilets-jaunes-la-prefecture-interdit-les-manifestations-samedi-dans-le-centre-ville-de-bourges\/","title":{"rendered":"Gilets jaunes\u00a0\u00bb : la pr\u00e9fecture interdit les manifestations samedi dans le centre-ville de Bourges"},"content":{"rendered":"\n<p>La pr\u00e9fecture du Cher a interdit, vendredi 11 janvier, tout rassemblement des&nbsp;<a href=\"https:\/\/www.francetvinfo.fr\/economie\/transports\/gilets-jaunes\/\" target=\"_blank\" rel=\"noreferrer noopener\">\u00ab\u00a0gilets jaunes\u00a0\u00bb<\/a>&nbsp;samedi dans le centre-ville de Bourges. Des figures du mouvement&nbsp;<a href=\"https:\/\/www.facebook.com\/events\/1835152186595002\/?active_tab=about\" target=\"_blank\" rel=\"noreferrer noopener\">ont appel\u00e9<\/a>&nbsp;sur la page Facebook intitul\u00e9e \u00ab\u00a0La France en col\u00e8re\u00a0\u00bb les manifestants \u00e0 se retrouver dans la ville en raison de son emplacement g\u00e9ographique au centre de la France.<\/p>\n\n\n\n<p><em>\u00ab\u00a0Une proposition de parcours excluant le centre-ville a \u00e9t\u00e9 act\u00e9e<\/em>\u00a0[avec une d\u00e9l\u00e9gation de quatre \u00ab\u00a0gilets jaunes\u00a0\u00bb]<em>, il n&rsquo;en reste pas moins que leur position ne refl\u00e8te pas forc\u00e9ment les intentions de tous les manifestants et que cette manifestation n&rsquo;est pas officiellement d\u00e9clar\u00e9e\u00a0\u00bb<\/em>, \u00e9crit la pr\u00e9fecture dans son arr\u00eat\u00e9.<br>Selon la pr\u00e9f\u00e8te Catherine Ferrier, interrog\u00e9e sur BFMTV, cet arr\u00eat\u00e9 ne concerne que le<em>\u00a0\u00ab\u00a0centre historique\u00a0\u00bb<\/em>\u00a0de Bourges\u00a0pour permettre \u00e0 la manifestation\u00a0<em>\u00ab\u00a0qui se veut pacifique avec notamment la CGT, de circuler en dehors, sur les boulevards qui entourent la ville\u00a0\u00bb.<\/em><\/p>\n","protected":false},"excerpt":{"rendered":"<p>La pr\u00e9fecture du Cher a interdit, vendredi 11 janvier, tout rassemblement des&nbsp;\u00ab\u00a0gilets jaunes\u00a0\u00bb&nbsp;samedi dans le centre-ville de Bourges. Des figures du mouvement&nbsp;ont appel\u00e9&nbsp;sur la page Facebook intitul\u00e9e \u00ab\u00a0La France en col\u00e8re\u00a0\u00bb les manifestants \u00e0 se retrouver dans la ville en raison de son emplacement g\u00e9ographique au centre de la France. \u00ab\u00a0Une proposition de parcours excluant [&hellip;]<\/p>\n","protected":false},"author":2,"featured_media":11170,"comment_status":"open","ping_status":"open","sticky":false,"template":"","format":"standard","meta":{"_jetpack_memberships_contains_paid_content":false,"footnotes":"","jetpack_publicize_message":"","jetpack_publicize_feature_enabled":true,"jetpack_social_post_already_shared":true,"jetpack_social_options":{"image_generator_settings":{"template":"highway","default_image_id":0,"font":"","enabled":false},"version":2},"_wpas_customize_per_network":false},"categories":[405],"tags":[],"class_list":["post-11169","post","type-post","status-publish","format-standard","has-post-thumbnail","hentry","category-actu-france-monde"],"jetpack_publicize_connections":[],"jetpack_featured_media_url":"https:\/\/i0.wp.com\/www.iceagetv.com\/radiosite\/wp-content\/uploads\/2019\/01\/Gilets-jaunes-bourges.jpg?fit=1200%2C450&ssl=1","jetpack_sharing_enabled":true,"_links":{"self":[{"href":"https:\/\/www.iceagetv.com\/radiosite\/wp-json\/wp\/v2\/posts\/11169","targetHints":{"allow":["GET"]}}],"collection":[{"href":"https:\/\/www.iceagetv.com\/radiosite\/wp-json\/wp\/v2\/posts"}],"about":[{"href":"https:\/\/www.iceagetv.com\/radiosite\/wp-json\/wp\/v2\/types\/post"}],"author":[{"embeddable":true,"href":"https:\/\/www.iceagetv.com\/radiosite\/wp-json\/wp\/v2\/users\/2"}],"replies":[{"embeddable":true,"href":"https:\/\/www.iceagetv.com\/radiosite\/wp-json\/wp\/v2\/comments?post=11169"}],"version-history":[{"count":1,"href":"https:\/\/www.iceagetv.com\/radiosite\/wp-json\/wp\/v2\/posts\/11169\/revisions"}],"predecessor-version":[{"id":11171,"href":"https:\/\/www.iceagetv.com\/radiosite\/wp-json\/wp\/v2\/posts\/11169\/revisions\/11171"}],"wp:featuredmedia":[{"embeddable":true,"href":"https:\/\/www.iceagetv.com\/radiosite\/wp-json\/wp\/v2\/media\/11170"}],"wp:attachment":[{"href":"https:\/\/www.iceagetv.com\/radiosite\/wp-json\/wp\/v2\/media?parent=11169"}],"wp:term":[{"taxonomy":"category","embeddable":true,"href":"https:\/\/www.iceagetv.com\/radiosite\/wp-json\/wp\/v2\/categories?post=11169"},{"taxonomy":"post_tag","embeddable":true,"href":"https:\/\/www.iceagetv.com\/radiosite\/wp-json\/wp\/v2\/tags?post=11169"}],"curies":[{"name":"wp","href":"https:\/\/api.w.org\/{rel}","templated":true}]}}