{"id":11204,"date":"2019-01-15T18:58:12","date_gmt":"2019-01-15T18:58:12","guid":{"rendered":"http:\/\/www.iceagetv.com\/radiosite\/?p=11204"},"modified":"2019-01-15T18:58:21","modified_gmt":"2019-01-15T18:58:21","slug":"emmanuel-macron-et-les-gens-qui-deconnent-la-politique-est-un-apprentissage-difficile","status":"publish","type":"post","link":"https:\/\/www.iceagetv.com\/radiosite\/emmanuel-macron-et-les-gens-qui-deconnent-la-politique-est-un-apprentissage-difficile\/","title":{"rendered":"Emmanuel Macron et les \u00ab\u00a0gens qui d\u00e9connent\u00a0\u00bb : la politique est \u00ab\u00a0un apprentissage difficile\u00a0\u00bb"},"content":{"rendered":"\n<p>Les&nbsp;<a href=\"https:\/\/www.francetvinfo.fr\/politique\/emmanuel-macron\/il-y-en-a-qui-deconnent-emmanuel-macron-veut-davantage-responsabiliser-les-gens-en-situation-de-difficulte_3146113.html\" target=\"_blank\" rel=\"noreferrer noopener\">propos d&rsquo;Emmanuel Macron<\/a>, mardi 15 janvier, font r\u00e9agir \u00e0 gauche comme \u00e0 droite.&nbsp;<em>\u00ab\u00a0Les gens en situation de difficult\u00e9, on va davantage les responsabiliser car il y en a qui font bien et il y en a qui d\u00e9connent\u00a0\u00bb<\/em>, a affirm\u00e9 le chef de l&rsquo;\u00c9tat lors d&rsquo;une&nbsp;<a href=\"https:\/\/www.francetvinfo.fr\/economie\/transports\/gilets-jaunes\/deplacement-surprise-d-emmanuel-macron-a-gasny-dans-l-eure_3145911.html\" target=\"_blank\" rel=\"noreferrer noopener\">visite surprise<\/a>&nbsp;mardi, \u00e0 la mairie de Gasny (Eure), avant de donner le coup d&rsquo;envoi du&nbsp;<a href=\"https:\/\/www.francetvinfo.fr\/politique\/grand-debat-national\/\" target=\"_blank\" rel=\"noreferrer noopener\">grand d\u00e9bat national<\/a>. Une phrase qui n&rsquo;est pas pass\u00e9e inaper\u00e7ue, notamment \u00e0 l&rsquo;Assembl\u00e9e nationale.<\/p>\n\n\n\n<p>Le d\u00e9put\u00e9 de la majorit\u00e9, Bruno Bonnell, est g\u00ean\u00e9 :&nbsp;<em>\u00ab\u00a0Non, le pr\u00e9sident n&rsquo;a certainement pas dit &lsquo;il y a des pauvres qui d\u00e9connent&rsquo;, j&rsquo;attends de voir un peu. S&rsquo;il l&rsquo;a dit, je verrai ce que \u00e7a veut dire. Ceci dit, je ne pense pas que c&rsquo;\u00e9tait dans cette dynamique que la phrase a \u00e9t\u00e9 dite. Il faut absolument que les gens comprennent qu&rsquo;ils sont tous une partie de la solution, il faut qu&rsquo;ils soient responsabilis\u00e9s \u00e0 cette transformation de la France.\u00a0\u00bb<\/em><\/p>\n\n\n\n<p><em>Cette fa\u00e7on de toujours renvoyer la balle dans le m\u00eame sens, de laisser penser que l&rsquo;abus est toujours du c\u00f4t\u00e9 des plus pauvres, est insupportable.<\/em>Olivier Faure (PS)<em>\u00e0 franceinfo<\/em><\/p>\n\n\n\n<p>Si, du c\u00f4t\u00e9 de la majorit\u00e9, on tente tant bien que mal de justifier cette nouvelle sortie pr\u00e9sidentielle, dans les oppositions c&rsquo;est un tir nourri contre le m\u00e9pris de classe dont ferait preuve Emmanuel Macron.&nbsp;<em>\u00ab\u00a0J&rsquo;ai envie de r\u00e9pondre au pr\u00e9sident &lsquo;il y a des riches qui sont de vrais citoyens et puis il y a des riches qui d\u00e9connent, et qui d\u00e9connent gravement'\u00a0\u00bb<\/em>, lance Olivier Faure, le premier secr\u00e9taire du Parti socialiste.<\/p>\n\n\n\n<p>Fran\u00e7ois-Michel Lambert, lui, a quitt\u00e9 les d\u00e9put\u00e9s de La R\u00e9publique en marche en octobre, pour cr\u00e9er un nouveau groupe \u00e0 l&rsquo;Assembl\u00e9e Libert\u00e9s et territoires, plaide pour le chef de l&rsquo;\u00c9tat le manque d&rsquo;exp\u00e9rience.&nbsp;<em>\u00ab\u00a0La politique est un apprentissage difficile de la parole, chacun doit apprendre, y compris quand on a un peu plus de 40 ans et qu&rsquo;on est pr\u00e9sident de la R\u00e9publique.\u00a0\u00bb<\/em><\/p>\n","protected":false},"excerpt":{"rendered":"<p>Les&nbsp;propos d&rsquo;Emmanuel Macron, mardi 15 janvier, font r\u00e9agir \u00e0 gauche comme \u00e0 droite.&nbsp;\u00ab\u00a0Les gens en situation de difficult\u00e9, on va davantage les responsabiliser car il y en a qui font bien et il y en a qui d\u00e9connent\u00a0\u00bb, a affirm\u00e9 le chef de l&rsquo;\u00c9tat lors d&rsquo;une&nbsp;visite surprise&nbsp;mardi, \u00e0 la mairie de Gasny (Eure), avant de [&hellip;]<\/p>\n","protected":false},"author":2,"featured_media":11205,"comment_status":"open","ping_status":"open","sticky":false,"template":"","format":"standard","meta":{"_jetpack_memberships_contains_paid_content":false,"footnotes":"","jetpack_publicize_message":"","jetpack_publicize_feature_enabled":true,"jetpack_social_post_already_shared":true,"jetpack_social_options":{"image_generator_settings":{"template":"highway","default_image_id":0,"font":"","enabled":false},"version":2},"_wpas_customize_per_network":false},"categories":[405],"tags":[],"class_list":["post-11204","post","type-post","status-publish","format-standard","has-post-thumbnail","hentry","category-actu-france-monde"],"jetpack_publicize_connections":[],"jetpack_featured_media_url":"https:\/\/i0.wp.com\/www.iceagetv.com\/radiosite\/wp-content\/uploads\/2019\/01\/Emmanuel-Macron-4.jpg?fit=1197%2C450&ssl=1","jetpack_sharing_enabled":true,"_links":{"self":[{"href":"https:\/\/www.iceagetv.com\/radiosite\/wp-json\/wp\/v2\/posts\/11204","targetHints":{"allow":["GET"]}}],"collection":[{"href":"https:\/\/www.iceagetv.com\/radiosite\/wp-json\/wp\/v2\/posts"}],"about":[{"href":"https:\/\/www.iceagetv.com\/radiosite\/wp-json\/wp\/v2\/types\/post"}],"author":[{"embeddable":true,"href":"https:\/\/www.iceagetv.com\/radiosite\/wp-json\/wp\/v2\/users\/2"}],"replies":[{"embeddable":true,"href":"https:\/\/www.iceagetv.com\/radiosite\/wp-json\/wp\/v2\/comments?post=11204"}],"version-history":[{"count":1,"href":"https:\/\/www.iceagetv.com\/radiosite\/wp-json\/wp\/v2\/posts\/11204\/revisions"}],"predecessor-version":[{"id":11206,"href":"https:\/\/www.iceagetv.com\/radiosite\/wp-json\/wp\/v2\/posts\/11204\/revisions\/11206"}],"wp:featuredmedia":[{"embeddable":true,"href":"https:\/\/www.iceagetv.com\/radiosite\/wp-json\/wp\/v2\/media\/11205"}],"wp:attachment":[{"href":"https:\/\/www.iceagetv.com\/radiosite\/wp-json\/wp\/v2\/media?parent=11204"}],"wp:term":[{"taxonomy":"category","embeddable":true,"href":"https:\/\/www.iceagetv.com\/radiosite\/wp-json\/wp\/v2\/categories?post=11204"},{"taxonomy":"post_tag","embeddable":true,"href":"https:\/\/www.iceagetv.com\/radiosite\/wp-json\/wp\/v2\/tags?post=11204"}],"curies":[{"name":"wp","href":"https:\/\/api.w.org\/{rel}","templated":true}]}}