{"id":11259,"date":"2019-01-20T16:07:55","date_gmt":"2019-01-20T16:07:55","guid":{"rendered":"http:\/\/www.iceagetv.com\/radiosite\/?p=11259"},"modified":"2019-01-20T16:08:02","modified_gmt":"2019-01-20T16:08:02","slug":"courchevel-deux-morts-et-quatre-blesses-graves-dans-lincendie-dun-batiment-hebergeant-des-saisonniers","status":"publish","type":"post","link":"https:\/\/www.iceagetv.com\/radiosite\/courchevel-deux-morts-et-quatre-blesses-graves-dans-lincendie-dun-batiment-hebergeant-des-saisonniers\/","title":{"rendered":"Courchevel : deux morts et quatre bless\u00e9s graves dans l&rsquo;incendie d&rsquo;un b\u00e2timent h\u00e9bergeant des saisonniers"},"content":{"rendered":"\n<p>Deux personnes sont mortes et&nbsp;quatre&nbsp;autres ont \u00e9t\u00e9 bless\u00e9es gri\u00e8vement dimanche 20 janvier, au matin, dans l&rsquo;incendie d&rsquo;un b\u00e2timent de trois \u00e9tages h\u00e9bergeant des saisonniers \u00e0 Courchevel, en Savoie, rapporte&nbsp;<a href=\"https:\/\/www.francebleu.fr\/infos\/faits-divers-justice\/courchevel-un-incendie-au-centre-de-la-station-fait-cinq-blesses-1547965838\" target=\"_blank\" rel=\"noreferrer noopener\">France Bleu Pays de Savoie<\/a>. La pr\u00e9fecture&nbsp;indique qu&rsquo;il y a \u00e9galement 18 bless\u00e9s plus l\u00e9gers.<\/p>\n\n\n\n<p>Le feu s&rsquo;est d\u00e9clar\u00e9 vers 4h30 au troisi\u00e8me et dernier \u00e9tage d&rsquo;un immeuble h\u00e9bergeant des saisonniers \u00e0 Courchevel. La raison est encore inconnue. Les flammes se sont&nbsp;<em>\u00ab\u00a0propag\u00e9es de mani\u00e8re extr\u00eamement rapide, ce qui a amen\u00e9 un certain nombre d&rsquo;occupants \u00e0 r\u00e9agir en urgence et \u00e0 sauter par les fen\u00eatres pour sauver leur vie\u00a0\u00bb<\/em>, a expliqu\u00e9 sur franceinfo Fr\u00e9d\u00e9ric Loiseau, le sous-pr\u00e9fet d&rsquo;Albertville, tout en pr\u00e9cisant qu&rsquo;une enqu\u00eate allait \u00eatre ouverte<em>&nbsp;\u00ab\u00a0sous l&rsquo;autorit\u00e9 du procureur de la R\u00e9publique\u00a0\u00bb<\/em>&nbsp;pour d\u00e9terminer les circonstances du drame.<\/p>\n\n\n\n<h2 class=\"wp-block-heading\">Le pronostic vital des bless\u00e9s graves \u00ab\u00a0pas engag\u00e9\u00a0\u00bb<\/h2>\n\n\n\n<p>Le pronostic vital des quatre bless\u00e9s graves&nbsp;<em>\u00ab\u00a0n&rsquo;est pas engag\u00e9\u00a0\u00bb<\/em>, selon le sous-pr\u00e9fet, qui a pr\u00e9cis\u00e9 que l&rsquo;identification des deux victimes d\u00e9couvertes&nbsp;<em>\u00ab\u00a0sous les d\u00e9combres\u00a0\u00bb<\/em>&nbsp;\u00e9tait en cours.<\/p>\n\n\n\n<p>Une soixantaine de personnes ont par ailleurs d\u00fb \u00eatre \u00e9vacu\u00e9es et mises \u00e0 l&rsquo;abri dans une salle communale. Plus de&nbsp;130 sapeurs-pompiers ont \u00e9t\u00e9 mobilis\u00e9s pour lutter contre les flammes.&nbsp;Un num\u00e9ro vert d&rsquo;information pour les familles a \u00e9t\u00e9 mis en place par la mairie de Courchevel&nbsp;: 0 800&nbsp;008&nbsp;902.<\/p>\n\n\n\n<h2 class=\"wp-block-heading\">\u00ab\u00a0Toute la station est boulevers\u00e9e\u00a0\u00bb<\/h2>\n\n\n\n<p><em>\u00ab\u00a0Toute la station est boulevers\u00e9e, tr\u00e8s attrist\u00e9e, par cet incendie tragique\u00a0\u00bb,<\/em>&nbsp;a r\u00e9agi dimanche sur franceinfo Philippe Mugnier, le maire de Courchevel.&nbsp;Pour l&rsquo;\u00e9dile,&nbsp;<em>\u00ab\u00a0difficile \u00e0 dire\u00a0\u00bb<\/em>&nbsp;dans quel \u00e9tat se trouvait le b\u00e2timent.<em>&nbsp;\u00ab\u00a0C&rsquo;est un \u00e9tablissement qui est exploit\u00e9 par un socio-professionnel de la station. Il avait d&rsquo;ailleurs engag\u00e9 une proc\u00e9dure de r\u00e9novation du b\u00e2timent,<\/em>&nbsp;il a d\u00e9pos\u00e9 une demande de permis de construire en d\u00e9cembre 2018 et ce permis de construire est en cours d&rsquo;instruction dans nos services.<em>Ce projet devait se r\u00e9aliser d\u00e8s le printemps prochain\u00a0\u00bb, a-t-il pr\u00e9cis\u00e9.<\/em><\/p>\n\n\n\n<p>Philippe Mugnier a \u00e9galement insist\u00e9 sur la solidarit\u00e9 qui s&rsquo;est mise en place rapidement dans la commune :<em>&nbsp;\u00ab\u00a0J&rsquo;ai eu de tr\u00e8s nombreux appels d&rsquo;h\u00e9bergeurs, d&rsquo;h\u00f4teliers, d&rsquo;habitants, il y a une tr\u00e8s grande solidarit\u00e9 dans la station. Une collecte est en cours pour des v\u00eatements, des produits d&rsquo;hygi\u00e8ne.\u00a0\u00bb<\/em><\/p>\n","protected":false},"excerpt":{"rendered":"<p>Deux personnes sont mortes et&nbsp;quatre&nbsp;autres ont \u00e9t\u00e9 bless\u00e9es gri\u00e8vement dimanche 20 janvier, au matin, dans l&rsquo;incendie d&rsquo;un b\u00e2timent de trois \u00e9tages h\u00e9bergeant des saisonniers \u00e0 Courchevel, en Savoie, rapporte&nbsp;France Bleu Pays de Savoie. La pr\u00e9fecture&nbsp;indique qu&rsquo;il y a \u00e9galement 18 bless\u00e9s plus l\u00e9gers. Le feu s&rsquo;est d\u00e9clar\u00e9 vers 4h30 au troisi\u00e8me et dernier \u00e9tage d&rsquo;un [&hellip;]<\/p>\n","protected":false},"author":2,"featured_media":11260,"comment_status":"open","ping_status":"open","sticky":false,"template":"","format":"standard","meta":{"_jetpack_memberships_contains_paid_content":false,"footnotes":"","jetpack_publicize_message":"","jetpack_publicize_feature_enabled":true,"jetpack_social_post_already_shared":true,"jetpack_social_options":{"image_generator_settings":{"template":"highway","default_image_id":0,"font":"","enabled":false},"version":2},"_wpas_customize_per_network":false},"categories":[405],"tags":[],"class_list":["post-11259","post","type-post","status-publish","format-standard","has-post-thumbnail","hentry","category-actu-france-monde"],"jetpack_publicize_connections":[],"jetpack_featured_media_url":"https:\/\/i0.wp.com\/www.iceagetv.com\/radiosite\/wp-content\/uploads\/2019\/01\/Courchevel.jpg?fit=1200%2C450&ssl=1","jetpack_sharing_enabled":true,"_links":{"self":[{"href":"https:\/\/www.iceagetv.com\/radiosite\/wp-json\/wp\/v2\/posts\/11259","targetHints":{"allow":["GET"]}}],"collection":[{"href":"https:\/\/www.iceagetv.com\/radiosite\/wp-json\/wp\/v2\/posts"}],"about":[{"href":"https:\/\/www.iceagetv.com\/radiosite\/wp-json\/wp\/v2\/types\/post"}],"author":[{"embeddable":true,"href":"https:\/\/www.iceagetv.com\/radiosite\/wp-json\/wp\/v2\/users\/2"}],"replies":[{"embeddable":true,"href":"https:\/\/www.iceagetv.com\/radiosite\/wp-json\/wp\/v2\/comments?post=11259"}],"version-history":[{"count":1,"href":"https:\/\/www.iceagetv.com\/radiosite\/wp-json\/wp\/v2\/posts\/11259\/revisions"}],"predecessor-version":[{"id":11261,"href":"https:\/\/www.iceagetv.com\/radiosite\/wp-json\/wp\/v2\/posts\/11259\/revisions\/11261"}],"wp:featuredmedia":[{"embeddable":true,"href":"https:\/\/www.iceagetv.com\/radiosite\/wp-json\/wp\/v2\/media\/11260"}],"wp:attachment":[{"href":"https:\/\/www.iceagetv.com\/radiosite\/wp-json\/wp\/v2\/media?parent=11259"}],"wp:term":[{"taxonomy":"category","embeddable":true,"href":"https:\/\/www.iceagetv.com\/radiosite\/wp-json\/wp\/v2\/categories?post=11259"},{"taxonomy":"post_tag","embeddable":true,"href":"https:\/\/www.iceagetv.com\/radiosite\/wp-json\/wp\/v2\/tags?post=11259"}],"curies":[{"name":"wp","href":"https:\/\/api.w.org\/{rel}","templated":true}]}}