{"id":11268,"date":"2019-01-20T16:55:18","date_gmt":"2019-01-20T16:55:18","guid":{"rendered":"http:\/\/www.iceagetv.com\/radiosite\/?p=11268"},"modified":"2019-01-20T16:55:25","modified_gmt":"2019-01-20T16:55:25","slug":"coupe-du-monde-clement-noel-remporte-a-wengen-sa-premiere-victoire","status":"publish","type":"post","link":"https:\/\/www.iceagetv.com\/radiosite\/coupe-du-monde-clement-noel-remporte-a-wengen-sa-premiere-victoire\/","title":{"rendered":"Coupe du monde : Cl\u00e9ment No\u00ebl remporte \u00e0 Wengen sa premi\u00e8re victoire"},"content":{"rendered":"\n<h2 class=\"wp-block-heading\">Sorti de la premi\u00e8re manche du slalom de Wengen avec le meilleur temps, Cl\u00e9ment No\u00ebl a r\u00e9sist\u00e9 \u00e0 la pression en remportant sa premi\u00e8re victoire en Coupe du monde \u00e0 21 ans, devant les Autrichiens Manuel Feller et Marcel Hirscher<\/h2>\n\n\n\n<h2 class=\"wp-block-heading\" id=\"mce_1\">C&rsquo;est un grand gar\u00e7on tr\u00e8s press\u00e9. Tellement press\u00e9 que les autres ont d\u00e9j\u00e0 du mal \u00e0 suivre. Du haut de son 1,91 m, Cl\u00e9ment No\u00ebl a remport\u00e9 \u00e0 Wengen sa premi\u00e8re victoire en Coupe du monde, une semaine apr\u00e8s \u00eatre mont\u00e9 pour la premi\u00e8re fois sur le podium, en \u00e9tant\u00a0<a rel=\"noreferrer noopener\" href=\"https:\/\/www.lequipe.fr\/Ski\/Actualites\/Adelboden-premier-podium-pour-clement-noel-sur-le-slalom-marcel-hirscher-encore-vainqueur\/977108\" target=\"_blank\">deuxi\u00e8me \u00e0 Adelboden<\/a>, \u00e0 quelques dizaines de kilom\u00e8tres de l\u00e0.\u00a0<em>\u00ab La Suisse me r\u00e9ussit bien,<\/em>\u00a0a convenu le Vosgien de naissance, licenci\u00e9 aujourd&rsquo;hui \u00e0 Val d&rsquo;Is\u00e8re.\u00a0<em>C&rsquo;est une semaine incroyable. \u00bb<\/em><\/h2>\n","protected":false},"excerpt":{"rendered":"<p>Sorti de la premi\u00e8re manche du slalom de Wengen avec le meilleur temps, Cl\u00e9ment No\u00ebl a r\u00e9sist\u00e9 \u00e0 la pression en remportant sa premi\u00e8re victoire en Coupe du monde \u00e0 21 ans, devant les Autrichiens Manuel Feller et Marcel Hirscher C&rsquo;est un grand gar\u00e7on tr\u00e8s press\u00e9. Tellement press\u00e9 que les autres ont d\u00e9j\u00e0 du mal [&hellip;]<\/p>\n","protected":false},"author":2,"featured_media":11269,"comment_status":"open","ping_status":"open","sticky":false,"template":"","format":"standard","meta":{"_jetpack_memberships_contains_paid_content":false,"footnotes":"","jetpack_publicize_message":"","jetpack_publicize_feature_enabled":true,"jetpack_social_post_already_shared":true,"jetpack_social_options":{"image_generator_settings":{"template":"highway","default_image_id":0,"font":"","enabled":false},"version":2},"_wpas_customize_per_network":false},"categories":[18],"tags":[],"class_list":["post-11268","post","type-post","status-publish","format-standard","has-post-thumbnail","hentry","category-actu-sport"],"jetpack_publicize_connections":[],"jetpack_featured_media_url":"https:\/\/i0.wp.com\/www.iceagetv.com\/radiosite\/wp-content\/uploads\/2019\/01\/Cl%C3%A9ment-No%C3%ABl.jpg?fit=1950%2C1096&ssl=1","jetpack_sharing_enabled":true,"_links":{"self":[{"href":"https:\/\/www.iceagetv.com\/radiosite\/wp-json\/wp\/v2\/posts\/11268","targetHints":{"allow":["GET"]}}],"collection":[{"href":"https:\/\/www.iceagetv.com\/radiosite\/wp-json\/wp\/v2\/posts"}],"about":[{"href":"https:\/\/www.iceagetv.com\/radiosite\/wp-json\/wp\/v2\/types\/post"}],"author":[{"embeddable":true,"href":"https:\/\/www.iceagetv.com\/radiosite\/wp-json\/wp\/v2\/users\/2"}],"replies":[{"embeddable":true,"href":"https:\/\/www.iceagetv.com\/radiosite\/wp-json\/wp\/v2\/comments?post=11268"}],"version-history":[{"count":1,"href":"https:\/\/www.iceagetv.com\/radiosite\/wp-json\/wp\/v2\/posts\/11268\/revisions"}],"predecessor-version":[{"id":11270,"href":"https:\/\/www.iceagetv.com\/radiosite\/wp-json\/wp\/v2\/posts\/11268\/revisions\/11270"}],"wp:featuredmedia":[{"embeddable":true,"href":"https:\/\/www.iceagetv.com\/radiosite\/wp-json\/wp\/v2\/media\/11269"}],"wp:attachment":[{"href":"https:\/\/www.iceagetv.com\/radiosite\/wp-json\/wp\/v2\/media?parent=11268"}],"wp:term":[{"taxonomy":"category","embeddable":true,"href":"https:\/\/www.iceagetv.com\/radiosite\/wp-json\/wp\/v2\/categories?post=11268"},{"taxonomy":"post_tag","embeddable":true,"href":"https:\/\/www.iceagetv.com\/radiosite\/wp-json\/wp\/v2\/tags?post=11268"}],"curies":[{"name":"wp","href":"https:\/\/api.w.org\/{rel}","templated":true}]}}